{"id":15928,"date":"2024-08-16T18:00:00","date_gmt":"2024-08-16T21:00:00","guid":{"rendered":"https:\/\/noticiasdestaque.com.br\/index.php\/2024\/08\/16\/previsao-do-tempo-sabado-17-com-alerta-para-baixa-umidade-no-norte\/"},"modified":"2024-08-16T18:00:00","modified_gmt":"2024-08-16T21:00:00","slug":"previsao-do-tempo-sabado-17-com-alerta-para-baixa-umidade-no-norte","status":"publish","type":"post","link":"https:\/\/noticiasdestaque.com.br\/index.php\/2024\/08\/16\/previsao-do-tempo-sabado-17-com-alerta-para-baixa-umidade-no-norte\/","title":{"rendered":"PREVIS\u00c3O DO TEMPO: s\u00e1bado (17) com alerta para baixa umidade no Norte"},"content":{"rendered":"<p>\t\t\t\t\t\t\t\t\t\t<audio controls class=\"b61_audio_player\" data-noticia=\"74287\" src=\"https:\/\/brasil61.com\/rails\/active_storage\/blobs\/eyJfcmFpbHMiOnsibWVzc2FnZSI6IkJBaHBBNnJ3QWc9PSIsImV4cCI6bnVsbCwicHVyIjoiYmxvYl9pZCJ9fQ==--4475afacd69fab0277e4ea769ae31514146176ef\/PTRN244067A\"><\/audio><\/p>\n<p><strong>Avisos meteorol\u00f3gicos<\/strong><\/p>\n<p>O Instituto Nacional de Meteorologia (Inmet) alerta para perigo potencial de baixa umidade no Par\u00e1, Rond\u00f4nia e Tocantins, atingindo cidades como Marab\u00e1 (PA), Cerejeiras (RO) e Aragua\u00edna (TO).<\/p>\n<p><strong>Confira agora a previs\u00e3o do tempo no seu estado.\u00a0<\/strong><\/p>\n<p><strong>Acre<\/strong><\/p>\n<p>O s\u00e1bado (17) come\u00e7a com tempo encoberto e sem chuvas em todo o Acre. Durante a tarde, h\u00e1 possibilidade de chuva no Vale do Juru\u00e1 e na microrregi\u00e3o de Sena Madureira. \u00c0 noite, a possibilidade de chuva se espalha por todo o Acre.\u00a0<\/p>\n<p><strong>Amap\u00e1<\/strong><\/p>\n<p>O dia come\u00e7a com tempo encoberto e sem chuvas em todo o Amap\u00e1. Durante a tarde, h\u00e1 possibilidade de chuva no norte e nas cidades de Macap\u00e1, Itaubal e Ferreira Gomes. \u00c0 noite, h\u00e1 possibilidade de chuva em quase todo o Amap\u00e1, com exce\u00e7\u00e3o dos munic\u00edpios de Laranjal do Jari e Vit\u00f3ria do Jari.\u00a0<\/p>\n<p><strong>Amazonas<\/strong><\/p>\n<p>O s\u00e1bado (17) come\u00e7a com chuvas isoladas nas cidades de S\u00e3o Gabriel da Cachoeira e Japur\u00e1. Possibilidade de chuva nas demais localidades do norte e sudoeste amazonense. Durante a tarde, as chuvas s\u00e3o fortes e acompanhadas por trovoadas isoladas no norte e sudoeste. Possibilidade de chuva no centro amazonense, microrregi\u00f5es de Boca do Acre e Purus. \u00c0 noite, as fortes chuvas continuam apenas no norte. Possibilidade de chuva no sudoeste e sul.\u00a0<\/p>\n<p><strong>Par\u00e1<\/strong><\/p>\n<p>O dia come\u00e7a com varia\u00e7\u00e3o de nuvens e sem chuvas em todo o Par\u00e1. Durante a tarde, h\u00e1 possibilidade de chuva na metropolitana de Bel\u00e9m, microrregi\u00f5es de \u00d3bidos, Furos de Breves, Arari, Bragantina, Salgado e Guam\u00e1. \u00c0 noite, h\u00e1 possibilidade de chuva apenas na metropolitana de Bel\u00e9m, microrregi\u00f5es de Furos de Breves, Arari e Salgado.<\/p>\n<p><strong>Rond\u00f4nia<\/strong><\/p>\n<p>Este s\u00e1bado (17) come\u00e7a com varia\u00e7\u00e3o de nuvens e sem chuvas em todo o estado de Rond\u00f4nia. Durante a tarde, poucas nuvens em todo o estado. \u00c0 noite, h\u00e1 possibilidade de chuva na Madeira-Guapor\u00e9.\u00a0<\/p>\n<p><strong>Roraima<\/strong><\/p>\n<p>O dia come\u00e7a com possibilidade de chuva em quase todo o estado, com exce\u00e7\u00e3o das cidades de Caroebe, Rorain\u00f3polis, S\u00e3o Luiz e S\u00e3o Jo\u00e3o da Baliza. Pancadas de chuva acompanhadas por trovoadas isoladas em quase todo o estado, exceto nas cidades de S\u00e3o Luiz, Caroebe e S\u00e3o Jo\u00e3o da Baliza.\u00a0<\/p>\n<p><strong>Tocantins<\/strong><\/p>\n<p>A previs\u00e3o \u00e9 de varia\u00e7\u00e3o de nuvens e sem chuvas durante o dia e \u00e0 noite.\u00a0<\/p>\n<p><strong>Temperatura m\u00ednima e m\u00e1xima na regi\u00e3o<\/strong><\/p>\n<p>A temperatura m\u00ednima fica em torno de 15\u00b0C, no munic\u00edpio de Amajari, em Roraima, e a m\u00e1xima prevista \u00e9 de 40\u00b0C, em Vilhena, em Rond\u00f4nia. A umidade relativa do ar varia entre 20% e 95%.<\/p>\n<p>As informa\u00e7\u00f5es s\u00e3o do Instituto Nacional de Meteorologia.<\/p>\n<p>\u00a0<\/p>\n<p>\t\t\t\t\t\t\t\t\t<img loading=\"lazy\" decoding=\"async\" src=\"https:\/\/brasil61.com\/api\/v1\/serve_pixel\/17677\/74287\" alt=\"Pixel Brasil 61\" class=\"b61_pixel\" width=\"0\" height=\"0\"><\/p>\n<input type=\"hidden\" id=\"baseurl\" value=\"https:\/\/noticiasdestaque.com.br\"><input type=\"hidden\" id=\"audio_nonce\" value=\"6a24ca502e\">","protected":false},"excerpt":{"rendered":"<p>A temperatura pode variar entre 15\u00baC e 40\u00baC<\/p>\n","protected":false},"author":1,"featured_media":15929,"comment_status":"open","ping_status":"open","sticky":false,"template":"","format":"standard","meta":{"fifu_image_url":"","fifu_image_alt":"","footnotes":""},"categories":[58],"tags":[],"class_list":["post-15928","post","type-post","status-publish","format-standard","has-post-thumbnail","hentry","category-cotidiano"],"distributor_meta":false,"distributor_terms":false,"distributor_media":false,"distributor_original_site_name":"Noticias em Destaque","distributor_original_site_url":"https:\/\/noticiasdestaque.com.br","push-errors":false,"_links":{"self":[{"href":"https:\/\/noticiasdestaque.com.br\/index.php\/wp-json\/wp\/v2\/posts\/15928","targetHints":{"allow":["GET"]}}],"collection":[{"href":"https:\/\/noticiasdestaque.com.br\/index.php\/wp-json\/wp\/v2\/posts"}],"about":[{"href":"https:\/\/noticiasdestaque.com.br\/index.php\/wp-json\/wp\/v2\/types\/post"}],"author":[{"embeddable":true,"href":"https:\/\/noticiasdestaque.com.br\/index.php\/wp-json\/wp\/v2\/users\/1"}],"replies":[{"embeddable":true,"href":"https:\/\/noticiasdestaque.com.br\/index.php\/wp-json\/wp\/v2\/comments?post=15928"}],"version-history":[{"count":0,"href":"https:\/\/noticiasdestaque.com.br\/index.php\/wp-json\/wp\/v2\/posts\/15928\/revisions"}],"wp:featuredmedia":[{"embeddable":true,"href":"https:\/\/noticiasdestaque.com.br\/index.php\/wp-json\/wp\/v2\/media\/15929"}],"wp:attachment":[{"href":"https:\/\/noticiasdestaque.com.br\/index.php\/wp-json\/wp\/v2\/media?parent=15928"}],"wp:term":[{"taxonomy":"category","embeddable":true,"href":"https:\/\/noticiasdestaque.com.br\/index.php\/wp-json\/wp\/v2\/categories?post=15928"},{"taxonomy":"post_tag","embeddable":true,"href":"https:\/\/noticiasdestaque.com.br\/index.php\/wp-json\/wp\/v2\/tags?post=15928"}],"curies":[{"name":"wp","href":"https:\/\/api.w.org\/{rel}","templated":true}]}}