{"id":15924,"date":"2024-08-16T18:00:00","date_gmt":"2024-08-16T21:00:00","guid":{"rendered":"https:\/\/noticiasdestaque.com.br\/index.php\/2024\/08\/16\/previsao-do-tempo-sabado-17-com-alerta-para-onda-de-calor-no-sul\/"},"modified":"2024-08-16T18:00:00","modified_gmt":"2024-08-16T21:00:00","slug":"previsao-do-tempo-sabado-17-com-alerta-para-onda-de-calor-no-sul","status":"publish","type":"post","link":"https:\/\/noticiasdestaque.com.br\/index.php\/2024\/08\/16\/previsao-do-tempo-sabado-17-com-alerta-para-onda-de-calor-no-sul\/","title":{"rendered":"PREVIS\u00c3O DO TEMPO: s\u00e1bado (17) com alerta para onda de calor no Sul"},"content":{"rendered":"<p>\t\t\t\t\t\t\t\t\t\t<audio controls class=\"b61_audio_player\" data-noticia=\"74284\" src=\"https:\/\/brasil61.com\/rails\/active_storage\/blobs\/eyJfcmFpbHMiOnsibWVzc2FnZSI6IkJBaHBBNS93QWc9PSIsImV4cCI6bnVsbCwicHVyIjoiYmxvYl9pZCJ9fQ==--a1144dd5840a6e83b7fc61b86fd98b502971ee02\/PTRS243641A\"><\/audio><\/p>\n<p>S\u00e1bado (17) com alerta para onda de calor em todo o Sul e chuvas apenas no Rio Grande do Sul.<\/p>\n<p><strong>Avisos meteorol\u00f3gicos<\/strong><\/p>\n<p>O Instituto Nacional de Meteorologia (Inmet) alerta para perigo potencial de onda de calor no Paran\u00e1, Santa Catarina e Rio Grande do Sul, atingindo cidades como Ivaipor\u00e3 (PR), Chapec\u00f3 (SC) e Iju\u00ed (RS).<\/p>\n<p><strong>Paran\u00e1<\/strong><\/p>\n<p>O s\u00e1bado (17) come\u00e7a com tempo encoberto apenas na microrregi\u00e3o de Paranagu\u00e1. Poucas nuvens nas demais regi\u00f5es do estado. Durante a tarde e \u00e0 noite, poucas nuvens em todo o Paran\u00e1.<\/p>\n<p><strong>Santa Catarina<\/strong><\/p>\n<p>A previs\u00e3o \u00e9 de varia\u00e7\u00e3o de nuvens em todo o estado de Santa Catarina durante o dia e \u00e0 noite.\u00a0<\/p>\n<p><strong>Rio Grande do Sul\u00a0<\/strong><\/p>\n<p>Neste s\u00e1bado (17), o dia come\u00e7a com possibilidade de chuva no sudeste ga\u00facho. Nas demais regi\u00f5es do estado, tempo encoberto. Durante a tarde, as chuvas s\u00e3o fortes no sudeste ga\u00facho, na Campanha Meridional e Central. Possibilidade de chuva na Campanha Ocidental, microrregi\u00f5es de Santa Maria, Restinga Seca e Cachoeira do Sul. \u00c0 noite, as precipita\u00e7\u00f5es continuam fortes no sudeste e s\u00e3o uma possibilidade na Campanha Central, Meridional, Camaqu\u00e3, Os\u00f3rio, Porto Alegre e S\u00e3o Jer\u00f4nimo. \u00a0\u00a0 \u00a0<\/p>\n<p><strong>Temperatura m\u00ednima e m\u00e1xima na regi\u00e3o<\/strong><\/p>\n<p>A temperatura m\u00ednima fica em torno de 8\u00b0C, no munic\u00edpio de Santa Vit\u00f3ria do Palmar, no Rio Grande do Sul \u2014 e a m\u00e1xima prevista \u00e9 de 35\u00baC, na cidade de Terra Rica, no Paran\u00e1. A umidade relativa do ar varia entre 20% e 90%.<\/p>\n<p>As informa\u00e7\u00f5es s\u00e3o do Instituto Nacional de Meteorologia.<\/p>\n<p>\u00a0<\/p>\n<p>\t\t\t\t\t\t\t\t\t<img loading=\"lazy\" decoding=\"async\" src=\"https:\/\/brasil61.com\/api\/v1\/serve_pixel\/17677\/74284\" alt=\"Pixel Brasil 61\" class=\"b61_pixel\" width=\"0\" height=\"0\"><\/p>\n<input type=\"hidden\" id=\"baseurl\" value=\"https:\/\/noticiasdestaque.com.br\"><input type=\"hidden\" id=\"audio_nonce\" value=\"6a24ca502e\">","protected":false},"excerpt":{"rendered":"<p>A temperatura pode variar entre 8\u00baC e 35\u00baC<\/p>\n","protected":false},"author":1,"featured_media":15925,"comment_status":"open","ping_status":"open","sticky":false,"template":"","format":"standard","meta":{"fifu_image_url":"","fifu_image_alt":"","footnotes":""},"categories":[58],"tags":[],"class_list":["post-15924","post","type-post","status-publish","format-standard","has-post-thumbnail","hentry","category-cotidiano"],"distributor_meta":false,"distributor_terms":false,"distributor_media":false,"distributor_original_site_name":"Noticias em Destaque","distributor_original_site_url":"https:\/\/noticiasdestaque.com.br","push-errors":false,"_links":{"self":[{"href":"https:\/\/noticiasdestaque.com.br\/index.php\/wp-json\/wp\/v2\/posts\/15924","targetHints":{"allow":["GET"]}}],"collection":[{"href":"https:\/\/noticiasdestaque.com.br\/index.php\/wp-json\/wp\/v2\/posts"}],"about":[{"href":"https:\/\/noticiasdestaque.com.br\/index.php\/wp-json\/wp\/v2\/types\/post"}],"author":[{"embeddable":true,"href":"https:\/\/noticiasdestaque.com.br\/index.php\/wp-json\/wp\/v2\/users\/1"}],"replies":[{"embeddable":true,"href":"https:\/\/noticiasdestaque.com.br\/index.php\/wp-json\/wp\/v2\/comments?post=15924"}],"version-history":[{"count":0,"href":"https:\/\/noticiasdestaque.com.br\/index.php\/wp-json\/wp\/v2\/posts\/15924\/revisions"}],"wp:featuredmedia":[{"embeddable":true,"href":"https:\/\/noticiasdestaque.com.br\/index.php\/wp-json\/wp\/v2\/media\/15925"}],"wp:attachment":[{"href":"https:\/\/noticiasdestaque.com.br\/index.php\/wp-json\/wp\/v2\/media?parent=15924"}],"wp:term":[{"taxonomy":"category","embeddable":true,"href":"https:\/\/noticiasdestaque.com.br\/index.php\/wp-json\/wp\/v2\/categories?post=15924"},{"taxonomy":"post_tag","embeddable":true,"href":"https:\/\/noticiasdestaque.com.br\/index.php\/wp-json\/wp\/v2\/tags?post=15924"}],"curies":[{"name":"wp","href":"https:\/\/api.w.org\/{rel}","templated":true}]}}