{"id":15907,"date":"2024-08-16T03:00:00","date_gmt":"2024-08-16T06:00:00","guid":{"rendered":"https:\/\/noticiasdestaque.com.br\/index.php\/2024\/08\/16\/inflacao-desacelera-em-julho-para-familias-de-baixa-renda-mas-sobe-para-demais-classes\/"},"modified":"2024-08-17T05:38:34","modified_gmt":"2024-08-17T08:38:34","slug":"inflacao-desacelera-em-julho-para-familias-de-baixa-renda-mas-sobe-para-demais-classes","status":"publish","type":"post","link":"https:\/\/noticiasdestaque.com.br\/index.php\/2024\/08\/16\/inflacao-desacelera-em-julho-para-familias-de-baixa-renda-mas-sobe-para-demais-classes\/","title":{"rendered":"Infla\u00e7\u00e3o desacelera em julho para fam\u00edlias de baixa renda, mas sobe para demais classes"},"content":{"rendered":"<a class=\"wp-embedded-audio\" href=\"https:\/\/brasil61.com\/rails\/active_storage\/blobs\/eyJfcmFpbHMiOnsibWVzc2FnZSI6IkJBaHBBNFB3QWc9PSIsImV4cCI6bnVsbCwicHVyIjoiYmxvYl9pZCJ9fQ==--c09789626eb61e6a491d7a5437afd2c0dbd7381d\/BRAS2412410A\">https:\/\/brasil61.com\/rails\/active_storage\/blobs\/eyJfcmFpbHMiOnsibWVzc2FnZSI6IkJBaHBBNFB3QWc9PSIsImV4cCI6bnVsbCwicHVyIjoiYmxvYl9pZCJ9fQ==--c09789626eb61e6a491d7a5437afd2c0dbd7381d\/BRAS2412410A<\/a>\n<p>A taxa de infla\u00e7\u00e3o desacelerou em julho para as fam\u00edlias de renda baixa ou muito baixa, mas subiu para as demais classes na compara\u00e7\u00e3o com o m\u00eas anterior. A informa\u00e7\u00e3o \u00e9 do Indicador Ipea de Infla\u00e7\u00e3o por Faixa de Renda, divulgado pelo Instituto de Pesquisa Econ\u00f4mica Aplicada.<\/p>\n<p>Em julho, a taxa de infla\u00e7\u00e3o ficou em 0,8% para as fam\u00edlias de renda alta, frente aos 0,04% registrados em junho. J\u00e1 entre as fam\u00edlias de renda baixa e muito baixa, os <a href=\"https:\/\/www.clinicavivavida.com.br\/\">\u00edndices<\/a> foram de 0,18% e 0,09% no m\u00eas passado, respectivamente \u2014 uma queda em compara\u00e7\u00e3o aos 0,29% de junho.<\/p>\n<p>O levantamento do Ipea tamb\u00e9m mostra que as fam\u00edlias de renda muito baixa seguem com a menor taxa de infla\u00e7\u00e3o acumulada em 12 meses (4,05%), enquanto para quem tem renda alta, a taxa \u00e9 a mais elevada no per\u00edodo (5,09%).<\/p>\n<p>O presidente do Sindicato dos Economistas no Estado de S\u00e3o Paulo (SINDECON-SP) Carlos Eduardo Oliveira Junior explica a diferen\u00e7a dos indicadores de infla\u00e7\u00e3o entre as classes sociais no pa\u00eds.<\/p>\n<p>\u201cA desacelera\u00e7\u00e3o da infla\u00e7\u00e3o para as fam\u00edlias de renda mais baixa, em julho, pode ser explicada por uma combina\u00e7\u00e3o de fatores. Itens de consumo essenciais experimentaram uma redu\u00e7\u00e3o de pre\u00e7o e estabilidade, o que impacta mais diretamente nessas fam\u00edlias. Por outro lado, a eleva\u00e7\u00e3o da infla\u00e7\u00e3o para as classes de renda mais alta pode estar relacionada ao encarecimento de bens e servi\u00e7os que t\u00eam maior peso nos padr\u00f5es de consumo, como produtos e servi\u00e7os de maior valor agregado, educa\u00e7\u00e3o, viagens.\u201d<\/p>\n<p>As principais quedas nos pre\u00e7os foram observadas no grupo de alimentos e bebidas, como cereais (-0,77%), tub\u00e9rculos (-16,3%), frutas (-2,8%), aves e ovos (-0,65%) e leites e derivados (-0,41%). Essas redu\u00e7\u00f5es causaram forte al\u00edvio inflacion\u00e1rio, principalmente, para as fam\u00edlias de menor poder aquisitivo que gastam a maior parte do or\u00e7amento na compra desses bens.<\/p>\n<p>J\u00e1 o aumento de pre\u00e7os da conta de energia el\u00e9trica (1,9%), devido \u00e0 ado\u00e7\u00e3o da bandeira tarif\u00e1ria amarela, e do g\u00e1s de botij\u00e3o (1,2%) explicam a contribui\u00e7\u00e3o do grupo habita\u00e7\u00e3o para o aumento inflacion\u00e1rio de julho, especialmente para as fam\u00edlias de renda mais baixa.<\/p>\n<p>As fam\u00edlias de renda alta, por sua vez, foram mais atingidas pelos reajustes de 3,3% dos combust\u00edveis, de 4,4% do seguro veicular e de 19,4% das passagens a\u00e9reas. O aumento do pre\u00e7o de servi\u00e7os pessoais (0,55%) e de lazer (0,52%) tamb\u00e9m contribu\u00edram com a press\u00e3o inflacion\u00e1ria para pessoas com maior poder aquisitivo.<\/p>\n<p>Na compara\u00e7\u00e3o com julho de 2023, o Ipea revela um avan\u00e7o da infla\u00e7\u00e3o para todas as faixas de renda, com impacto mais intenso entre as fam\u00edlias de renda muito baixa. Nesse mesmo per\u00edodo do ano passado, esse perfil de renda registrou uma defla\u00e7\u00e3o de 0,28%, frente \u00e0 infla\u00e7\u00e3o de 0,09% desse ano.<\/p>\n<p>Para conferir os detalhes do Indicador Ipea de Infla\u00e7\u00e3o por Faixa de Renda, acesse o <a href=\"https:\/\/www.ipea.gov.br\/cartadeconjuntura\/index.php\/category\/inflacao\/\" target=\"_blank\" rel=\"noopener\">link<\/a>.<\/p>\n<p><strong><a href=\"https:\/\/brasil61.com\/n\/apos-sequencia-de-desvalorizacao-dolar-obteve-alta-bras2412407\" target=\"_blank\" rel=\"noopener\">Ap\u00f3s sequ\u00eancia de desvaloriza\u00e7\u00e3o, d\u00f3lar obteve alta<\/a><\/strong><\/p>\n<p><strong><a href=\"https:\/\/brasil61.com\/n\/ibovespa-esta-cotado-a-133-3-mil-pontos-bras2412406\" target=\"_blank\" rel=\"noopener\">Ibovespa est\u00e1 cotado a 133,3 mil pontos<\/a><\/strong><\/p>\n<p><img loading=\"lazy\" decoding=\"async\" class=\"b61_pixel\" src=\"https:\/\/brasil61.com\/api\/v1\/serve_pixel\/17677\/74258\" alt=\"Pixel Brasil 61\" width=\"0\" height=\"0\"><\/p>\n<input type=\"hidden\" id=\"baseurl\" value=\"https:\/\/noticiasdestaque.com.br\"><input type=\"hidden\" id=\"audio_nonce\" value=\"6f73a554f1\">","protected":false},"excerpt":{"rendered":"<p>Segundo Ipea, a taxa de infla\u00e7\u00e3o ficou em 0,09% para as fam\u00edlias de renda muito baixa, 0,18% para as de renda baixa e 0,8% para as de renda alta<\/p>\n","protected":false},"author":1,"featured_media":15908,"comment_status":"open","ping_status":"open","sticky":false,"template":"","format":"standard","meta":{"fifu_image_url":"","fifu_image_alt":"","footnotes":""},"categories":[59],"tags":[],"class_list":["post-15907","post","type-post","status-publish","format-standard","has-post-thumbnail","hentry","category-economia"],"distributor_meta":false,"distributor_terms":false,"distributor_media":false,"distributor_original_site_name":"Noticias em Destaque","distributor_original_site_url":"https:\/\/noticiasdestaque.com.br","push-errors":false,"_links":{"self":[{"href":"https:\/\/noticiasdestaque.com.br\/index.php\/wp-json\/wp\/v2\/posts\/15907","targetHints":{"allow":["GET"]}}],"collection":[{"href":"https:\/\/noticiasdestaque.com.br\/index.php\/wp-json\/wp\/v2\/posts"}],"about":[{"href":"https:\/\/noticiasdestaque.com.br\/index.php\/wp-json\/wp\/v2\/types\/post"}],"author":[{"embeddable":true,"href":"https:\/\/noticiasdestaque.com.br\/index.php\/wp-json\/wp\/v2\/users\/1"}],"replies":[{"embeddable":true,"href":"https:\/\/noticiasdestaque.com.br\/index.php\/wp-json\/wp\/v2\/comments?post=15907"}],"version-history":[{"count":1,"href":"https:\/\/noticiasdestaque.com.br\/index.php\/wp-json\/wp\/v2\/posts\/15907\/revisions"}],"predecessor-version":[{"id":15913,"href":"https:\/\/noticiasdestaque.com.br\/index.php\/wp-json\/wp\/v2\/posts\/15907\/revisions\/15913"}],"wp:featuredmedia":[{"embeddable":true,"href":"https:\/\/noticiasdestaque.com.br\/index.php\/wp-json\/wp\/v2\/media\/15908"}],"wp:attachment":[{"href":"https:\/\/noticiasdestaque.com.br\/index.php\/wp-json\/wp\/v2\/media?parent=15907"}],"wp:term":[{"taxonomy":"category","embeddable":true,"href":"https:\/\/noticiasdestaque.com.br\/index.php\/wp-json\/wp\/v2\/categories?post=15907"},{"taxonomy":"post_tag","embeddable":true,"href":"https:\/\/noticiasdestaque.com.br\/index.php\/wp-json\/wp\/v2\/tags?post=15907"}],"curies":[{"name":"wp","href":"https:\/\/api.w.org\/{rel}","templated":true}]}}