{"id":15895,"date":"2024-08-11T03:00:00","date_gmt":"2024-08-11T06:00:00","guid":{"rendered":"https:\/\/noticiasdestaque.com.br\/index.php\/2024\/08\/11\/infogripe-cresce-numero-de-internacoes-de-idosos-por-covid-19\/"},"modified":"2024-08-11T03:00:00","modified_gmt":"2024-08-11T06:00:00","slug":"infogripe-cresce-numero-de-internacoes-de-idosos-por-covid-19","status":"publish","type":"post","link":"https:\/\/noticiasdestaque.com.br\/index.php\/2024\/08\/11\/infogripe-cresce-numero-de-internacoes-de-idosos-por-covid-19\/","title":{"rendered":"InfoGripe: cresce n\u00famero de interna\u00e7\u00f5es de idosos por Covid-19"},"content":{"rendered":"<p>\t\t\t\t\t\t\t\t\t\t<audio controls class=\"b61_audio_player\" data-noticia=\"74066\" src=\"https:\/\/brasil61.com\/rails\/active_storage\/blobs\/eyJfcmFpbHMiOnsibWVzc2FnZSI6IkJBaHBBM251QWc9PSIsImV4cCI6bnVsbCwicHVyIjoiYmxvYl9pZCJ9fQ==--843cce2e3070d07267d4833c3c1b74724e80422d\/BRAS2412350A\"><\/audio><\/p>\n<p>Cresce o n\u00famero de interna\u00e7\u00f5es por S\u00edndrome Respirat\u00f3ria Aguda Grave (SRAG), associada \u00e0 Covid-19, entre os idosos nos estados do Amazonas, Goi\u00e1s, Mato Grosso do Sul e S\u00e3o Paulo. A informa\u00e7\u00e3o \u00e9 do mais recente Boletim InfoGripe da Funda\u00e7\u00e3o Oswaldo Cruz (Fiocruz) divulgado nesta sexta-feira (9). Em alguns estados do Nordeste \u2014 como Cear\u00e1, Pernambuco e Piau\u00ed \u2014, apesar de n\u00e3o haver aumento de interna\u00e7\u00f5es entre os idosos, a maioria das interna\u00e7\u00f5es registradas nas \u00faltimas semanas foi causada pela Covid-19.\u00a0<\/p>\n<p>A pesquisadora do Programa de Computa\u00e7\u00e3o Cient\u00edfica da Fiocruz (Procc) e do Boletim InfoGripe Tatiana Portella deixa o alerta para que as autoridades de sa\u00fade reforcem os cuidados, especialmente nessas regi\u00f5es.<\/p>\n<p>\u201cDiante desse cen\u00e1rio, fica o alerta para que hospitais e unidades sentinelas de s\u00edndrome gripal dessas regi\u00f5es fiquem atentos, reforcem a aten\u00e7\u00e3o para qualquer sinal de aumento expressivo de circula\u00e7\u00e3o da Covid-19 nessas regi\u00f5es. A gente tamb\u00e9m refor\u00e7a a import\u00e2ncia da vacina\u00e7\u00e3o contra a Covid-19, principalmente nos grupos priorit\u00e1rios, como os idosos.\u201d<\/p>\n<h2>Estados e capitais<\/h2>\n<p>A longo prazo, tr\u00eas estados apresentam tend\u00eancia de crescimento de SRAG: Bahia, Minas Gerais e Rio Grande do Sul. Na Bahia, o aumento se concentra em crian\u00e7as e adolescentes de at\u00e9 14 anos e est\u00e1 relacionado ao rinov\u00edrus. Em Minas, o crescimento dos casos de SRAG est\u00e1 associado ao v\u00edrus da gripe (influenza) e, no Rio Grande do Sul, \u00e0 influenza e ao v\u00edrus sincicial respirat\u00f3rio (VSR).<\/p>\n<p>Entre as capitais, seis apresentaram sinal de crescimento de SRAG: Campo Grande (MS), Goi\u00e2nia (GO), Porto Alegre (RS), Salvador (BA), Teresina (PI), e Florian\u00f3polis (SC).<\/p>\n<p>Ao longo de 2024 at\u00e9 o fechamento da pesquisa em 3 de agosto, foram notificados 108.657 casos de SRAG. Desses, 48,8% tiveram resultado laboratorial positivo para algum v\u00edrus respirat\u00f3rio e 38,9% negativos. Dentre os positivos, 19,2% s\u00e3o de influenza A; 0,5% de influenza B; 44,1% de VSR; e 17,8% de coronav\u00edrus.\u00a0<\/p>\n<p>A an\u00e1lise do Boletim InfoGripe referente \u00e0 Semana Epidemiol\u00f3gica 31 tem como base os dados inseridos no Sistema de Informa\u00e7\u00e3o da Vigil\u00e2ncia Epidemiol\u00f3gica da Gripe \u00a0entre 28 de julho e 3 de agosto deste ano.<\/p>\n<p>Confira outros detalhes no <a href=\"https:\/\/agencia.fiocruz.br\/infogripe-aumentam-internacoes-de-idosos-por-covid-19\" target=\"_blank\" rel=\"noopener\">link<\/a>.<\/p>\n<p><strong><a href=\"https:\/\/brasil61.com\/n\/ministerio-da-saude-confirma-primeiras-mortes-por-febre-oropouche-no-brasil-bras2412232\" target=\"_blank\" rel=\"noopener\">Minist\u00e9rio da sa\u00fade confirma primeiras mortes por febre oropouche no Brasil<\/a><\/strong><\/p>\n<p><strong><a href=\"https:\/\/brasil61.com\/n\/poliomielite-entenda-por-que-a-oms-recomenda-95-de-cobertura-vacinal-poli240036\" target=\"_blank\" rel=\"noopener\">POLIOMIELITE: entenda por que a OMS recomenda 95% de cobertura vacinal<\/a><\/strong><\/p>\n<p>\t\t\t\t\t\t\t\t\t<img loading=\"lazy\" decoding=\"async\" src=\"https:\/\/brasil61.com\/api\/v1\/serve_pixel\/17677\/74066\" alt=\"Pixel Brasil 61\" class=\"b61_pixel\" width=\"0\" height=\"0\"><\/p>\n<input type=\"hidden\" id=\"baseurl\" value=\"https:\/\/noticiasdestaque.com.br\"><input type=\"hidden\" id=\"audio_nonce\" value=\"6a24ca502e\">","protected":false},"excerpt":{"rendered":"<p>Boletim InfoGripe da Fiocruz mostra aumento de interna\u00e7\u00f5es entre idosos no AM, GO, MS e SP. Em estados do Nordeste, a maioria das hospitaliza\u00e7\u00f5es foi causada pela Covid-19<\/p>\n","protected":false},"author":1,"featured_media":15896,"comment_status":"open","ping_status":"open","sticky":false,"template":"","format":"standard","meta":{"fifu_image_url":"","fifu_image_alt":"","footnotes":""},"categories":[51],"tags":[],"class_list":["post-15895","post","type-post","status-publish","format-standard","has-post-thumbnail","hentry","category-saude"],"distributor_meta":false,"distributor_terms":false,"distributor_media":false,"distributor_original_site_name":"Noticias em Destaque","distributor_original_site_url":"https:\/\/noticiasdestaque.com.br","push-errors":false,"_links":{"self":[{"href":"https:\/\/noticiasdestaque.com.br\/index.php\/wp-json\/wp\/v2\/posts\/15895","targetHints":{"allow":["GET"]}}],"collection":[{"href":"https:\/\/noticiasdestaque.com.br\/index.php\/wp-json\/wp\/v2\/posts"}],"about":[{"href":"https:\/\/noticiasdestaque.com.br\/index.php\/wp-json\/wp\/v2\/types\/post"}],"author":[{"embeddable":true,"href":"https:\/\/noticiasdestaque.com.br\/index.php\/wp-json\/wp\/v2\/users\/1"}],"replies":[{"embeddable":true,"href":"https:\/\/noticiasdestaque.com.br\/index.php\/wp-json\/wp\/v2\/comments?post=15895"}],"version-history":[{"count":0,"href":"https:\/\/noticiasdestaque.com.br\/index.php\/wp-json\/wp\/v2\/posts\/15895\/revisions"}],"wp:featuredmedia":[{"embeddable":true,"href":"https:\/\/noticiasdestaque.com.br\/index.php\/wp-json\/wp\/v2\/media\/15896"}],"wp:attachment":[{"href":"https:\/\/noticiasdestaque.com.br\/index.php\/wp-json\/wp\/v2\/media?parent=15895"}],"wp:term":[{"taxonomy":"category","embeddable":true,"href":"https:\/\/noticiasdestaque.com.br\/index.php\/wp-json\/wp\/v2\/categories?post=15895"},{"taxonomy":"post_tag","embeddable":true,"href":"https:\/\/noticiasdestaque.com.br\/index.php\/wp-json\/wp\/v2\/tags?post=15895"}],"curies":[{"name":"wp","href":"https:\/\/api.w.org\/{rel}","templated":true}]}}