{"id":15893,"date":"2024-08-10T03:00:00","date_gmt":"2024-08-10T06:00:00","guid":{"rendered":"https:\/\/noticiasdestaque.com.br\/index.php\/2024\/08\/10\/covid-19-brasil-registra-alta-de-415-na-media-movel-de-casos\/"},"modified":"2024-08-10T03:00:00","modified_gmt":"2024-08-10T06:00:00","slug":"covid-19-brasil-registra-alta-de-415-na-media-movel-de-casos","status":"publish","type":"post","link":"https:\/\/noticiasdestaque.com.br\/index.php\/2024\/08\/10\/covid-19-brasil-registra-alta-de-415-na-media-movel-de-casos\/","title":{"rendered":"COVID-19: Brasil registra alta de 4,15% na m\u00e9dia m\u00f3vel de casos"},"content":{"rendered":"<p>\t\t\t\t\t\t\t\t\t\t<audio controls class=\"b61_audio_player\" data-noticia=\"74064\" src=\"https:\/\/brasil61.com\/rails\/active_storage\/blobs\/eyJfcmFpbHMiOnsibWVzc2FnZSI6IkJBaHBBM0h1QWc9PSIsImV4cCI6bnVsbCwicHVyIjoiYmxvYl9pZCJ9fQ==--1a450a01bb74ccff8e9bbc8dfb03c31bc061d308\/BRAS2412349A\"><\/audio><\/p>\n<p>Em 2024, foram notificados 643.211 casos e 4.143 \u00f3bitos por Covid-19 no Brasil. A informa\u00e7\u00e3o \u00e9 do mais recente informe <a href=\"https:\/\/www.gov.br\/saude\/pt-br\/assuntos\/covid-19\/atualizacao-de-casos\/informe-se-31-de-2024.pdf\/view\" target=\"_blank\" rel=\"noopener\">\u201cVigil\u00e2ncia das S\u00edndromes Gripais\u201d<\/a> do Minist\u00e9rio da Sa\u00fade, com dados da Semana Epidemiol\u00f3gica 31, que encerrou em 3 de agosto. S\u00f3 na \u00faltima semana, foram contabilizados 3.914 casos, uma alta de 4,15% na m\u00e9dia m\u00f3vel de casos na compara\u00e7\u00e3o com a SE 30. J\u00e1 os \u00f3bitos registraram queda de 1,2% na m\u00e9dia m\u00f3vel, com pelo menos 12 mortes pela doen\u00e7a na SE 31.<\/p>\n<p>Os estados com maiores taxas de incid\u00eancia \u2014 entre 2,2 e 35,3 casos a cada 100 mil habitantes \u2014 foram Distrito Federal, Acre, Roraima, S\u00e3o Paulo e Mato Grosso do Sul.\u00a0<\/p>\n<p>Nesta semana, a Organiza\u00e7\u00e3o Mundial da Sa\u00fade (OMS) emitiu um alerta sobre o aumento de casos de Covid-19 no mundo, para refor\u00e7ar a import\u00e2ncia da vacina\u00e7\u00e3o.<\/p>\n<p>O coordenador do N\u00facleo de Controle de Infec\u00e7\u00f5es do Hospital de Base do Distrito Federal, Julival Ribeiro, explica que, apesar de o n\u00famero de casos de Covid-19 n\u00e3o atingir o patamar dos anos da pandemia, o coronav\u00edrus ainda continua circulando no Brasil e no mundo.\u00a0<\/p>\n<p>\u201cNa realidade, o v\u00edrus vem se adaptando, ou seja, evoluindo com as novas variantes e circulando a n\u00edvel mundial. Quando n\u00f3s recebemos a vacina\u00e7\u00e3o para a Covid-19, mesmo com os refor\u00e7os, os n\u00edveis de defesa do nosso organismo v\u00e3o decrescendo ao longo do tempo e, com isso, com essas novas variantes, podemos ter casos de infec\u00e7\u00e3o ou mesmo reinfec\u00e7\u00e3o.\u201d<\/p>\n<p>Segundo o informe do Minist\u00e9rio da Sa\u00fade, dados preliminares de maio, junho e julho apontam predom\u00ednio da variante LB.1 (34%), seguida da JN.1 (31%), da recombinante XDR (14%) e da KP.2 (12%). Outras variantes representam 8% dos sequenciamentos no per\u00edodo. At\u00e9 o momento a LB.1 foi identificada no Distrito Federal (85%), Bahia (7,5%), Pernambuco (5%) e S\u00e3o Paulo (2,5%).<\/p>\n<h2>Preven\u00e7\u00e3o<\/h2>\n<p>Em nota ao <strong>Brasil 61<\/strong>, o Minist\u00e9rio da Sa\u00fade disse que \u201catualmente mais de 84% da popula\u00e7\u00e3o j\u00e1 recebeu duas doses do imunizante [contra o coronav\u00edrus], completando o esquema vacinal prim\u00e1rio. Para 2024, seguindo a recomenda\u00e7\u00e3o da Organiza\u00e7\u00e3o Mundial da Sa\u00fade (OMS), a vacina\u00e7\u00e3o peri\u00f3dica (refor\u00e7o anual ou semestral) ser\u00e1 ofertada aos grupos de maior risco, incluindo gestantes, pu\u00e9rperas, trabalhadores da sa\u00fade, imunocomprometidos e idosos (60 anos ou mais)\u201d.<\/p>\n<p>A pasta informa que ampliou a recomenda\u00e7\u00e3o da OMS e incluiu na estrat\u00e9gia de vacina\u00e7\u00e3o peri\u00f3dica outros grupos vulner\u00e1veis na realidade brasileira, \u201ccomo ind\u00edgenas, ribeirinhos, quilombolas, pessoas vivendo em institui\u00e7\u00f5es de longa perman\u00eancia, pessoas com defici\u00eancia permanente, comorbidades, privadas de liberdade, adolescentes e jovens em medidas socioeducativas\u00a0e pessoas em situa\u00e7\u00e3o de rua\u201d. E \u201cdesde janeiro deste ano, a imuniza\u00e7\u00e3o contra a Covid-19 foi inclu\u00edda no Calend\u00e1rio Nacional de Vacina\u00e7\u00e3o para crian\u00e7as de seis meses a menores de cinco anos\u201d.\u00a0<\/p>\n<p>O presidente da Sociedade Mineira de Infectologia, Adelino de Melo, refor\u00e7a a necessidade de tomar a vacina contra a Covid-19 regularmente.<\/p>\n<p>\u201cJ\u00e1 n\u00e3o falamos mais em 2,3 ou 5 doses. O que vale hoje na prote\u00e7\u00e3o contra a Covid \u00e9: h\u00e1 quanto tempo voc\u00ea tomou sua \u00faltima dose de vacina contra a doen\u00e7a? Para os mais vulner\u00e1veis \u2014 por exemplo os idosos \u2014 , \u00e9 necess\u00e1rio que eles tomem pelo menos uma vez por ano. Para os imunossuprimidos graves, pelo menos a cada seis meses vai ser necess\u00e1rio um refor\u00e7o da dose para que ele esteja, de fato, protegido.\u201d\u00a0<\/p>\n<p>Al\u00e9m da vacina\u00e7\u00e3o, outros cuidados, como a etiqueta respirat\u00f3ria, devem ser mantidos para evitar contamina\u00e7\u00f5es. A recomenda\u00e7\u00e3o \u00e9 do m\u00e9dico infectologista do Hospital de Base de Bras\u00edlia, Tazio Vanni.\u00a0<\/p>\n<p>\u201cPacientes que t\u00eam sintomas respirat\u00f3rios precisam ter o cuidado de usar a m\u00e1scara em ambientes com mais pessoas para n\u00e3o contaminar as outras pessoas. A gente precisa ter o cuidado da etiqueta respirat\u00f3ria, ou seja, se eu vou espirrar eu boto a m\u00e3o na boca, boto o bra\u00e7o, viro para o lado. Se estou com coriza, nariz escorrendo, devo usar o len\u00e7o, limpar a m\u00e3o com frequ\u00eancia.\u201d<\/p>\n<h2>Grupo de risco<\/h2>\n<p>O informe do Minist\u00e9rio da Sa\u00fade tamb\u00e9m revela um sinal de aumento de casos de Covid-19 em idosos no Amazonas, Goi\u00e1s, Mato Grosso do Sul e S\u00e3o Paulo, na SE 31. O infectologista Tazio Vanni explica porque as pessoas do grupo de risco, como idosos, gestantes, imunossuprimidos, devem ter cuidados redobrados para prevenir a infec\u00e7\u00e3o.<\/p>\n<p>\u201cOs grupos de risco s\u00e3o pessoas que t\u00eam imunossupress\u00e3o, paciente que tem um c\u00e2ncer, que est\u00e1 usando um anticorpo monoclonal, que tem uma doen\u00e7a autoimune, ele j\u00e1 tem um sistema de defesa diferente, com uma defici\u00eancia. Ent\u00e3o quando ele encontra infec\u00e7\u00e3o pela Covid-19, ele n\u00e3o consegue resolv\u00ea-la como um paciente imunocompetente.\u201d<\/p>\n<p>Para saber mais sobre a Covid-19 no Brasil, acesse o <a href=\"https:\/\/www.gov.br\/saude\/pt-br\/assuntos\/covid-19\" target=\"_blank\" rel=\"noopener\">site do Minist\u00e9rio da Sa\u00fade<\/a>.<\/p>\n<p><strong><a href=\"https:\/\/brasil61.com\/n\/covid-19-vacina-passa-por-tres-etapas-de-testes-antes-de-ser-aprovada-pdms242896\" target=\"_blank\" rel=\"noopener\">COVID-19: Vacina passa por tr\u00eas etapas de testes antes de ser aprovada<\/a><\/strong><\/p>\n<p><strong><a href=\"https:\/\/brasil61.com\/n\/covid-19-testagem-e-fundamental-para-saber-de-que-virus-se-trata-diz-infectologista-pdms242864\" target=\"_blank\" rel=\"noopener\">Covid-19: \u201cTestagem \u00e9 fundamental para saber de que v\u00edrus se trata\u201d, diz infectologista<\/a><\/strong><\/p>\n<p>\t\t\t\t\t\t\t\t\t<img loading=\"lazy\" decoding=\"async\" src=\"https:\/\/brasil61.com\/api\/v1\/serve_pixel\/17677\/74064\" alt=\"Pixel Brasil 61\" class=\"b61_pixel\" width=\"0\" height=\"0\"><\/p>\n<input type=\"hidden\" id=\"baseurl\" value=\"https:\/\/noticiasdestaque.com.br\"><input type=\"hidden\" id=\"audio_nonce\" value=\"6a24ca502e\">","protected":false},"excerpt":{"rendered":"<p>Organiza\u00e7\u00e3o Mundial da Sa\u00fade alerta sobre a circula\u00e7\u00e3o do coronav\u00edrus no mundo <\/p>\n","protected":false},"author":1,"featured_media":15894,"comment_status":"open","ping_status":"open","sticky":false,"template":"","format":"standard","meta":{"fifu_image_url":"","fifu_image_alt":"","footnotes":""},"categories":[51],"tags":[],"class_list":["post-15893","post","type-post","status-publish","format-standard","has-post-thumbnail","hentry","category-saude"],"distributor_meta":false,"distributor_terms":false,"distributor_media":false,"distributor_original_site_name":"Noticias em Destaque","distributor_original_site_url":"https:\/\/noticiasdestaque.com.br","push-errors":false,"_links":{"self":[{"href":"https:\/\/noticiasdestaque.com.br\/index.php\/wp-json\/wp\/v2\/posts\/15893","targetHints":{"allow":["GET"]}}],"collection":[{"href":"https:\/\/noticiasdestaque.com.br\/index.php\/wp-json\/wp\/v2\/posts"}],"about":[{"href":"https:\/\/noticiasdestaque.com.br\/index.php\/wp-json\/wp\/v2\/types\/post"}],"author":[{"embeddable":true,"href":"https:\/\/noticiasdestaque.com.br\/index.php\/wp-json\/wp\/v2\/users\/1"}],"replies":[{"embeddable":true,"href":"https:\/\/noticiasdestaque.com.br\/index.php\/wp-json\/wp\/v2\/comments?post=15893"}],"version-history":[{"count":0,"href":"https:\/\/noticiasdestaque.com.br\/index.php\/wp-json\/wp\/v2\/posts\/15893\/revisions"}],"wp:featuredmedia":[{"embeddable":true,"href":"https:\/\/noticiasdestaque.com.br\/index.php\/wp-json\/wp\/v2\/media\/15894"}],"wp:attachment":[{"href":"https:\/\/noticiasdestaque.com.br\/index.php\/wp-json\/wp\/v2\/media?parent=15893"}],"wp:term":[{"taxonomy":"category","embeddable":true,"href":"https:\/\/noticiasdestaque.com.br\/index.php\/wp-json\/wp\/v2\/categories?post=15893"},{"taxonomy":"post_tag","embeddable":true,"href":"https:\/\/noticiasdestaque.com.br\/index.php\/wp-json\/wp\/v2\/tags?post=15893"}],"curies":[{"name":"wp","href":"https:\/\/api.w.org\/{rel}","templated":true}]}}