{"id":15891,"date":"2024-08-07T03:00:00","date_gmt":"2024-08-07T06:00:00","guid":{"rendered":"https:\/\/noticiasdestaque.com.br\/index.php\/2024\/08\/07\/ministerio-da-saude-cria-sala-de-situacao-para-monitorar-emergencias-climaticas\/"},"modified":"2024-08-07T03:00:00","modified_gmt":"2024-08-07T06:00:00","slug":"ministerio-da-saude-cria-sala-de-situacao-para-monitorar-emergencias-climaticas","status":"publish","type":"post","link":"https:\/\/noticiasdestaque.com.br\/index.php\/2024\/08\/07\/ministerio-da-saude-cria-sala-de-situacao-para-monitorar-emergencias-climaticas\/","title":{"rendered":"Minist\u00e9rio da Sa\u00fade cria sala de situa\u00e7\u00e3o para monitorar emerg\u00eancias clim\u00e1ticas"},"content":{"rendered":"<p>\t\t\t\t\t\t\t\t\t\t<audio controls class=\"b61_audio_player\" data-noticia=\"73914\" src=\"https:\/\/brasil61.com\/rails\/active_storage\/blobs\/eyJfcmFpbHMiOnsibWVzc2FnZSI6IkJBaHBBLy9zQWc9PSIsImV4cCI6bnVsbCwicHVyIjoiYmxvYl9pZCJ9fQ==--3bc6e46db37fbea72f1246f14ed9370aeae708c6\/BRAS2412307A\"><\/audio><\/p>\n<p>O Brasil ganhou uma Sala de Situa\u00e7\u00e3o Nacional de Emerg\u00eancias Clim\u00e1ticas em Sa\u00fade, criada pelo Minist\u00e9rio da Sa\u00fade. A iniciativa pretende monitorar situa\u00e7\u00f5es que correm risco de virar emerg\u00eancias \u00e0 popula\u00e7\u00e3o, como inunda\u00e7\u00f5es, secas prolongadas, aumento de temperaturas, queimadas e ondas de calor. O objetivo do colegiado \u00e9 planejar respostas \u00e0s emerg\u00eancias do clima que afetam a sa\u00fade p\u00fablica.<\/p>\n<p>A \u00a0sala de situa\u00e7\u00e3o foi instalada no dia 1\u00b0 de agosto e \u00e9 coordenada pelo Departamento de Vigil\u00e2ncia em Sa\u00fade Ambiental e Sa\u00fade do Trabalhador (DVSAT) da Secretaria de Vigil\u00e2ncia em Sa\u00fade e Ambiente (SVSA).<\/p>\n<p>Em nota, a pasta da Sa\u00fade informou que, al\u00e9m da sala ter a atribui\u00e7\u00e3o de criar orienta\u00e7\u00f5es para responder rapidamente \u00e0s emerg\u00eancias clim\u00e1ticas, a iniciativa tamb\u00e9m deve promover a articula\u00e7\u00e3o com gestores estaduais e municipais do Sistema \u00danico de Sa\u00fade (SUS). Tamb\u00e9m compete \u00e0 nova sala de situa\u00e7\u00e3o\u00a0divulgar as informa\u00e7\u00f5es relacionadas \u00e0 situa\u00e7\u00e3o de sa\u00fade das regi\u00f5es afetadas por eventos clim\u00e1ticos.<\/p>\n<h2>Parcerias<\/h2>\n<p>A diretora do Departamento de Vigil\u00e2ncia em Sa\u00fade Ambiental e Sa\u00fade do Trabalhador (DSAST\/SVSA), Agnes Soares da Silva, explica como a nova ferramenta \u00e9 organizada em prol de atuar nas situa\u00e7\u00f5es de emerg\u00eancias clim\u00e1ticas no pa\u00eds.\u00a0<\/p>\n<p>\u201cA Sala de Situa\u00e7\u00e3o Nacional de Emerg\u00eancias Clim\u00e1ticas em Sa\u00fade \u00e9 organizada para tratar de temas que t\u00eam um risco de virar uma emerg\u00eancia. Ent\u00e3o, por exemplo, na emerg\u00eancia clim\u00e1tica, tem a situa\u00e7\u00e3o de escassez h\u00eddrica, que \u00e9 hoje um dos principais problemas de sa\u00fade p\u00fablica\u201d, pontua Agnes.\u00a0<\/p>\n<p>Al\u00e9m disso, Agnes destaca algumas parcerias que v\u00e3o contribuir com as atividades da sala que, segundo ela, s\u00e3o essenciais para avaliar as mudan\u00e7as clim\u00e1ticas no Brasil, como\u00a0diversas \u00e1reas do Minist\u00e9rio, a\u00a0Funda\u00e7\u00e3o Nacional de Sa\u00fade (Funasa) e a Funda\u00e7\u00e3o Oswaldo Cruz (Fiocruz).<\/p>\n<p>&#8220;Tamb\u00e9m convidados externos que t\u00eam rela\u00e7\u00e3o com o tema que est\u00e1 sendo tratado no momento. Essa \u00e9 a principal fun\u00e7\u00e3o dela [da Sala de Situa\u00e7\u00e3o], estabelecer um momento de juntar a informa\u00e7\u00e3o que est\u00e1 dispersa nas diversas \u00e1reas e secretarias do Minist\u00e9rio da Sa\u00fade, mas tamb\u00e9m em outros setores. E que ajudam a fazer a avalia\u00e7\u00e3o da situa\u00e7\u00e3o de sa\u00fade e, com isso, antecipar problemas e tra\u00e7ar estrat\u00e9gias de interven\u00e7\u00e3o\u201d, ressalta Agnes.<\/p>\n<p>O Minist\u00e9rio da Sa\u00fade informou, em nota, que todas as secretarias do minist\u00e9rio ter\u00e3o representantes na sala. Al\u00e9m disso, poder\u00e3o participar das reuni\u00f5es, como convidados, especialistas nos temas discutidos, representantes de outros \u00f3rg\u00e3os e entidades como o Conselho Nacional de Secretarias Municipais de Sa\u00fade (Conasems), Conselho Nacional de Secret\u00e1rios de Sa\u00fade (CONASS) e Conselho Nacional de Sa\u00fade (CNS). Al\u00e9m de\u00a0Fiocruz e Funasa, a Organiza\u00e7\u00e3o Pan-Americana da Sa\u00fade (OPAS) tamb\u00e9m participa.<\/p>\n<h2>Impactos das mudan\u00e7as clim\u00e1ticas \u00e0 sa\u00fade<\/h2>\n<p>De acordo com o minist\u00e9rio, a sala passa a monitorar, em espec\u00edfico, as queimadas intensas no Pantanal e a seca prolongada na regi\u00e3o amaz\u00f4nica. Agnes aponta que as duas situa\u00e7\u00f5es est\u00e3o relacionadas.<\/p>\n<p>\u201cEsse problema que a gente est\u00e1 lidando agora, da escassez h\u00eddrica, \u00e9 o mais urgente e requer bastante aten\u00e7\u00e3o agora. Mas ele est\u00e1 relacionado, por exemplo, com a seca, que tamb\u00e9m facilita o aumento dos focos de calor no Pantanal e est\u00e1 relacionado com outros problemas que j\u00e1 s\u00e3o identificados \u00e0s vezes localmente, mas que podem vir a tornar um problema de sa\u00fade p\u00fablica de import\u00e2ncia nacional\u201d, disse Agnes.<\/p>\n<p>Ela explica que as mudan\u00e7as do clima afetam a sa\u00fade tanto diretamente, por meio de desastres como as enchentes no Rio Grande do Sul, quanto indiretamente com situa\u00e7\u00f5es que se tornam preocupantes do ponto de vista da sa\u00fade p\u00fablica. Por exemplo, a seca prolongada em locais incipientes provoca escassez de \u00e1gua e reduz a produ\u00e7\u00e3o de alimentos o que, segundo Agnes, pode levar a problemas de inseguran\u00e7a alimentar.<\/p>\n<p>\u201cPrincipalmente, porque atinge \u00e1reas que j\u00e1 s\u00e3o consideradas de grande vulnerabilidade econ\u00f4mica, social e que j\u00e1 t\u00eam um d\u00e9ficit nessa parte de \u00e1gua, saneamento, na higiene e com grandes impactos \u00e0 sa\u00fade, por exemplo, uma diarreia, m\u00e1 nutri\u00e7\u00e3o, dificuldades de acesso a servi\u00e7os, pouco controle da qualidade da \u00e1gua. Ent\u00e3o, j\u00e1 \u00e9 uma regi\u00e3o que necessita mais aten\u00e7\u00e3o e que esse problema vai ser potencializado pela escassez h\u00eddrica\u201d, salienta Agnes. \u201cMesmo a incid\u00eancia de doen\u00e7as infectocontagiosas e doen\u00e7as transmitidas por vetores s\u00e3o afetadas pelas mudan\u00e7as do clima\u201d, complementa.<\/p>\n<h2>Atua\u00e7\u00e3o da nova sala de situa\u00e7\u00e3o<\/h2>\n<p>Segundo \u00a0Agnes, uma das atividades da sala ser\u00e1 consolidar os dados que j\u00e1 existem sobre a situa\u00e7\u00e3o clim\u00e1tica do pa\u00eds. Ela aponta que o Brasil precisa de a\u00e7\u00f5es mais concretas e, ainda, que o grupo deve escolher prioridades de interven\u00e7\u00e3o a fim de expandir as a\u00e7\u00f5es do governo no enfrentamento \u00e0s emerg\u00eancias clim\u00e1ticas.<\/p>\n<p>\u201cO que ficou muito claro \u00e9 a urg\u00eancia, a necessidade mesmo de a\u00e7\u00f5es concretas de interven\u00e7\u00e3o. Um dos pr\u00f3ximos passos e imediatos, inclusive, \u00e9 ter uma matriz de responsabilidades muito clara, porque cada um tem um peda\u00e7o dessa responsabilidade com a \u00e1rea e tem uma abordagem diferente.\u201d<\/p>\n<p>Inicialmente foi realizada uma apresenta\u00e7\u00e3o com diversas \u00e1reas, como Funasa,\u00a0Instituto Nacional de Pesquisas Espaciais (Inpe) e\u00a0Vigil\u00e2ncia em Sa\u00fade dos Riscos Associados aos Desastres (Vigidesastres)\u00a0do Departamento de Emerg\u00eancias da\u00a0SVSA do DVSAT. Agnes conta que nos pr\u00f3ximos encontros ser\u00e3o definidos pontos priorit\u00e1rios de atua\u00e7\u00e3o.<\/p>\n<p>\u201cNo conjunto, vamos identificar depois, na pr\u00f3xima reuni\u00e3o, o que \u00e9 que n\u00e3o est\u00e1 sendo feito e que deveria ser feito com mais urg\u00eancia e onde se define como prioridade tamb\u00e9m de interven\u00e7\u00e3o, de maneira que se potencialize as a\u00e7\u00f5es de governo, de uma forma muito concreta nas \u00e1reas atingidas\u201d, disse Agnes.<\/p>\n<p>\t\t\t\t\t\t\t\t\t<img loading=\"lazy\" decoding=\"async\" src=\"https:\/\/brasil61.com\/api\/v1\/serve_pixel\/17677\/73914\" alt=\"Pixel Brasil 61\" class=\"b61_pixel\" width=\"0\" height=\"0\"><\/p>\n<input type=\"hidden\" id=\"baseurl\" value=\"https:\/\/noticiasdestaque.com.br\"><input type=\"hidden\" id=\"audio_nonce\" value=\"6a24ca502e\">","protected":false},"excerpt":{"rendered":"<p>O objetivo \u00e9 planejar a\u00e7\u00f5es para enfrentar emerg\u00eancias do clima que afetam a sa\u00fade p\u00fablica, como inunda\u00e7\u00f5es, secas prolongadas, aumento de temperaturas, queimadas e ondas de calor. O foco inicial \u00e9 monitorar queimadas no Pantanal e a seca prolongada na regi\u00e3o amaz\u00f4nica. <\/p>\n","protected":false},"author":1,"featured_media":15892,"comment_status":"open","ping_status":"open","sticky":false,"template":"","format":"standard","meta":{"fifu_image_url":"","fifu_image_alt":"","footnotes":""},"categories":[51],"tags":[],"class_list":["post-15891","post","type-post","status-publish","format-standard","has-post-thumbnail","hentry","category-saude"],"distributor_meta":false,"distributor_terms":false,"distributor_media":false,"distributor_original_site_name":"Noticias em Destaque","distributor_original_site_url":"https:\/\/noticiasdestaque.com.br","push-errors":false,"_links":{"self":[{"href":"https:\/\/noticiasdestaque.com.br\/index.php\/wp-json\/wp\/v2\/posts\/15891","targetHints":{"allow":["GET"]}}],"collection":[{"href":"https:\/\/noticiasdestaque.com.br\/index.php\/wp-json\/wp\/v2\/posts"}],"about":[{"href":"https:\/\/noticiasdestaque.com.br\/index.php\/wp-json\/wp\/v2\/types\/post"}],"author":[{"embeddable":true,"href":"https:\/\/noticiasdestaque.com.br\/index.php\/wp-json\/wp\/v2\/users\/1"}],"replies":[{"embeddable":true,"href":"https:\/\/noticiasdestaque.com.br\/index.php\/wp-json\/wp\/v2\/comments?post=15891"}],"version-history":[{"count":0,"href":"https:\/\/noticiasdestaque.com.br\/index.php\/wp-json\/wp\/v2\/posts\/15891\/revisions"}],"wp:featuredmedia":[{"embeddable":true,"href":"https:\/\/noticiasdestaque.com.br\/index.php\/wp-json\/wp\/v2\/media\/15892"}],"wp:attachment":[{"href":"https:\/\/noticiasdestaque.com.br\/index.php\/wp-json\/wp\/v2\/media?parent=15891"}],"wp:term":[{"taxonomy":"category","embeddable":true,"href":"https:\/\/noticiasdestaque.com.br\/index.php\/wp-json\/wp\/v2\/categories?post=15891"},{"taxonomy":"post_tag","embeddable":true,"href":"https:\/\/noticiasdestaque.com.br\/index.php\/wp-json\/wp\/v2\/tags?post=15891"}],"curies":[{"name":"wp","href":"https:\/\/api.w.org\/{rel}","templated":true}]}}