{"id":15889,"date":"2024-08-06T03:00:00","date_gmt":"2024-08-06T06:00:00","guid":{"rendered":"https:\/\/noticiasdestaque.com.br\/index.php\/2024\/08\/06\/sao-paulo-registra-o-maior-numero-de-casos-de-dengue-e-distrito-federal-a-maior-taxa-de-incidencia-em-2024\/"},"modified":"2024-08-06T03:00:00","modified_gmt":"2024-08-06T06:00:00","slug":"sao-paulo-registra-o-maior-numero-de-casos-de-dengue-e-distrito-federal-a-maior-taxa-de-incidencia-em-2024","status":"publish","type":"post","link":"https:\/\/noticiasdestaque.com.br\/index.php\/2024\/08\/06\/sao-paulo-registra-o-maior-numero-de-casos-de-dengue-e-distrito-federal-a-maior-taxa-de-incidencia-em-2024\/","title":{"rendered":"S\u00e3o Paulo registra o maior n\u00famero de casos de dengue e Distrito Federal a maior taxa de incid\u00eancia em 2024"},"content":{"rendered":"<p>\t\t\t\t\t\t\t\t\t\t<audio controls class=\"b61_audio_player\" data-noticia=\"73858\" src=\"https:\/\/brasil61.com\/rails\/active_storage\/blobs\/eyJfcmFpbHMiOnsibWVzc2FnZSI6IkJBaHBBOFBzQWc9PSIsImV4cCI6bnVsbCwicHVyIjoiYmxvYl9pZCJ9fQ==--bc5037936371090a92d8427cd664120d3ec9ad29\/BRAS2412299A\"><\/audio><\/p>\n<p>O Brasil est\u00e1 prestes a alcan\u00e7ar a marca de 5 mil mortes por dengue em 2024, com 4.961 \u00f3bitos confirmados at\u00e9 o momento, segundo dados do Painel de Monitoramento de Arboviroses. Al\u00e9m disso, h\u00e1 2.161 mortes ainda em investiga\u00e7\u00e3o. O n\u00famero total de casos prov\u00e1veis de dengue no pa\u00eds ao longo do ano \u00e9 alarmante, somando 6.437.241, o que resulta em uma taxa de letalidade de 0,08. O coeficiente de incid\u00eancia atual \u00e9 de 3.170,1 casos para cada 100 mil habitantes.<\/p>\n<p>S\u00e3o Paulo lidera em n\u00fameros absolutos de casos de dengue, com 2.062.418 registros em 2024, seguido por Minas Gerais com 1.696.518 casos, Paran\u00e1 com 643.700 e Santa Catarina com 363.117. No entanto, ao considerar o coeficiente de incid\u00eancia, o Distrito Federal apresenta a maior taxa, com 9.739,1 casos por 100 mil habitantes, seguido por Minas Gerais (8.260,1), Paran\u00e1 (5.625,2) e Santa Catarina (4.771,8). Esses dados ressaltam a necessidade de estrat\u00e9gias direcionadas para as regi\u00f5es mais afetadas e refor\u00e7am a import\u00e2ncia das medidas de preven\u00e7\u00e3o e controle em todo o pa\u00eds.<\/p>\n<p>O infectologista e membro da Sociedade Brasileira de Infectologia Ant\u00f4nio Carlos analisa o cen\u00e1rio atual de casos no Brasil:<\/p>\n<p>\u201cO cen\u00e1rio atual \u00e9 explicado pelo avan\u00e7o do vetor, que \u00e9 o \u00a0Aedes aegypti, que passou a infestar grandes \u00e1reas da regi\u00e3o sudeste e da regi\u00e3o sul do Brasil, inclusive indo para o Paraguai e parte da Argentina. Ent\u00e3o, o Aedes aegypti, que n\u00e3o estava muito presente nas regi\u00f5es mais frias do Brasil, passou realmente a ir para essas regi\u00f5es. Possivelmente, uma das explica\u00e7\u00f5es \u00e9 o aumento da temperatura, o aquecimento dessas \u00e1reas, que acabou facilitando a adapta\u00e7\u00e3o do Aedes aegypti nessas regi\u00f5es.\u201d<\/p>\n<p>A maior parte dos casos no pa\u00eds foi registrada entre adultos de 20 a 29 anos, seguidos\u00a0pelas faixas et\u00e1rias de 30 a 39, 40 a 49 e 50 a 59 anos. Por outro lado, os grupos menos afetados incluem crian\u00e7as com menos de 1 ano, idosos com 80 anos ou mais\u00a0e crian\u00e7as de 1 a 4 anos.<\/p>\n<p>J\u00falia Mesquita, de 19 anos, moradora de Vicente Pires no Distrito Federal foi uma das pessoas afetadas pela doen\u00e7a neste ano e\u00a0descreve a experi\u00eancia:<\/p>\n<p>\u00a0&#8220;O que foi mais dif\u00edcil\u00a0enquanto eu estava doente, eu acho que foi o fato de ficar muito dependente. Eu n\u00e3o conseguia fazer absolutamente nada sozinha, s\u00f3 conseguia ficar deitada na cama. N\u00e3o conseguia comer, porque fica um gosto muito ruim na boca. Foi uma das piores partes pra mim. Ent\u00e3o, beber \u00e1gua, comer, fica tudo muito dif\u00edcil. E \u00e9 o que voc\u00ea mais precisa fazer, n\u00e9, pra poder melhorar da dengue. Ent\u00e3o, eu acho que o mais dif\u00edcil foi essa parte da alimenta\u00e7\u00e3o, a fraqueza e o fato de ficar dependente de todo mundo.\u201d afirma.<\/p>\n<p>\u00a0Ant\u00f4nio Carlos Bandeira, infectologista, explica os meios de preven\u00e7\u00e3o.<\/p>\n<p>\u201cAs principais medidas de preven\u00e7\u00e3o podem ser divididas em duas partes, a primeira individual e a segunda coletiva. Na parte individual, \u00e9 fundamental usar repelentes, tais como aqueles \u00e0 base de icaridina ou DEET, principalmente as gestantes precisam usar repelentes do primeiro ao \u00faltimo dia da gesta\u00e7\u00e3o para que n\u00e3o tenham possibilidade de se contaminarem com o v\u00edrus da zika, que \u00e9 altamente teratog\u00eanico. A outra situa\u00e7\u00e3o para preven\u00e7\u00e3o \u00e9 voc\u00ea utilizar a parte de roupas mais compridas, telas, em regi\u00f5es onde voc\u00ea pode dormir com telas, e ar-condicionado.\u201d\u00a0<\/p>\n<p>\t\t\t\t\t\t\t\t\t<img loading=\"lazy\" decoding=\"async\" src=\"https:\/\/brasil61.com\/api\/v1\/serve_pixel\/17677\/73858\" alt=\"Pixel Brasil 61\" class=\"b61_pixel\" width=\"0\" height=\"0\"><\/p>\n<input type=\"hidden\" id=\"baseurl\" value=\"https:\/\/noticiasdestaque.com.br\"><input type=\"hidden\" id=\"audio_nonce\" value=\"6a24ca502e\">","protected":false},"excerpt":{"rendered":"<p>Brasil est\u00e1 prestes a alcan\u00e7ar a marca de 5 mil mortes por dengue em 2024, com 4.961 \u00f3bitos confirmados at\u00e9 o momento, segundo dados do Painel de Monitoramento de Arboviroses. Al\u00e9m disso, h\u00e1 2.161 mortes ainda em investiga\u00e7\u00e3o<\/p>\n","protected":false},"author":1,"featured_media":15890,"comment_status":"open","ping_status":"open","sticky":false,"template":"","format":"standard","meta":{"fifu_image_url":"","fifu_image_alt":"","footnotes":""},"categories":[51],"tags":[],"class_list":["post-15889","post","type-post","status-publish","format-standard","has-post-thumbnail","hentry","category-saude"],"distributor_meta":false,"distributor_terms":false,"distributor_media":false,"distributor_original_site_name":"Noticias em Destaque","distributor_original_site_url":"https:\/\/noticiasdestaque.com.br","push-errors":false,"_links":{"self":[{"href":"https:\/\/noticiasdestaque.com.br\/index.php\/wp-json\/wp\/v2\/posts\/15889","targetHints":{"allow":["GET"]}}],"collection":[{"href":"https:\/\/noticiasdestaque.com.br\/index.php\/wp-json\/wp\/v2\/posts"}],"about":[{"href":"https:\/\/noticiasdestaque.com.br\/index.php\/wp-json\/wp\/v2\/types\/post"}],"author":[{"embeddable":true,"href":"https:\/\/noticiasdestaque.com.br\/index.php\/wp-json\/wp\/v2\/users\/1"}],"replies":[{"embeddable":true,"href":"https:\/\/noticiasdestaque.com.br\/index.php\/wp-json\/wp\/v2\/comments?post=15889"}],"version-history":[{"count":0,"href":"https:\/\/noticiasdestaque.com.br\/index.php\/wp-json\/wp\/v2\/posts\/15889\/revisions"}],"wp:featuredmedia":[{"embeddable":true,"href":"https:\/\/noticiasdestaque.com.br\/index.php\/wp-json\/wp\/v2\/media\/15890"}],"wp:attachment":[{"href":"https:\/\/noticiasdestaque.com.br\/index.php\/wp-json\/wp\/v2\/media?parent=15889"}],"wp:term":[{"taxonomy":"category","embeddable":true,"href":"https:\/\/noticiasdestaque.com.br\/index.php\/wp-json\/wp\/v2\/categories?post=15889"},{"taxonomy":"post_tag","embeddable":true,"href":"https:\/\/noticiasdestaque.com.br\/index.php\/wp-json\/wp\/v2\/tags?post=15889"}],"curies":[{"name":"wp","href":"https:\/\/api.w.org\/{rel}","templated":true}]}}