{"id":15798,"date":"2024-07-24T00:06:00","date_gmt":"2024-07-24T03:06:00","guid":{"rendered":"https:\/\/noticiasdestaque.com.br\/index.php\/2024\/07\/24\/eleicoes-municipais-juntos-sudeste-e-nordeste-somam-70-do-eleitorado\/"},"modified":"2024-07-24T00:06:00","modified_gmt":"2024-07-24T03:06:00","slug":"eleicoes-municipais-juntos-sudeste-e-nordeste-somam-70-do-eleitorado","status":"publish","type":"post","link":"https:\/\/noticiasdestaque.com.br\/index.php\/2024\/07\/24\/eleicoes-municipais-juntos-sudeste-e-nordeste-somam-70-do-eleitorado\/","title":{"rendered":"Elei\u00e7\u00f5es municipais: juntos, Sudeste e Nordeste somam 70% do eleitorado"},"content":{"rendered":"<p>\t\t\t\t\t\t\t\t\t\t<audio controls class=\"b61_audio_player\" data-noticia=\"73448\" src=\"https:\/\/brasil61.com\/rails\/active_storage\/blobs\/eyJfcmFpbHMiOnsibWVzc2FnZSI6IkJBaHBBOGZrQWc9PSIsImV4cCI6bnVsbCwicHVyIjoiYmxvYl9pZCJ9fQ==--0e944396198d83733c25fa94e4a3b41ae8a5bb7f\/BRAS2412177A\"><\/audio><\/p>\n<p>As elei\u00e7\u00f5es municipais ocorrem em outubro e est\u00e3o aptos a comparecerem \u00e0s urnas 155.912.680 de eleitores, segundo dados do Tribunal Superior Eleitoral (TSE). Os eleitores dos 5.569 munic\u00edpios devem eleger prefeitos, vice-prefeitos e vereadores em\u00a094.399 locais de vota\u00e7\u00e3o, sendo 500.183\u00a0de se\u00e7\u00f5es eleitorais. As regi\u00f5es Sudeste e Nordeste somam 70% do eleitorado.<\/p>\n<p>Para estar apto a votar, o cidad\u00e3o deve cumprir alguns requisitos previstos em lei. Por exemplo, o alistamento eleitoral e o voto s\u00e3o obrigat\u00f3rios para eleitoras e eleitores que t\u00eam entre 18 e 70 anos. Al\u00e9m disso, o eleitor deve estar em dia com a justi\u00e7a eleitoral.<\/p>\n<ul>\n<\/ul>\n<p>O cientista pol\u00edtico e especialista em rela\u00e7\u00f5es governamentais, Hor\u00e1cio Lessa Ramalho, destaca que o voto \u00e9 facultativo para maiores de 70 anos e pessoas com idade entre 16 e 18 anos. Ele lista algumas obrigatoriedades para estar habilitado a exercer o direito de voto.<\/p>\n<p>\u201cVoc\u00ea n\u00e3o pode ter multas, porque \u00e0s vezes a pessoa deixa de votar numa elei\u00e7\u00e3o e n\u00e3o justifica esse voto. Como o voto \u00e9 obrigat\u00f3rio no Brasil, voc\u00ea tem que comparecer ao cart\u00f3rio eleitoral mais pr\u00f3ximo da sua resid\u00eancia ou seu pr\u00f3prio cart\u00f3rio eleitoral e votar, ou justificar o n\u00e3o voto caso voc\u00ea n\u00e3o tenha votado\u201d, salienta Lessa.<\/p>\n<p>De acordo com o TSE, o n\u00famero de eleitores habilitados a votar este ano aumentou 5,4% em compara\u00e7\u00e3o \u00e0s elei\u00e7\u00f5es de 2020. Hor\u00e1cio Lessa explica que o aumento de eleitorado de uma elei\u00e7\u00e3o para outra \u00e9 esperado, tendo em vista o aumento populacional. Ele ressalta, ainda, que a regulariza\u00e7\u00e3o do t\u00edtulo de eleitor tamb\u00e9m influencia no crescimento.<\/p>\n<p>\u201cA regulariza\u00e7\u00e3o de t\u00edtulos pode tamb\u00e9m aumentar o n\u00famero. Muitas pessoas que estavam com um t\u00edtulo cancelado, isso ocorre muito em elei\u00e7\u00f5es municipais, porque as pessoas moram em munic\u00edpios diferentes do que votavam, e podem nesse per\u00edodo ir l\u00e1 e regularizar. Ent\u00e3o, pode ser um aumento tamb\u00e9m pela regulariza\u00e7\u00e3o de t\u00edtulos de eleitores\u201d, pontua Lessa.\u00a0<\/p>\n<p>\u00c9 poss\u00edvel consultar a situa\u00e7\u00e3o eleitoral no <a href=\"https:\/\/www.tse.jus.br\/#\/\">site do TSE<\/a>. Veja o passo a passo:<\/p>\n<ul>\n<li>Acesse o portal, clique na aba \u201cServi\u00e7os\u201d, localizada no canto superior direito;<\/li>\n<li>Clique na aba \u201cSitua\u00e7\u00e3o Eleitoral\u201d;<\/li>\n<li>Informe o n\u00famero do CPF e aperte em \u201cConsultar\u201d. Assim, ser\u00e1 informado se o t\u00edtulo eleitoral est\u00e1 regular ou n\u00e3o.<\/li>\n<\/ul>\n<h2>Perfil do eleitorado brasileiro<\/h2>\n<p>Com base em dados divulgados pelo TSE, as regi\u00f5es Sudeste e Nordeste \u2013 com 43,3 milh\u00f5es e 66,9 milh\u00f5es de eleitores cada, respectivamente, somam 70% do eleitorado. Dos 155,9 milh\u00f5es de cidad\u00e3os habilitados a votar em 2024, 52% s\u00e3o mulheres.<\/p>\n<p>Em rela\u00e7\u00e3o \u00e0 escolaridade, 27,04% do eleitorado brasileiro em 2024 possui ensino m\u00e9dio completo, 22,48% n\u00e3o completou o ensino fundamental e 17,78% n\u00e3o completou o ensino m\u00e9dio. J\u00e1 os que completaram o ensino superior representam 10,75% dos eleitores e 6,59% do eleitorado total l\u00ea e escreve.<\/p>\n<p>A faixa et\u00e1ria com maior n\u00famero de eleitores, 38,8 milh\u00f5es, vai de 45 a 59 anos. Logo em seguida est\u00e3o os cidad\u00e3os de 35 a 44 anos, que somam 31,7 milh\u00f5es de pessoas. Em terceiro lugar est\u00e3o aqueles de 25 a 34 anos, sendo 30,9 milh\u00f5es de eleitores.<\/p>\n<p>Os eleitores cujo voto \u00e9 facultativo, que t\u00eam 16 e 17 anos, somam 1,8 milh\u00e3o de eleitores aptos em 2024.<\/p>\n<p>Este ano, o eleitorado do estado do Rio de Janeiro ultrapassou 13 milh\u00f5es de cidad\u00e3os. Segundo o Tribunal Regional Eleitoral do Rio de Janeiro (TRE-RJ), o n\u00famero representa um aumento de 4,64% no eleitorado fluminense, em rela\u00e7\u00e3o \u00e0s \u00faltimas elei\u00e7\u00f5es municipais.<\/p>\n<p><strong>Confira o mapa interativo com o perfil do eleitorado brasileiro:\u00a0<\/strong><br \/>\n\u00a0<\/p>\n<p>\u00a0<\/p>\n<h2>Elei\u00e7\u00f5es 2024<\/h2>\n<p>O primeiro turno das elei\u00e7\u00f5es ocorre em 6 de outubro. J\u00e1 o\u00a0segundo turno poder\u00e1 ser realizado dia\u00a027 de outubro nos munic\u00edpios com mais de 200 mil eleitores \u2013 onde\u00a0nenhum dos candidatos \u00e0 prefeitura alcan\u00e7ou\u00a0mais da metade dos votos v\u00e1lidos.<\/p>\n<p>\t\t\t\t\t\t\t\t\t<img loading=\"lazy\" decoding=\"async\" src=\"https:\/\/brasil61.com\/api\/v1\/serve_pixel\/17677\/73448\" alt=\"Pixel Brasil 61\" class=\"b61_pixel\" width=\"0\" height=\"0\"><\/p>\n<input type=\"hidden\" id=\"baseurl\" value=\"https:\/\/noticiasdestaque.com.br\"><input type=\"hidden\" id=\"audio_nonce\" value=\"6a24ca502e\">","protected":false},"excerpt":{"rendered":"<p>Dados do TSE apontam que o Brasil ter\u00e1 155,9 milh\u00f5es de eleitores nas elei\u00e7\u00f5es municipais deste ano, distribu\u00eddos em 5.569 munic\u00edpios. As mulheres representam 52% do eleitorado. Confira o mapa interativo com o perfil dos eleitores brasileiros.<\/p>\n","protected":false},"author":1,"featured_media":15799,"comment_status":"open","ping_status":"open","sticky":false,"template":"","format":"standard","meta":{"fifu_image_url":"","fifu_image_alt":"","footnotes":""},"categories":[50],"tags":[],"class_list":["post-15798","post","type-post","status-publish","format-standard","has-post-thumbnail","hentry","category-politica"],"distributor_meta":false,"distributor_terms":false,"distributor_media":false,"distributor_original_site_name":"Noticias em Destaque","distributor_original_site_url":"https:\/\/noticiasdestaque.com.br","push-errors":false,"_links":{"self":[{"href":"https:\/\/noticiasdestaque.com.br\/index.php\/wp-json\/wp\/v2\/posts\/15798","targetHints":{"allow":["GET"]}}],"collection":[{"href":"https:\/\/noticiasdestaque.com.br\/index.php\/wp-json\/wp\/v2\/posts"}],"about":[{"href":"https:\/\/noticiasdestaque.com.br\/index.php\/wp-json\/wp\/v2\/types\/post"}],"author":[{"embeddable":true,"href":"https:\/\/noticiasdestaque.com.br\/index.php\/wp-json\/wp\/v2\/users\/1"}],"replies":[{"embeddable":true,"href":"https:\/\/noticiasdestaque.com.br\/index.php\/wp-json\/wp\/v2\/comments?post=15798"}],"version-history":[{"count":0,"href":"https:\/\/noticiasdestaque.com.br\/index.php\/wp-json\/wp\/v2\/posts\/15798\/revisions"}],"wp:featuredmedia":[{"embeddable":true,"href":"https:\/\/noticiasdestaque.com.br\/index.php\/wp-json\/wp\/v2\/media\/15799"}],"wp:attachment":[{"href":"https:\/\/noticiasdestaque.com.br\/index.php\/wp-json\/wp\/v2\/media?parent=15798"}],"wp:term":[{"taxonomy":"category","embeddable":true,"href":"https:\/\/noticiasdestaque.com.br\/index.php\/wp-json\/wp\/v2\/categories?post=15798"},{"taxonomy":"post_tag","embeddable":true,"href":"https:\/\/noticiasdestaque.com.br\/index.php\/wp-json\/wp\/v2\/tags?post=15798"}],"curies":[{"name":"wp","href":"https:\/\/api.w.org\/{rel}","templated":true}]}}