{"id":15752,"date":"2024-08-14T03:00:00","date_gmt":"2024-08-14T06:00:00","guid":{"rendered":"https:\/\/noticiasdestaque.com.br\/index.php\/2024\/08\/14\/historias-exportadoras-amor-pelo-cafe-impulsiona-planos-ambiciosos-do-cafe-caicara\/"},"modified":"2024-08-14T03:00:00","modified_gmt":"2024-08-14T06:00:00","slug":"historias-exportadoras-amor-pelo-cafe-impulsiona-planos-ambiciosos-do-cafe-caicara","status":"publish","type":"post","link":"https:\/\/noticiasdestaque.com.br\/index.php\/2024\/08\/14\/historias-exportadoras-amor-pelo-cafe-impulsiona-planos-ambiciosos-do-cafe-caicara\/","title":{"rendered":"HIST\u00d3RIAS EXPORTADORAS: amor pelo caf\u00e9 impulsiona planos ambiciosos do Caf\u00e9 Cai\u00e7ara"},"content":{"rendered":"<p>\t\t\t\t\t\t\t\t\t\t<audio controls class=\"b61_audio_player\" data-noticia=\"74050\" src=\"https:\/\/brasil61.com\/rails\/active_storage\/blobs\/eyJfcmFpbHMiOnsibWVzc2FnZSI6IkJBaHBBNGJ2QWc9PSIsImV4cCI6bnVsbCwicHVyIjoiYmxvYl9pZCJ9fQ==--a5ee1a3750e5a37ac55f8777ecac346bb39bbc13\/APEX240013A\"><\/audio><\/p>\n<p>O amor pelo caf\u00e9 foi o que motivou Jo\u00e3o Pignatta a comprar uma pequena torrefa\u00e7\u00e3o no munic\u00edpio de Jundia\u00ed, interior de S\u00e3o Paulo, em 1950. Foi assim que surgiu o Caf\u00e9 Cai\u00e7ara. A paix\u00e3o foi passada de gera\u00e7\u00e3o em gera\u00e7\u00e3o e, hoje, cabe \u00e0 Renata Pignatta \u2014 neta do fundador \u2014 dar continuidade \u00e0 trajet\u00f3ria de sucesso da empresa familiar, que acabou de completar 74 anos.\u00a0<\/p>\n<p>Nesta nova mat\u00e9ria de uma s\u00e9rie de reportagens sobre hist\u00f3rias inspiradoras de empreendedores que decidiram exportar seus produtos, vamos mostrar como o Caf\u00e9 Cai\u00e7ara conquistou Jundia\u00ed e regi\u00e3o e como pretende fazer o mesmo com os amantes de caf\u00e9 ao redor do mundo.<\/p>\n<h2>Trajet\u00f3ria de sucesso<\/h2>\n<p>Quando iniciou suas atividades, o Caf\u00e9 Cai\u00e7ara oferecia apenas dois produtos: o caf\u00e9 torrado em p\u00f3 e o caf\u00e9 torrado em gr\u00e3os. Itens que permanecem como as estrelas da companhia at\u00e9 hoje. \u00c0 medida que os anos se passavam e o aroma conquistava mais adeptos, a empresa idealizada por Jo\u00e3o Pignatta ampliava seu portf\u00f3lio de caf\u00e9s.<\/p>\n<p><a href=\"https:\/\/brasil61.com\/n\/historias-exportadoras-conheca-trajetoria-da-empresa-aleccra-do-ramo-de-moda-e-vestuario-que-se-destacou-com-a-moda-praia-em-santa-catarina-apex240012\" target=\"_blank\" rel=\"noopener\">HIST\u00d3RIAS EXPORTADORAS: conhe\u00e7a trajet\u00f3ria da empresa Aleccra, do ramo de moda e vestu\u00e1rio, que se destacou com a moda praia em Santa Catarina<\/a><\/p>\n<p><a href=\"https:\/\/brasil61.com\/n\/historias-exportadoras-conheca-a-trajetoria-de-empresa-do-interior-de-sp-que-ja-exporta-acai-para-mais-de-20-paises-apex240011\" target=\"_blank\" rel=\"noopener\">HIST\u00d3RIAS EXPORTADORAS: conhe\u00e7a a trajet\u00f3ria de empresa do interior de SP que j\u00e1 exporta a\u00e7a\u00ed para mais de 20 pa\u00edses<\/a><\/p>\n<p><a href=\"https:\/\/brasil61.com\/n\/historias-exportadoras-conheca-a-trajetoria-de-produtor-de-cachaca-artesanal-do-tocantins-que-se-prepara-para-exportar-apex240005\" target=\"_blank\" rel=\"noopener\">HIST\u00d3RIAS EXPORTADORAS: conhe\u00e7a a trajet\u00f3ria de produtor de cacha\u00e7a artesanal do Tocantins que se prepara para exportar<\/a><\/p>\n<p>Em 1964, a empresa lan\u00e7ou quatro variedades de caf\u00e9 torrado e mo\u00eddo: Tradicional, Extra Forte, Superior, Gourmet e Descafeinado. Mas n\u00e3o parou por a\u00ed, conta Renata Pignatta. &#8220;A gente atualizou o nosso portf\u00f3lio, trazendo produtos novos, como a c\u00e1psula de caf\u00e9, o caf\u00e9 sol\u00favel, cappuccino, filtro de papel. A gente se tornou a empresa que \u00e9 pelo nosso esfor\u00e7o e pelo rigoroso padr\u00e3o de qualidade dos nossos produtos&#8221;, acredita.\u00a0<\/p>\n<p>O sucesso constru\u00eddo ao longo das d\u00e9cadas foi t\u00e3o grande que a empresa j\u00e1 n\u00e3o \u00e9 mais apenas uma empresa. Trata-se do Grupo Cai\u00e7ara Alimentos \u2014 que adquiriu outras marcas regionais de caf\u00e9.\u00a0<\/p>\n<h2>Novos sonhos<\/h2>\n<p>Embora o Caf\u00e9 Cai\u00e7ara seja parte de sua vida desde quando era pequena, foi s\u00f3 em 2016 \u2014 depois de se formar engenheira agr\u00f4noma e adquirir experi\u00eancia no mercado de trabalho \u2014 que Renata passou a trabalhar com o pai na empresa.\u00a0<\/p>\n<p>Logo ao chegar, ela prop\u00f4s algo desafiador. &#8220;Eu trouxe essa ideia de a gente tentar expandir o nosso mercado para o com\u00e9rcio exterior&#8221;, lembra.\u00a0<\/p>\n<p>Renata j\u00e1 sabia, inclusive, onde a empresa poderia encontrar suporte te\u00f3rico e pr\u00e1tico para expandir as vendas para al\u00e9m das fronteiras brasileiras. &#8220;Eu fiz contato com a ApexBrasil [Ag\u00eancia Brasileira de Promo\u00e7\u00e3o de Exporta\u00e7\u00f5es e Investimentos]. A Apex foi super comunicativa e nos recebeu de bra\u00e7os abertos, nos ofereceu um programa [de treinamento] para quebrar o gelo sobre o mercado exterior&#8221;, lembra.\u00a0<\/p>\n<p>O treinamento ao qual ela se refere \u00e9 o Programa de Qualifica\u00e7\u00e3o para Exporta\u00e7\u00e3o (Peiex), iniciativa por meio da qual os empreendedores nacionais que buscam ingressar no com\u00e9rcio exterior recebem um plano de exporta\u00e7\u00e3o personalizado.\u00a0<\/p>\n<p>O treinamento deu certo e a empresa est\u00e1 pronta para dar o pr\u00f3ximo passo em suas atividades. &#8220;Depois que n\u00f3s fizemos a consultoria com a Apex, eu posso dizer que o Caf\u00e9 Cai\u00e7ara tem potencial e j\u00e1 pratica or\u00e7amentos para o mercado exterior. A gente n\u00e3o tem mais receio de participar dessa venda externa&#8221;, relata.\u00a0<\/p>\n<p>Embora j\u00e1 tenha 74 anos, o Caf\u00e9 Cai\u00e7ara est\u00e1 apenas dando os primeiros passos quando o assunto \u00e9 exporta\u00e7\u00e3o. Assim como o av\u00f4, Renata tem planos arrojados para a empresa familiar. &#8220;Somos l\u00edderes de vendas em Jundia\u00ed e regi\u00e3o. Vendemos mais que as empresas nacionais, e eu acho que o meu av\u00f4, enxergando o patamar que a gente est\u00e1 junto buscando junto a parceiros como a Apex, estaria bem feliz e grato por a gente estar crescendo e tentando levar nosso caf\u00e9 n\u00e3o s\u00f3 para a nossa regi\u00e3o, mas para o mundo inteiro&#8221;, diz a engenheira agr\u00f4noma.\u00a0<\/p>\n<h2>Suporte<\/h2>\n<p>A ApexBrasil oferta uma s\u00e9rie de programas que visam facilitar a inser\u00e7\u00e3o de empresas brasileiras \u2014 sobretudo micro e pequenos neg\u00f3cios \u2014 no mercado internacional de seus segmentos.\u00a0<\/p>\n<p>Um deles \u00e9 o <a href=\"https:\/\/apexbrasil.com.br\/br\/pt\/solucoes\/todas-as-solucoes\/programa-de-qualificacao-para-exportacao---peiex.html\">Peiex<\/a>. Presente em todas as regi\u00f5es do pa\u00eds, o programa orienta os empres\u00e1rios que desejam exportar seus produtos. Os interessados podem entrar em contato com os respectivos n\u00facleos operacionais da ApexBrasil, em cada estado do pa\u00eds e assinar um termo de ades\u00e3o ao programa.\u00a0<\/p>\n<p>O atendimento \u00e0s empresas por meio do programa \u00e9 gratuito. Basta ao empres\u00e1rio estar disposto a dedicar tempo e a investir na melhoria do seu neg\u00f3cio. O diagn\u00f3stico do que a empresa precisa melhorar para acessar o mercado exterior dura aproximadamente 38 horas. O empreendedor recebe um plano de exporta\u00e7\u00e3o com orienta\u00e7\u00f5es para internacionalizar sua marca.\u00a0<\/p>\n<p>Entre 2021 e 2023, o Peiex atendeu 5,3 mil empresas. Destas, 827 j\u00e1 est\u00e3o exportando e faturaram, no per\u00edodo, US$ 3,16 bilh\u00f5es.\u00a0<\/p>\n<p>Para mais informa\u00e7\u00f5es sobre empresas que internacionalizam suas vendas e programas de incentivo \u00e0 exporta\u00e7\u00e3o, acesse: <a href=\"http:\/\/www.apexbrasil.com.br.\">www.apexbrasil.com.br.<\/a><\/p>\n<p>\t\t\t\t\t\t\t\t\t<img loading=\"lazy\" decoding=\"async\" src=\"https:\/\/brasil61.com\/api\/v1\/serve_pixel\/17677\/74050\" alt=\"Pixel Brasil 61\" class=\"b61_pixel\" width=\"0\" height=\"0\"><\/p>\n<input type=\"hidden\" id=\"baseurl\" value=\"https:\/\/noticiasdestaque.com.br\"><input type=\"hidden\" id=\"audio_nonce\" value=\"6a24ca502e\">","protected":false},"excerpt":{"rendered":"<p>Empresa familiar que come\u00e7ou h\u00e1 74 anos, em Jundia\u00ed, interior de S\u00e3o Paulo, est\u00e1 pronta para exportar caf\u00e9, depois de passar por treinamento junto \u00e0 ApexBrasil <\/p>\n","protected":false},"author":1,"featured_media":15753,"comment_status":"open","ping_status":"open","sticky":false,"template":"","format":"standard","meta":{"fifu_image_url":"","fifu_image_alt":"","footnotes":""},"categories":[59],"tags":[],"class_list":["post-15752","post","type-post","status-publish","format-standard","has-post-thumbnail","hentry","category-economia"],"distributor_meta":false,"distributor_terms":false,"distributor_media":false,"distributor_original_site_name":"Noticias em Destaque","distributor_original_site_url":"https:\/\/noticiasdestaque.com.br","push-errors":false,"_links":{"self":[{"href":"https:\/\/noticiasdestaque.com.br\/index.php\/wp-json\/wp\/v2\/posts\/15752","targetHints":{"allow":["GET"]}}],"collection":[{"href":"https:\/\/noticiasdestaque.com.br\/index.php\/wp-json\/wp\/v2\/posts"}],"about":[{"href":"https:\/\/noticiasdestaque.com.br\/index.php\/wp-json\/wp\/v2\/types\/post"}],"author":[{"embeddable":true,"href":"https:\/\/noticiasdestaque.com.br\/index.php\/wp-json\/wp\/v2\/users\/1"}],"replies":[{"embeddable":true,"href":"https:\/\/noticiasdestaque.com.br\/index.php\/wp-json\/wp\/v2\/comments?post=15752"}],"version-history":[{"count":0,"href":"https:\/\/noticiasdestaque.com.br\/index.php\/wp-json\/wp\/v2\/posts\/15752\/revisions"}],"wp:featuredmedia":[{"embeddable":true,"href":"https:\/\/noticiasdestaque.com.br\/index.php\/wp-json\/wp\/v2\/media\/15753"}],"wp:attachment":[{"href":"https:\/\/noticiasdestaque.com.br\/index.php\/wp-json\/wp\/v2\/media?parent=15752"}],"wp:term":[{"taxonomy":"category","embeddable":true,"href":"https:\/\/noticiasdestaque.com.br\/index.php\/wp-json\/wp\/v2\/categories?post=15752"},{"taxonomy":"post_tag","embeddable":true,"href":"https:\/\/noticiasdestaque.com.br\/index.php\/wp-json\/wp\/v2\/tags?post=15752"}],"curies":[{"name":"wp","href":"https:\/\/api.w.org\/{rel}","templated":true}]}}