{"id":15744,"date":"2024-08-13T19:00:00","date_gmt":"2024-08-13T22:00:00","guid":{"rendered":"https:\/\/noticiasdestaque.com.br\/index.php\/2024\/08\/13\/previsao-do-tempo-quarta-feira-14-com-alerta-para-geada-e-baixa-umidade-em-minas-gerais\/"},"modified":"2024-08-13T19:00:00","modified_gmt":"2024-08-13T22:00:00","slug":"previsao-do-tempo-quarta-feira-14-com-alerta-para-geada-e-baixa-umidade-em-minas-gerais","status":"publish","type":"post","link":"https:\/\/noticiasdestaque.com.br\/index.php\/2024\/08\/13\/previsao-do-tempo-quarta-feira-14-com-alerta-para-geada-e-baixa-umidade-em-minas-gerais\/","title":{"rendered":"PREVIS\u00c3O DO TEMPO: quarta-feira (14) com alerta para geada e baixa umidade em Minas Gerais"},"content":{"rendered":"<p>\t\t\t\t\t\t\t\t\t\t<audio controls class=\"b61_audio_player\" data-noticia=\"74182\" src=\"https:\/\/brasil61.com\/rails\/active_storage\/blobs\/eyJfcmFpbHMiOnsibWVzc2FnZSI6IkJBaHBBNUR2QWc9PSIsImV4cCI6bnVsbCwicHVyIjoiYmxvYl9pZCJ9fQ==--3526df2f88eb736240cbaea81c6225fbd0418243\/PTSD243735A\"><\/audio><\/p>\n<p>Nesta quarta-feira (14), o Instituto Nacional de Meteorologia (Inmet) alerta para perigo potencial de geada no sul, sudoeste de Minas e Zona da Mata.<\/p>\n<p>Tamb\u00e9m h\u00e1 alerta para perigo potencial de baixa umidade no Tri\u00e2ngulo Mineiro\/Alto Parana\u00edba, Campo das Vertentes, Zona da Mata, central mineira, oeste, sul, sudoeste, noroeste e norte de Minas, em cidades como Alfenas, Cruz\u00edlia e Frutal.<\/p>\n<p>O dia come\u00e7a com geada nas microrregi\u00f5es de Andrel\u00e2ndia, Itajub\u00e1, S\u00e3o Louren\u00e7o, Santa Rita do Sapuca\u00ed e Pouso Alegre. Nas demais localidades, varia\u00e7\u00e3o de nuvens em todo o estado. Durante a tarde e \u00e0 noite, h\u00e1 varia\u00e7\u00e3o de nuvens e sem geadas.<\/p>\n<p>A temperatura m\u00ednima fica em torno de 2\u00b0C, em Camanducaia, e a m\u00e1xima prevista \u00e9 de 33\u00baC, em Formoso. A umidade relativa do ar varia entre 30% e 75%.<\/p>\n<p>As informa\u00e7\u00f5es s\u00e3o do Instituto Nacional de Meteorologia.<br \/>\n\u00a0<\/p>\n<p>\t\t\t\t\t\t\t\t\t<img loading=\"lazy\" decoding=\"async\" src=\"https:\/\/brasil61.com\/api\/v1\/serve_pixel\/17677\/74182\" alt=\"Pixel Brasil 61\" class=\"b61_pixel\" width=\"0\" height=\"0\"><\/p>\n<input type=\"hidden\" id=\"baseurl\" value=\"https:\/\/noticiasdestaque.com.br\"><input type=\"hidden\" id=\"audio_nonce\" value=\"6f73a554f1\">","protected":false},"excerpt":{"rendered":"<p>A temperatura pode variar entre 2\u00baC e 33\u00baC<\/p>\n","protected":false},"author":1,"featured_media":15745,"comment_status":"open","ping_status":"open","sticky":false,"template":"","format":"standard","meta":{"fifu_image_url":"","fifu_image_alt":"","footnotes":""},"categories":[58],"tags":[],"class_list":["post-15744","post","type-post","status-publish","format-standard","has-post-thumbnail","hentry","category-cotidiano"],"distributor_meta":false,"distributor_terms":false,"distributor_media":false,"distributor_original_site_name":"Noticias em Destaque","distributor_original_site_url":"https:\/\/noticiasdestaque.com.br","push-errors":false,"_links":{"self":[{"href":"https:\/\/noticiasdestaque.com.br\/index.php\/wp-json\/wp\/v2\/posts\/15744","targetHints":{"allow":["GET"]}}],"collection":[{"href":"https:\/\/noticiasdestaque.com.br\/index.php\/wp-json\/wp\/v2\/posts"}],"about":[{"href":"https:\/\/noticiasdestaque.com.br\/index.php\/wp-json\/wp\/v2\/types\/post"}],"author":[{"embeddable":true,"href":"https:\/\/noticiasdestaque.com.br\/index.php\/wp-json\/wp\/v2\/users\/1"}],"replies":[{"embeddable":true,"href":"https:\/\/noticiasdestaque.com.br\/index.php\/wp-json\/wp\/v2\/comments?post=15744"}],"version-history":[{"count":0,"href":"https:\/\/noticiasdestaque.com.br\/index.php\/wp-json\/wp\/v2\/posts\/15744\/revisions"}],"wp:featuredmedia":[{"embeddable":true,"href":"https:\/\/noticiasdestaque.com.br\/index.php\/wp-json\/wp\/v2\/media\/15745"}],"wp:attachment":[{"href":"https:\/\/noticiasdestaque.com.br\/index.php\/wp-json\/wp\/v2\/media?parent=15744"}],"wp:term":[{"taxonomy":"category","embeddable":true,"href":"https:\/\/noticiasdestaque.com.br\/index.php\/wp-json\/wp\/v2\/categories?post=15744"},{"taxonomy":"post_tag","embeddable":true,"href":"https:\/\/noticiasdestaque.com.br\/index.php\/wp-json\/wp\/v2\/tags?post=15744"}],"curies":[{"name":"wp","href":"https:\/\/api.w.org\/{rel}","templated":true}]}}