{"id":15677,"date":"2024-08-11T03:00:00","date_gmt":"2024-08-11T06:00:00","guid":{"rendered":"https:\/\/noticiasdestaque.com.br\/index.php\/2024\/08\/11\/setor-industrial-cresce-41-em-oito-de-15-locais-pesquisados\/"},"modified":"2024-08-11T03:00:00","modified_gmt":"2024-08-11T06:00:00","slug":"setor-industrial-cresce-41-em-oito-de-15-locais-pesquisados","status":"publish","type":"post","link":"https:\/\/noticiasdestaque.com.br\/index.php\/2024\/08\/11\/setor-industrial-cresce-41-em-oito-de-15-locais-pesquisados\/","title":{"rendered":"Setor industrial cresce 4,1% em oito de 15 locais pesquisados"},"content":{"rendered":"<p>\t\t\t\t\t\t\t\t\t\t<audio controls class=\"b61_audio_player\" data-noticia=\"74061\" src=\"https:\/\/brasil61.com\/rails\/active_storage\/blobs\/eyJfcmFpbHMiOnsibWVzc2FnZSI6IkJBaHBBM3Z1QWc9PSIsImV4cCI6bnVsbCwicHVyIjoiYmxvYl9pZCJ9fQ==--5da2283ac861a0d7c8935c5c260e48bcd92ba7a1\/BRAS2412347A\"><\/audio><\/p>\n<p>A produtividade da ind\u00fastria nacional cresceu 4,1%, em junho, na s\u00e9rie com ajuste sazonal, em compara\u00e7\u00e3o com o m\u00eas de maio. Ao todo, oito dos 15 locais pesquisados apresentaram bom desempenho. Paran\u00e1 (4,5%), Par\u00e1 (3,2%), S\u00e3o Paulo (1,2%) e Mato Grosso (0,9%) foram os destaques do \u00faltimo levantamento na m\u00e9dia trimestral. Os dados s\u00e3o da Pesquisa Industrial Mensal (PIM) Regional, do Instituto Brasileiro de Geografia e Estat\u00edstica (IBGE).\u00a0<\/p>\n<p>Ao retratar o \u00edndice de m\u00e9dia m\u00f3vel trimestral para a ind\u00fastria, o avan\u00e7o foi de 0,7% no trimestre encerrado em junho frente ao n\u00edvel do m\u00eas anterior. Conforme o levantamento, ao verificar o acumulado no ano de 2024, a alta foi de 2,6% da ind\u00fastria nacional acompanhada por resultados positivos em 16 dos 18 locais pesquisados. O estado do Rio Grande do Norte registrou o avan\u00e7o mais acentuado de dois d\u00edgitos, com 22,9%.<\/p>\n<p>Em rela\u00e7\u00e3o ao mesmo m\u00eas do ano anterior, o aumento do setor industrial foi de 3,2%, em 2024, com resultados positivos em 11 dos 18 locais pesquisados. A alta mais intensa foi no Maranh\u00e3o (17,3%).<\/p>\n<p>De acordo com o estudo, ao comparar o resultado do primeiro trimestre de 2024 com o segundo trimestre de 2024, frente iguais per\u00edodos do ano anterior, oito dos 18 locais pesquisados mostraram ganho de dinamismo, acompanhando, assim, o movimento observado no total nacional, que passou de 1,9% para 3,3%.<\/p>\n<p>As atividades de celulose, papel e produtos de papel (celulose) e metalurgia (\u00f3xido de alum\u00ednio), de coque, produtos derivados do petr\u00f3leo e biocombust\u00edveis (\u00f3leo diesel), produtos aliment\u00edcios (carnes de bovinos frescas ou refrigeradas, tortas, baga\u00e7os, farelos e outros res\u00edduos da extra\u00e7\u00e3o do \u00f3leo de soja e a\u00e7\u00facar VHP) e produtos t\u00eaxteis s\u00e3o exemplos de servi\u00e7os que contribu\u00edram para o resultado positivo em algumas localidades.<\/p>\n<h2>Resultados em baixa<\/h2>\n<p>Em movimento oposto, a Regi\u00e3o Nordeste (-6,0%), Bahia (-5,4%) e Pernambuco (-5,2%) mostraram as quedas mais elevadas no m\u00eas de junho, com os dois primeiros voltando a recuar ap\u00f3s avan\u00e7arem 4,7% e 9,0% em maio, e o \u00faltimo marcando o segundo m\u00eas seguido de queda na produ\u00e7\u00e3o, per\u00edodo em que acumulou perda de 8,7%. Os demais resultados negativos ficaram por conta de Goi\u00e1s (-4,6%), Amazonas (-3,4%) e Mato Grosso (-2,1%).\u00a0<\/p>\n<p>Esp\u00edrito Santo (-9,6%) e Amazonas (-5,7%) mostraram os recuos elevados pressionados, principalmente, pelas atividades de ind\u00fastrias extrativas (min\u00e9rios de ferro pelotizados ou sinterizados e \u00f3leos brutos de petr\u00f3leo), de coque, produtos derivados do petr\u00f3leo e biocombust\u00edveis.<br \/>\n\u00a0<\/p>\n<p>\t\t\t\t\t\t\t\t\t<img loading=\"lazy\" decoding=\"async\" src=\"https:\/\/brasil61.com\/api\/v1\/serve_pixel\/17677\/74061\" alt=\"Pixel Brasil 61\" class=\"b61_pixel\" width=\"0\" height=\"0\"><\/p>\n<input type=\"hidden\" id=\"baseurl\" value=\"https:\/\/noticiasdestaque.com.br\"><input type=\"hidden\" id=\"audio_nonce\" value=\"6a24ca502e\">","protected":false},"excerpt":{"rendered":"<p>Paran\u00e1 (4,5%), Par\u00e1 (3,2%), S\u00e3o Paulo (1,2%) e Mato Grosso (0,9%) foram as expans\u00f5es mais acentuadas na m\u00e9dia trimestral<\/p>\n","protected":false},"author":1,"featured_media":15678,"comment_status":"open","ping_status":"open","sticky":false,"template":"","format":"standard","meta":{"fifu_image_url":"","fifu_image_alt":"","footnotes":""},"categories":[59],"tags":[],"class_list":["post-15677","post","type-post","status-publish","format-standard","has-post-thumbnail","hentry","category-economia"],"distributor_meta":false,"distributor_terms":false,"distributor_media":false,"distributor_original_site_name":"Noticias em Destaque","distributor_original_site_url":"https:\/\/noticiasdestaque.com.br","push-errors":false,"_links":{"self":[{"href":"https:\/\/noticiasdestaque.com.br\/index.php\/wp-json\/wp\/v2\/posts\/15677","targetHints":{"allow":["GET"]}}],"collection":[{"href":"https:\/\/noticiasdestaque.com.br\/index.php\/wp-json\/wp\/v2\/posts"}],"about":[{"href":"https:\/\/noticiasdestaque.com.br\/index.php\/wp-json\/wp\/v2\/types\/post"}],"author":[{"embeddable":true,"href":"https:\/\/noticiasdestaque.com.br\/index.php\/wp-json\/wp\/v2\/users\/1"}],"replies":[{"embeddable":true,"href":"https:\/\/noticiasdestaque.com.br\/index.php\/wp-json\/wp\/v2\/comments?post=15677"}],"version-history":[{"count":0,"href":"https:\/\/noticiasdestaque.com.br\/index.php\/wp-json\/wp\/v2\/posts\/15677\/revisions"}],"wp:featuredmedia":[{"embeddable":true,"href":"https:\/\/noticiasdestaque.com.br\/index.php\/wp-json\/wp\/v2\/media\/15678"}],"wp:attachment":[{"href":"https:\/\/noticiasdestaque.com.br\/index.php\/wp-json\/wp\/v2\/media?parent=15677"}],"wp:term":[{"taxonomy":"category","embeddable":true,"href":"https:\/\/noticiasdestaque.com.br\/index.php\/wp-json\/wp\/v2\/categories?post=15677"},{"taxonomy":"post_tag","embeddable":true,"href":"https:\/\/noticiasdestaque.com.br\/index.php\/wp-json\/wp\/v2\/tags?post=15677"}],"curies":[{"name":"wp","href":"https:\/\/api.w.org\/{rel}","templated":true}]}}