{"id":15673,"date":"2024-08-12T18:45:00","date_gmt":"2024-08-12T21:45:00","guid":{"rendered":"https:\/\/noticiasdestaque.com.br\/index.php\/2024\/08\/12\/previsao-do-tempo-terca-feira-13-com-alerta-para-geada-e-baixa-umidade-em-minas-gerais\/"},"modified":"2024-08-12T18:45:00","modified_gmt":"2024-08-12T21:45:00","slug":"previsao-do-tempo-terca-feira-13-com-alerta-para-geada-e-baixa-umidade-em-minas-gerais","status":"publish","type":"post","link":"https:\/\/noticiasdestaque.com.br\/index.php\/2024\/08\/12\/previsao-do-tempo-terca-feira-13-com-alerta-para-geada-e-baixa-umidade-em-minas-gerais\/","title":{"rendered":"PREVIS\u00c3O DO TEMPO: ter\u00e7a-feira (13) com alerta para geada e baixa umidade em Minas Gerais"},"content":{"rendered":"<p>\t\t\t\t\t\t\t\t\t\t<audio controls class=\"b61_audio_player\" data-noticia=\"74133\" src=\"https:\/\/brasil61.com\/rails\/active_storage\/blobs\/eyJfcmFpbHMiOnsibWVzc2FnZSI6IkJBaHBBeTd2QWc9PSIsImV4cCI6bnVsbCwicHVyIjoiYmxvYl9pZCJ9fQ==--89ae19f7c2911d3cc8c8ecfe7a00cd219fed2644\/PTSD243731A\"><\/audio><\/p>\n<p>Nesta ter\u00e7a-feira (13), o Instituto Nacional de Meteorologia (Inmet) alerta para perigo potencial de geada no Campo das Vertentes, Zona da Mata, Tri\u00e2ngulo Mineiro, Alto Parana\u00edba, oeste, sul e sudoeste de Minas, atingindo cidades como Arax\u00e1, Barbacena e Extrema.<\/p>\n<p>Tamb\u00e9m h\u00e1 alerta para perigo potencial de baixa umidade em todo o estado de Minas Gerais.\u00a0<\/p>\n<p>O dia come\u00e7a com possibilidade de geada no Tri\u00e2ngulo Mineiro e Alto Parana\u00edba, oeste, sul e sudoeste de Minas. Varia\u00e7\u00e3o de nuvens nas demais regi\u00f5es do estado. Durante a tarde, chuvas brandas na microrregi\u00e3o de Almenara. \u00c0 noite, a chuva branda se estende para a microrregi\u00e3o de Nanuque.\u00a0<\/p>\n<p>A temperatura m\u00ednima fica em torno de -4\u00b0C, em Camanducaia, e a m\u00e1xima prevista \u00e9 de 35\u00baC, em Matias Cardoso. A umidade relativa do ar varia entre 45% e 50%.<\/p>\n<p>As informa\u00e7\u00f5es s\u00e3o do Instituto Nacional de Meteorologia.<br \/>\n\u00a0<\/p>\n<p>\t\t\t\t\t\t\t\t\t<img loading=\"lazy\" decoding=\"async\" src=\"https:\/\/brasil61.com\/api\/v1\/serve_pixel\/17677\/74133\" alt=\"Pixel Brasil 61\" class=\"b61_pixel\" width=\"0\" height=\"0\"><\/p>\n<input type=\"hidden\" id=\"baseurl\" value=\"https:\/\/noticiasdestaque.com.br\"><input type=\"hidden\" id=\"audio_nonce\" value=\"6f73a554f1\">","protected":false},"excerpt":{"rendered":"<p>A temperatura pode variar entre -4\u00baC e 35\u00baC<\/p>\n","protected":false},"author":1,"featured_media":15674,"comment_status":"open","ping_status":"open","sticky":false,"template":"","format":"standard","meta":{"fifu_image_url":"","fifu_image_alt":"","footnotes":""},"categories":[58],"tags":[],"class_list":["post-15673","post","type-post","status-publish","format-standard","has-post-thumbnail","hentry","category-cotidiano"],"distributor_meta":false,"distributor_terms":false,"distributor_media":false,"distributor_original_site_name":"Noticias em Destaque","distributor_original_site_url":"https:\/\/noticiasdestaque.com.br","push-errors":false,"_links":{"self":[{"href":"https:\/\/noticiasdestaque.com.br\/index.php\/wp-json\/wp\/v2\/posts\/15673","targetHints":{"allow":["GET"]}}],"collection":[{"href":"https:\/\/noticiasdestaque.com.br\/index.php\/wp-json\/wp\/v2\/posts"}],"about":[{"href":"https:\/\/noticiasdestaque.com.br\/index.php\/wp-json\/wp\/v2\/types\/post"}],"author":[{"embeddable":true,"href":"https:\/\/noticiasdestaque.com.br\/index.php\/wp-json\/wp\/v2\/users\/1"}],"replies":[{"embeddable":true,"href":"https:\/\/noticiasdestaque.com.br\/index.php\/wp-json\/wp\/v2\/comments?post=15673"}],"version-history":[{"count":0,"href":"https:\/\/noticiasdestaque.com.br\/index.php\/wp-json\/wp\/v2\/posts\/15673\/revisions"}],"wp:featuredmedia":[{"embeddable":true,"href":"https:\/\/noticiasdestaque.com.br\/index.php\/wp-json\/wp\/v2\/media\/15674"}],"wp:attachment":[{"href":"https:\/\/noticiasdestaque.com.br\/index.php\/wp-json\/wp\/v2\/media?parent=15673"}],"wp:term":[{"taxonomy":"category","embeddable":true,"href":"https:\/\/noticiasdestaque.com.br\/index.php\/wp-json\/wp\/v2\/categories?post=15673"},{"taxonomy":"post_tag","embeddable":true,"href":"https:\/\/noticiasdestaque.com.br\/index.php\/wp-json\/wp\/v2\/tags?post=15673"}],"curies":[{"name":"wp","href":"https:\/\/api.w.org\/{rel}","templated":true}]}}