{"id":15667,"date":"2024-08-12T19:10:00","date_gmt":"2024-08-12T22:10:00","guid":{"rendered":"https:\/\/noticiasdestaque.com.br\/index.php\/2024\/08\/12\/previsao-do-tempo-terca-feira-13-com-alerta-para-geadas-e-baixa-umidade-em-sao-paulo\/"},"modified":"2024-08-12T19:10:00","modified_gmt":"2024-08-12T22:10:00","slug":"previsao-do-tempo-terca-feira-13-com-alerta-para-geadas-e-baixa-umidade-em-sao-paulo","status":"publish","type":"post","link":"https:\/\/noticiasdestaque.com.br\/index.php\/2024\/08\/12\/previsao-do-tempo-terca-feira-13-com-alerta-para-geadas-e-baixa-umidade-em-sao-paulo\/","title":{"rendered":"PREVIS\u00c3O DO TEMPO: ter\u00e7a-feira (13) com alerta para geadas e baixa umidade em S\u00e3o Paulo"},"content":{"rendered":"<p>\t\t\t\t\t\t\t\t\t\t<audio controls class=\"b61_audio_player\" data-noticia=\"74131\" src=\"https:\/\/brasil61.com\/rails\/active_storage\/blobs\/eyJfcmFpbHMiOnsibWVzc2FnZSI6IkJBaHBBekR2QWc9PSIsImV4cCI6bnVsbCwicHVyIjoiYmxvYl9pZCJ9fQ==--2ec866ca9d0262290cda2ee8c0796058cf36f3d4\/PTSD243729B\"><\/audio><\/p>\n<p>Nesta ter\u00e7a-feira (13), o Instituto Nacional de Meteorologia (Inmet) alerta para perigo potencial de geada em Campinas, Macro Metropolitana e Vale do Para\u00edba.<\/p>\n<p>Tamb\u00e9m h\u00e1 alerta para baixa umidade em Presidente Prudente, S\u00e3o Jos\u00e9 do Rio Preto, Campinas, Bauru, Piracicaba, Ribeir\u00e3o Preto, Ara\u00e7atuba, Macro Metropolitana Paulista, Mar\u00edlia, Araraquara, Vale do Para\u00edba Paulista, Metropolitana de S\u00e3o Paulo e Assis.\u00a0<\/p>\n<p>O dia come\u00e7a com possibilidade de geada em Presidente Prudente, Mar\u00edlia, Assis, Itapetininga, Litoral Sul Paulista, Campinas, Ribeir\u00e3o Preto e S\u00e3o Jos\u00e9 do Rio Preto. Nas demais regi\u00f5es do estado, poucas nuvens e sem previs\u00e3o de geada. Durante a tarde e \u00e0 noite, poucas nuvens.\u00a0<\/p>\n<p>A temperatura m\u00ednima fica em torno de -1\u00b0C, em Campos do Jord\u00e3o, e a m\u00e1xima prevista \u00e9 de 26\u00baC, em Guararapes. A umidade relativa do ar varia entre 45% e 95%.<\/p>\n<p>As informa\u00e7\u00f5es s\u00e3o do Instituto Nacional de Meteorologia.<\/p>\n<p>\u00a0<\/p>\n<p>\t\t\t\t\t\t\t\t\t<img loading=\"lazy\" decoding=\"async\" src=\"https:\/\/brasil61.com\/api\/v1\/serve_pixel\/17677\/74131\" alt=\"Pixel Brasil 61\" class=\"b61_pixel\" width=\"0\" height=\"0\"><\/p>\n<input type=\"hidden\" id=\"baseurl\" value=\"https:\/\/noticiasdestaque.com.br\"><input type=\"hidden\" id=\"audio_nonce\" value=\"6f73a554f1\">","protected":false},"excerpt":{"rendered":"<p>A temperatura pode variar entre -1\u00baC e 26\u00baC<\/p>\n","protected":false},"author":1,"featured_media":15668,"comment_status":"open","ping_status":"open","sticky":false,"template":"","format":"standard","meta":{"fifu_image_url":"","fifu_image_alt":"","footnotes":""},"categories":[58],"tags":[],"class_list":["post-15667","post","type-post","status-publish","format-standard","has-post-thumbnail","hentry","category-cotidiano"],"distributor_meta":false,"distributor_terms":false,"distributor_media":false,"distributor_original_site_name":"Noticias em Destaque","distributor_original_site_url":"https:\/\/noticiasdestaque.com.br","push-errors":false,"_links":{"self":[{"href":"https:\/\/noticiasdestaque.com.br\/index.php\/wp-json\/wp\/v2\/posts\/15667","targetHints":{"allow":["GET"]}}],"collection":[{"href":"https:\/\/noticiasdestaque.com.br\/index.php\/wp-json\/wp\/v2\/posts"}],"about":[{"href":"https:\/\/noticiasdestaque.com.br\/index.php\/wp-json\/wp\/v2\/types\/post"}],"author":[{"embeddable":true,"href":"https:\/\/noticiasdestaque.com.br\/index.php\/wp-json\/wp\/v2\/users\/1"}],"replies":[{"embeddable":true,"href":"https:\/\/noticiasdestaque.com.br\/index.php\/wp-json\/wp\/v2\/comments?post=15667"}],"version-history":[{"count":0,"href":"https:\/\/noticiasdestaque.com.br\/index.php\/wp-json\/wp\/v2\/posts\/15667\/revisions"}],"wp:featuredmedia":[{"embeddable":true,"href":"https:\/\/noticiasdestaque.com.br\/index.php\/wp-json\/wp\/v2\/media\/15668"}],"wp:attachment":[{"href":"https:\/\/noticiasdestaque.com.br\/index.php\/wp-json\/wp\/v2\/media?parent=15667"}],"wp:term":[{"taxonomy":"category","embeddable":true,"href":"https:\/\/noticiasdestaque.com.br\/index.php\/wp-json\/wp\/v2\/categories?post=15667"},{"taxonomy":"post_tag","embeddable":true,"href":"https:\/\/noticiasdestaque.com.br\/index.php\/wp-json\/wp\/v2\/tags?post=15667"}],"curies":[{"name":"wp","href":"https:\/\/api.w.org\/{rel}","templated":true}]}}