{"id":15633,"date":"2024-08-12T18:00:00","date_gmt":"2024-08-12T21:00:00","guid":{"rendered":"https:\/\/noticiasdestaque.com.br\/index.php\/2024\/08\/12\/previsao-do-tempo-terca-feira-13-com-alerta-de-geada-e-onda-de-frio-no-rio-grande-do-sul\/"},"modified":"2024-08-12T18:00:00","modified_gmt":"2024-08-12T21:00:00","slug":"previsao-do-tempo-terca-feira-13-com-alerta-de-geada-e-onda-de-frio-no-rio-grande-do-sul","status":"publish","type":"post","link":"https:\/\/noticiasdestaque.com.br\/index.php\/2024\/08\/12\/previsao-do-tempo-terca-feira-13-com-alerta-de-geada-e-onda-de-frio-no-rio-grande-do-sul\/","title":{"rendered":"PREVIS\u00c3O DO TEMPO: ter\u00e7a-feira (13) com alerta de geada e onda de frio no Rio Grande do Sul"},"content":{"rendered":"<p>\t\t\t\t\t\t\t\t\t\t<audio controls class=\"b61_audio_player\" data-noticia=\"74101\" src=\"https:\/\/brasil61.com\/rails\/active_storage\/blobs\/eyJfcmFpbHMiOnsibWVzc2FnZSI6IkJBaHBBODd1QWc9PSIsImV4cCI6bnVsbCwicHVyIjoiYmxvYl9pZCJ9fQ==--6bb940631d714381bd65eeb9b99be7902dec9407\/PTRS243631A\"><\/audio><\/p>\n<p>Nesta ter\u00e7a-feira (13), o Instituto Nacional de Meteorologia (Inmet) alerta para perigo de geadas em todo o Rio Grande do Sul, atingindo cidades como Santa Cruz do Sul, Charqueadas e Camaqu\u00e3.<\/p>\n<p>O Inmet tamb\u00e9m alerta para perigo de onda de frio em todo o estado, atingindo cidades como Dois Irm\u00e3os, Cerro Largo e Taquara.\u00a0<\/p>\n<p>Durante a manh\u00e3, a previs\u00e3o \u00e9 de poucas nuvens com geada em quase todo o Rio Grande do Sul. Poucas nuvens apenas nas microrregi\u00f5es de Porto Alegre, Os\u00f3rio e Litoral Lagunar. Durante a tarde e \u00e0 noite, poucas nuvens e sem geadas em todo o estado.<\/p>\n<p>A temperatura m\u00ednima fica em torno de -2\u00b0C, em S\u00e3o Jos\u00e9 dos Ausentes, e a m\u00e1xima prevista \u00e9 de 18\u00baC, em S\u00e3o Francisco de Assis. A umidade relativa do ar varia entre 65% e 90%.<\/p>\n<p>As informa\u00e7\u00f5es s\u00e3o do Instituto Nacional de Meteorologia.<br \/>\n\u00a0<\/p>\n<p>\t\t\t\t\t\t\t\t\t<img loading=\"lazy\" decoding=\"async\" src=\"https:\/\/brasil61.com\/api\/v1\/serve_pixel\/17677\/74101\" alt=\"Pixel Brasil 61\" class=\"b61_pixel\" width=\"0\" height=\"0\"><\/p>\n<input type=\"hidden\" id=\"baseurl\" value=\"https:\/\/noticiasdestaque.com.br\"><input type=\"hidden\" id=\"audio_nonce\" value=\"6f73a554f1\">","protected":false},"excerpt":{"rendered":"<p>A temperatura pode variar entre -2\u00baC e 18\u00baC<\/p>\n","protected":false},"author":1,"featured_media":15634,"comment_status":"open","ping_status":"open","sticky":false,"template":"","format":"standard","meta":{"fifu_image_url":"","fifu_image_alt":"","footnotes":""},"categories":[58],"tags":[],"class_list":["post-15633","post","type-post","status-publish","format-standard","has-post-thumbnail","hentry","category-cotidiano"],"distributor_meta":false,"distributor_terms":false,"distributor_media":false,"distributor_original_site_name":"Noticias em Destaque","distributor_original_site_url":"https:\/\/noticiasdestaque.com.br","push-errors":false,"_links":{"self":[{"href":"https:\/\/noticiasdestaque.com.br\/index.php\/wp-json\/wp\/v2\/posts\/15633","targetHints":{"allow":["GET"]}}],"collection":[{"href":"https:\/\/noticiasdestaque.com.br\/index.php\/wp-json\/wp\/v2\/posts"}],"about":[{"href":"https:\/\/noticiasdestaque.com.br\/index.php\/wp-json\/wp\/v2\/types\/post"}],"author":[{"embeddable":true,"href":"https:\/\/noticiasdestaque.com.br\/index.php\/wp-json\/wp\/v2\/users\/1"}],"replies":[{"embeddable":true,"href":"https:\/\/noticiasdestaque.com.br\/index.php\/wp-json\/wp\/v2\/comments?post=15633"}],"version-history":[{"count":0,"href":"https:\/\/noticiasdestaque.com.br\/index.php\/wp-json\/wp\/v2\/posts\/15633\/revisions"}],"wp:featuredmedia":[{"embeddable":true,"href":"https:\/\/noticiasdestaque.com.br\/index.php\/wp-json\/wp\/v2\/media\/15634"}],"wp:attachment":[{"href":"https:\/\/noticiasdestaque.com.br\/index.php\/wp-json\/wp\/v2\/media?parent=15633"}],"wp:term":[{"taxonomy":"category","embeddable":true,"href":"https:\/\/noticiasdestaque.com.br\/index.php\/wp-json\/wp\/v2\/categories?post=15633"},{"taxonomy":"post_tag","embeddable":true,"href":"https:\/\/noticiasdestaque.com.br\/index.php\/wp-json\/wp\/v2\/tags?post=15633"}],"curies":[{"name":"wp","href":"https:\/\/api.w.org\/{rel}","templated":true}]}}