{"id":15617,"date":"2024-08-12T03:01:00","date_gmt":"2024-08-12T06:01:00","guid":{"rendered":"https:\/\/noticiasdestaque.com.br\/index.php\/2024\/08\/12\/mais-de-17-mil-cidades-sao-afetadas-pela-seca-severa-ou-extrema-no-brasil\/"},"modified":"2024-08-12T03:01:00","modified_gmt":"2024-08-12T06:01:00","slug":"mais-de-17-mil-cidades-sao-afetadas-pela-seca-severa-ou-extrema-no-brasil","status":"publish","type":"post","link":"https:\/\/noticiasdestaque.com.br\/index.php\/2024\/08\/12\/mais-de-17-mil-cidades-sao-afetadas-pela-seca-severa-ou-extrema-no-brasil\/","title":{"rendered":"Mais de 1,7 mil cidades s\u00e3o afetadas pela seca severa ou extrema no Brasil"},"content":{"rendered":"<p>\t\t\t\t\t\t\t\t\t\t<audio controls class=\"b61_audio_player\" data-noticia=\"74080\" src=\"https:\/\/brasil61.com\/rails\/active_storage\/blobs\/eyJfcmFpbHMiOnsibWVzc2FnZSI6IkJBaHBBNlh1QWc9PSIsImV4cCI6bnVsbCwicHVyIjoiYmxvYl9pZCJ9fQ==--87325ea535cb953e8c8cd40d8ffea6cb5d0a2604\/BRAS2412358A\"><\/audio><\/p>\n<p>Aproximadamente 1.765 munic\u00edpios brasileiros foram gravemente afetados pela seca desde o ano passado, com cerca de 404 cidades enfrentando seca extrema e 1.361 a seca severa, conforme dados da planilha de classifica\u00e7\u00e3o de seca nos munic\u00edpios, enviada pelo Centro Nacional de Monitoramento e Alertas de Desastres Naturais (Cemaden) ao portal <strong>Brasil 61<\/strong>.<\/p>\n<p>Segundo Marcelo Zeri, pesquisador em Agrometeorologia do Cemaden, a seca que afeta o Brasil j\u00e1 se arrasta desde 2023. Inicialmente, ela estava associada ao fen\u00f4meno El Ni\u00f1o, seguida por uma esta\u00e7\u00e3o chuvosa curta e um in\u00edcio repentino da esta\u00e7\u00e3o seca.<\/p>\n<p>\u201cA seca tamb\u00e9m continua bastante forte na regi\u00e3o Norte do pa\u00eds. A gente tem muitos rios com n\u00edveis muito baixos, como por exemplo os rios\u00a0Madeira e Purus, na regi\u00e3o sul do Amazonas. Isso est\u00e1 afetando o transporte fluvial e uma s\u00e9rie de outras atividades na regi\u00e3o\u201d, completa.<\/p>\n<p>O pesquisador da Embrapa Meio Ambiente\u00a0Vinicius Bufon afirma que o aumento na frequ\u00eancia e intensidade das secas no Cerrado, consequ\u00eancia das mudan\u00e7as clim\u00e1ticas, impacta diretamente o desenvolvimento, a produtividade e a qualidade da produ\u00e7\u00e3o agr\u00edcola na regi\u00e3o.<\/p>\n<p>\u201cEsse agravamento das secas impacta direta e intensamente a economia nacional e local, dado que reduz a oferta de alimentos, biocombust\u00edveis e fibras, gera press\u00e3o por aumento de pre\u00e7o e infla\u00e7\u00e3o\u00a0e reduz a arrecada\u00e7\u00e3o de impostos, a renda\u00a0e o poder de compra dos brasileiros\u201d, explica.<\/p>\n<p>O pesquisador tamb\u00e9m destaca que o impacto negativo das secas n\u00e3o se limita ao ano em que ocorrem. Em diversas culturas, h\u00e1 um efeito residual que persiste nos anos seguintes, mesmo ap\u00f3s o retorno das chuvas \u00e0 normalidade.<\/p>\n<h2>Chuvas e impactos na agricultura<\/h2>\n<p>De acordo com o Instituto Nacional de Meteorologia (Inmet), a previs\u00e3o para este m\u00eas de agosto indica chuvas acima da m\u00e9dia no norte da Regi\u00e3o Norte e em \u00e1reas pontuais do leste das regi\u00f5es Nordeste, Sudeste e Sul. No entanto, grande parte do Centro-Oeste, Sudeste e\u00a0sul da Regi\u00e3o Norte, interior do Nordeste e oeste da Regi\u00e3o Sul deve ter chuvas pr\u00f3ximas ou abaixo da m\u00e9dia, devido \u00e0 persist\u00eancia de massas de ar seco, que reduzem a umidade e aumentam o risco de queimadas e doen\u00e7as respirat\u00f3rias.<\/p>\n<h2>Temperaturas<\/h2>\n<p>Ainda de acordo com o Inmet, a previs\u00e3o indica temperaturas acima da m\u00e9dia em grande parte do Brasil, com dias de calor intenso, especialmente no sudeste do Par\u00e1, Tocantins, Maranh\u00e3o e Piau\u00ed, onde as m\u00e9dias podem ultrapassar os 30\u00baC.\u00a0<\/p>\n<p>Nas regi\u00f5es da Para\u00edba, Pernambuco, Alagoas, Sergipe, Bahia e no norte de Minas Gerais\u00a0as temperaturas devem ficar pr\u00f3ximas da m\u00e9dia, variando entre 20\u00baC e 22\u00baC.\u00a0<\/p>\n<p>Na Regi\u00e3o Sul, as temperaturas ser\u00e3o em geral acima da m\u00e9dia, exceto no sul do Rio Grande do Sul e oeste do Paran\u00e1, onde devem ficar pr\u00f3ximas \u00e0 m\u00e9dia. Em \u00e1reas de maior altitude das regi\u00f5es Sul e Sudeste, s\u00e3o esperadas temperaturas pr\u00f3ximas ou abaixo de 12\u00baC, com possibilidade de geadas devido \u00e0 entrada de massas de ar frio.<br \/>\n\u00a0<\/p>\n<p><img decoding=\"async\" style=\"width:100%\" alt=\"\" src=\"https:\/\/noticiasdestaque.com.br\/wp-content\/uploads\/2024\/08\/Maisde17milcidadessoafetadaspelasecaseveraouextremanoBrasil_0001671001723500107.jpeg\" \/>Fonte: Inmet<\/p>\n<p>Os tons em laranja no mapa representam as temperaturas acima da m\u00e9dia e os tons em cinza, as temperaturas pr\u00f3ximas da m\u00e9dia.<\/p>\n<p>\t\t\t\t\t\t\t\t\t<img loading=\"lazy\" decoding=\"async\" src=\"https:\/\/brasil61.com\/api\/v1\/serve_pixel\/17677\/74080\" alt=\"Pixel Brasil 61\" class=\"b61_pixel\" width=\"0\" height=\"0\"><\/p>\n<input type=\"hidden\" id=\"baseurl\" value=\"https:\/\/noticiasdestaque.com.br\"><input type=\"hidden\" id=\"audio_nonce\" value=\"6a24ca502e\">","protected":false},"excerpt":{"rendered":"<p>Cerca de 404 cidades enfrentam seca extrema e 1.361, a seca severa<\/p>\n","protected":false},"author":1,"featured_media":15618,"comment_status":"open","ping_status":"open","sticky":false,"template":"","format":"standard","meta":{"fifu_image_url":"","fifu_image_alt":"","footnotes":""},"categories":[58],"tags":[],"class_list":["post-15617","post","type-post","status-publish","format-standard","has-post-thumbnail","hentry","category-cotidiano"],"distributor_meta":false,"distributor_terms":false,"distributor_media":false,"distributor_original_site_name":"Noticias em Destaque","distributor_original_site_url":"https:\/\/noticiasdestaque.com.br","push-errors":false,"_links":{"self":[{"href":"https:\/\/noticiasdestaque.com.br\/index.php\/wp-json\/wp\/v2\/posts\/15617","targetHints":{"allow":["GET"]}}],"collection":[{"href":"https:\/\/noticiasdestaque.com.br\/index.php\/wp-json\/wp\/v2\/posts"}],"about":[{"href":"https:\/\/noticiasdestaque.com.br\/index.php\/wp-json\/wp\/v2\/types\/post"}],"author":[{"embeddable":true,"href":"https:\/\/noticiasdestaque.com.br\/index.php\/wp-json\/wp\/v2\/users\/1"}],"replies":[{"embeddable":true,"href":"https:\/\/noticiasdestaque.com.br\/index.php\/wp-json\/wp\/v2\/comments?post=15617"}],"version-history":[{"count":0,"href":"https:\/\/noticiasdestaque.com.br\/index.php\/wp-json\/wp\/v2\/posts\/15617\/revisions"}],"wp:featuredmedia":[{"embeddable":true,"href":"https:\/\/noticiasdestaque.com.br\/index.php\/wp-json\/wp\/v2\/media\/15618"}],"wp:attachment":[{"href":"https:\/\/noticiasdestaque.com.br\/index.php\/wp-json\/wp\/v2\/media?parent=15617"}],"wp:term":[{"taxonomy":"category","embeddable":true,"href":"https:\/\/noticiasdestaque.com.br\/index.php\/wp-json\/wp\/v2\/categories?post=15617"},{"taxonomy":"post_tag","embeddable":true,"href":"https:\/\/noticiasdestaque.com.br\/index.php\/wp-json\/wp\/v2\/tags?post=15617"}],"curies":[{"name":"wp","href":"https:\/\/api.w.org\/{rel}","templated":true}]}}