{"id":15614,"date":"2024-08-10T03:00:00","date_gmt":"2024-08-10T06:00:00","guid":{"rendered":"https:\/\/noticiasdestaque.com.br\/index.php\/2024\/08\/10\/frente-fria-provoca-alertas-a-saude-no-brasil\/"},"modified":"2024-08-10T03:00:00","modified_gmt":"2024-08-10T06:00:00","slug":"frente-fria-provoca-alertas-a-saude-no-brasil","status":"publish","type":"post","link":"https:\/\/noticiasdestaque.com.br\/index.php\/2024\/08\/10\/frente-fria-provoca-alertas-a-saude-no-brasil\/","title":{"rendered":"Frente fria provoca alertas \u00e0 sa\u00fade no Brasil"},"content":{"rendered":"<p>\t\t\t\t\t\t\t\t\t\t<audio controls class=\"b61_audio_player\" data-noticia=\"74075\" src=\"https:\/\/brasil61.com\/rails\/active_storage\/blobs\/eyJfcmFpbHMiOnsibWVzc2FnZSI6IkJBaHBBNGp1QWc9PSIsImV4cCI6bnVsbCwicHVyIjoiYmxvYl9pZCJ9fQ==--7fa0f6c74446e41f2640ec688f4d4a7db1b83337\/BRAS2412354A\"><\/audio><\/p>\n<p>Devido \u00e0 incurs\u00e3o de uma frente fria, o Instituto Nacional de Meteorologia (Inmet) emitiu alertas laranja, indicando perigo \u00e0 sa\u00fade por causa do decl\u00ednio acentuado das temperaturas e da onda de frio.\u00a0<\/p>\n<p>De acordo com o Inmet, a previs\u00e3o para o fim de semana \u00e9 de que, no s\u00e1bado (10), o ar frio se propague para \u00e1reas de Goi\u00e1s, noroeste, sul, oeste e Zona da Mata de Minas Gerais, al\u00e9m de outras regi\u00f5es do Rio de Janeiro. O frio tamb\u00e9m avan\u00e7a para parte da Regi\u00e3o Norte, causando queda nas temperaturas no Acre, sul do Amazonas e sudoeste do Par\u00e1.<\/p>\n<p>J\u00e1 no domingo (11), mesmo que mais fraca, a massa de ar frio ainda provocar\u00e1 decl\u00ednio nas temperaturas no norte de Goi\u00e1s, Distrito Federal, \u00e1rea central de Minas Gerais e centro-sul do Esp\u00edrito Santo.<\/p>\n<h2>Est\u00e3o sob alerta:<\/h2>\n<ul>\n<li>Rio Grande do Sul;<\/li>\n<li>Santa Catarina;<\/li>\n<li>Paran\u00e1;<\/li>\n<li>Mato Grosso do Sul;<\/li>\n<li>Rondonia;<\/li>\n<li>S\u00e3o Paulo;<\/li>\n<li>Rio de Janeiro;<\/li>\n<li>Centro, sul e noroeste goiano;<\/li>\n<li>Centro-sul, sudeste, nordeste, sudoeste, norte mato-grossense;<\/li>\n<li>Sul e sudoeste amazonense;\u00a0<\/li>\n<li>Vale do Acre e Vale do Juru\u00e1;<\/li>\n<li>Tri\u00e2ngulo Mineiro, Alto Parana\u00edba, central mineira, Zona da Mata, Vale do Rio Doce, Campo das Vertentes, Metropolitana de Belo Horizonte, Jequitinhonha, noroeste, sul, sudoeste e oeste de minas;<\/li>\n<li>Central, sul, norte e noroeste esp\u00edrito-santense.<\/li>\n<\/ul>\n<p>Segundo Andrea Ramos, meteorologista do Inmet, \u201ctodo esse frio que est\u00e1 acontecendo \u00e9 justamente em fun\u00e7\u00e3o da incurs\u00e3o de uma frente fria que est\u00e1 mais posicionada entre Mato Grosso e S\u00e3o Paulo. No final de semana, principalmente no s\u00e1bado, ainda chove muito no leste de S\u00e3o Paulo, sudeste de Minas Gerais e Rio de Janeiro\u201d.<\/p>\n<h2>Veja o mapa da massa de ar frio e do decl\u00ednio de temperaturas no Brasil<\/h2>\n<p><img decoding=\"async\" style=\"width:100%\" alt=\"\" src=\"https:\/\/noticiasdestaque.com.br\/wp-content\/uploads\/2024\/08\/FrentefriaprovocaalertassadenoBrasil_0627065001723500102.png\" \/>Fonte: Inmet<\/p>\n<h2>Recomenda\u00e7\u00f5es da defesa civil de Santa Catarina:<\/h2>\n<ul>\n<li>Aten\u00e7\u00e3o especial para enfermos, moradores de rua, idosos e crian\u00e7as.<\/li>\n<li>Abrigar animais dom\u00e9sticos nas noites mais frias.<\/li>\n<\/ul>\n<h2>Secretaria de Estado da Sa\u00fade tamb\u00e9m recomenda:<\/h2>\n<ul>\n<li>Manter-se bem agasalhado.<\/li>\n<li>Beber bastante \u00e1gua.<\/li>\n<li>Evitar locais fechados e com grande circula\u00e7\u00e3o de pessoas.<\/li>\n<li>Higienizar as m\u00e3os com frequ\u00eancia.<\/li>\n<\/ul>\n<p>\u00a0<\/p>\n<p>\t\t\t\t\t\t\t\t\t<img loading=\"lazy\" decoding=\"async\" src=\"https:\/\/brasil61.com\/api\/v1\/serve_pixel\/17677\/74075\" alt=\"Pixel Brasil 61\" class=\"b61_pixel\" width=\"0\" height=\"0\"><\/p>\n<input type=\"hidden\" id=\"baseurl\" value=\"https:\/\/noticiasdestaque.com.br\"><input type=\"hidden\" id=\"audio_nonce\" value=\"6a24ca502e\">","protected":false},"excerpt":{"rendered":"<p>O Instituto Nacional de Meteorologia (Inmet) emitiu alertas devido ao decl\u00ednio acentuado das temperaturas provocado pela onda de frio<\/p>\n","protected":false},"author":1,"featured_media":15615,"comment_status":"open","ping_status":"open","sticky":false,"template":"","format":"standard","meta":{"fifu_image_url":"","fifu_image_alt":"","footnotes":""},"categories":[58],"tags":[],"class_list":["post-15614","post","type-post","status-publish","format-standard","has-post-thumbnail","hentry","category-cotidiano"],"distributor_meta":false,"distributor_terms":false,"distributor_media":false,"distributor_original_site_name":"Noticias em Destaque","distributor_original_site_url":"https:\/\/noticiasdestaque.com.br","push-errors":false,"_links":{"self":[{"href":"https:\/\/noticiasdestaque.com.br\/index.php\/wp-json\/wp\/v2\/posts\/15614","targetHints":{"allow":["GET"]}}],"collection":[{"href":"https:\/\/noticiasdestaque.com.br\/index.php\/wp-json\/wp\/v2\/posts"}],"about":[{"href":"https:\/\/noticiasdestaque.com.br\/index.php\/wp-json\/wp\/v2\/types\/post"}],"author":[{"embeddable":true,"href":"https:\/\/noticiasdestaque.com.br\/index.php\/wp-json\/wp\/v2\/users\/1"}],"replies":[{"embeddable":true,"href":"https:\/\/noticiasdestaque.com.br\/index.php\/wp-json\/wp\/v2\/comments?post=15614"}],"version-history":[{"count":0,"href":"https:\/\/noticiasdestaque.com.br\/index.php\/wp-json\/wp\/v2\/posts\/15614\/revisions"}],"wp:featuredmedia":[{"embeddable":true,"href":"https:\/\/noticiasdestaque.com.br\/index.php\/wp-json\/wp\/v2\/media\/15615"}],"wp:attachment":[{"href":"https:\/\/noticiasdestaque.com.br\/index.php\/wp-json\/wp\/v2\/media?parent=15614"}],"wp:term":[{"taxonomy":"category","embeddable":true,"href":"https:\/\/noticiasdestaque.com.br\/index.php\/wp-json\/wp\/v2\/categories?post=15614"},{"taxonomy":"post_tag","embeddable":true,"href":"https:\/\/noticiasdestaque.com.br\/index.php\/wp-json\/wp\/v2\/tags?post=15614"}],"curies":[{"name":"wp","href":"https:\/\/api.w.org\/{rel}","templated":true}]}}