{"id":15611,"date":"2024-08-10T06:45:00","date_gmt":"2024-08-10T09:45:00","guid":{"rendered":"https:\/\/noticiasdestaque.com.br\/index.php\/2024\/08\/10\/no-salao-do-turismo-ministro-celso-sabino-reforca-a-importancia-do-evento-para-ampliar-a-visibilidade-dos-atrativos-nacionais\/"},"modified":"2024-08-10T06:45:00","modified_gmt":"2024-08-10T09:45:00","slug":"no-salao-do-turismo-ministro-celso-sabino-reforca-a-importancia-do-evento-para-ampliar-a-visibilidade-dos-atrativos-nacionais","status":"publish","type":"post","link":"https:\/\/noticiasdestaque.com.br\/index.php\/2024\/08\/10\/no-salao-do-turismo-ministro-celso-sabino-reforca-a-importancia-do-evento-para-ampliar-a-visibilidade-dos-atrativos-nacionais\/","title":{"rendered":"No Sal\u00e3o do Turismo, ministro Celso Sabino refor\u00e7a a import\u00e2ncia do evento para ampliar a visibilidade dos atrativos nacionais"},"content":{"rendered":"<p>\t\t\t\t\t\t\t\t\t\t<audio controls class=\"b61_audio_player\" data-noticia=\"74079\" src=\"https:\/\/brasil61.com\/rails\/active_storage\/blobs\/eyJfcmFpbHMiOnsibWVzc2FnZSI6IkJBaHBBNUx1QWc9PSIsImV4cCI6bnVsbCwicHVyIjoiYmxvYl9pZCJ9fQ==--d9c0cc4599d0a0d85179660430d46050e0c419c8\/MTUR240008A\"><\/audio><\/p>\n<p>\u201cO Sal\u00e3o do Turismo proporciona visibilidade ao trabalho de milhares de pessoas que t\u00eam nessa atividade a sua maior fonte de trabalho e renda\u201d.<\/p>\n<p>Com essa fala, o ministro do Turismo, Celso Sabino, abriu oficialmente, nesta sexta-feira, 09 de agosto, no Rio de Janeiro, (RJ), o Sal\u00e3o do Turismo: Conhe\u00e7a o Brasil.<\/p>\n<p>O evento, promovido pelo Minist\u00e9rio do Turismo e considerado a maior vitrine do setor no pa\u00eds, re\u00fane atrativos de todo o pa\u00eds no Riocentro.<\/p>\n<p>A cerim\u00f4nia teve as presen\u00e7as do vice-presidente da Rep\u00fablica, Geraldo Alckmin, e dos ministros dos Direitos Humanos e da Cidadania, Silvio Almeida, e das Mulheres, Cida Gon\u00e7alves, entre outras autoridades.<\/p>\n<p>Com o tema central \u201cExperi\u00eancias do Brasil: o turismo respons\u00e1vel e inclusivo impulsionando o desenvolvimento sustent\u00e1vel\u201d, o Sal\u00e3o permite ao p\u00fablico conferir, de perto, diversas atra\u00e7\u00f5es de norte a sul.<\/p>\n<p>O ministro Celso Sabino destacou que a realiza\u00e7\u00e3o do Sal\u00e3o coincide com n\u00fameros positivos do turismo nacional:<\/p>\n<p>\u201cN\u00f3s, do governo federal, e o presidente Lula t\u00e1 muito animado com os resultados que o turismo tem dado na economia brasileira. No ano passado, alcan\u00e7amos todos os n\u00fameros no turismo do per\u00edodo de pr\u00e9-pandemia. E esse ano de 2024 estamos superando com folga todos os n\u00fameros de 2023\u201d.<\/p>\n<p>A lista de op\u00e7\u00f5es do Sal\u00e3o, que segue at\u00e9 domingo, 11 de agosto, inclui belezas naturais, culturais e gastron\u00f4micas.<\/p>\n<p>O vice-presidente Geraldo Alckmin frisou a import\u00e2ncia do aumento da gera\u00e7\u00e3o de empregos no Brasil ao desenvolvimento do turismo:<\/p>\n<p>\u201cTodo apoio ao turismo. O turismo ta crescendo. Pra ter turismo, precisa ter renda. O emprego no Brasil cresceu, n\u00f3s estamos com 102 milh\u00f5es de pessoas ocupadas. Isso \u00e9 bom pro turismo. A renda subiu 11%, \u00e9 bom pro turismo\u201d.<\/p>\n<p>O Sal\u00e3o do Turismo tamb\u00e9m proporciona ao p\u00fablico acompanhar shows de renomados artistas nacionais.<\/p>\n<p>O ministro Silvio Almeida ressaltou a rela\u00e7\u00e3o entre o turismo e o respeito aos direitos humanos no pa\u00eds:<\/p>\n<p>\u201cO elemento essencial do turismo \u00e9 a cultura de um povo. Sem direitos humanos, n\u00e3o existe cultura, porque a cultura quem faz \u00e9 o povo brasileiro. Sem dignidade, respeito e pol\u00edtica de cuidado, um povo n\u00e3o tem cultura, e sem cultura n\u00e3o tem turismo\u201d.<\/p>\n<p>Outra atra\u00e7\u00e3o do Sal\u00e3o do Turismo no Rio \u00e9 conferir o artesanato regional e acompanhar diversas palestras.<\/p>\n<p>A ministra Cida Gon\u00e7alves enalteceu a contribui\u00e7\u00e3o das mulheres ao fortalecimento do turismo:<\/p>\n<p>\u201c\u00c9 s\u00f3 n\u00f3s olharmos aqui o tanto de mulheres que est\u00e3o aqui. T\u00f4 vendo aqui v\u00e1rios artesanatos, onde a maioria \u00e9 composta por mulheres. Portanto, eu t\u00f4 aqui porque eu acho que a import\u00e2ncia do turismo pra vida das mulheres \u00e9 fundamental\u201d.<\/p>\n<p>Na cerim\u00f4nia desta sexta, o ministro Celso Sabino assinou a carta-compromisso de ades\u00e3o do Minist\u00e9rio do Turismo \u00e0 Articula\u00e7\u00e3o Nacional pelo Feminic\u00eddio Zero.<\/p>\n<p>A iniciativa, desenvolvida pelo Minist\u00e9rio das Mulheres, busca estabelecer uma mobiliza\u00e7\u00e3o cont\u00ednua de enfrentamento aos feminic\u00eddios em todo o pa\u00eds.<\/p>\n<p>\u00a0<\/p>\n<p>\t\t\t\t\t\t\t\t\t<img loading=\"lazy\" decoding=\"async\" src=\"https:\/\/brasil61.com\/api\/v1\/serve_pixel\/17677\/74079\" alt=\"Pixel Brasil 61\" class=\"b61_pixel\" width=\"0\" height=\"0\"><\/p>\n<input type=\"hidden\" id=\"baseurl\" value=\"https:\/\/noticiasdestaque.com.br\"><input type=\"hidden\" id=\"audio_nonce\" value=\"6a24ca502e\">","protected":false},"excerpt":{"rendered":"<p>O evento, promovido pelo Minist\u00e9rio do Turismo e considerado a maior vitrine do setor no pa\u00eds, re\u00fane atrativos de todo o pa\u00eds no Riocentro<\/p>\n","protected":false},"author":1,"featured_media":15612,"comment_status":"open","ping_status":"open","sticky":false,"template":"","format":"standard","meta":{"fifu_image_url":"","fifu_image_alt":"","footnotes":""},"categories":[48],"tags":[],"class_list":["post-15611","post","type-post","status-publish","format-standard","has-post-thumbnail","hentry","category-mundo"],"distributor_meta":false,"distributor_terms":false,"distributor_media":false,"distributor_original_site_name":"Noticias em Destaque","distributor_original_site_url":"https:\/\/noticiasdestaque.com.br","push-errors":false,"_links":{"self":[{"href":"https:\/\/noticiasdestaque.com.br\/index.php\/wp-json\/wp\/v2\/posts\/15611","targetHints":{"allow":["GET"]}}],"collection":[{"href":"https:\/\/noticiasdestaque.com.br\/index.php\/wp-json\/wp\/v2\/posts"}],"about":[{"href":"https:\/\/noticiasdestaque.com.br\/index.php\/wp-json\/wp\/v2\/types\/post"}],"author":[{"embeddable":true,"href":"https:\/\/noticiasdestaque.com.br\/index.php\/wp-json\/wp\/v2\/users\/1"}],"replies":[{"embeddable":true,"href":"https:\/\/noticiasdestaque.com.br\/index.php\/wp-json\/wp\/v2\/comments?post=15611"}],"version-history":[{"count":0,"href":"https:\/\/noticiasdestaque.com.br\/index.php\/wp-json\/wp\/v2\/posts\/15611\/revisions"}],"wp:featuredmedia":[{"embeddable":true,"href":"https:\/\/noticiasdestaque.com.br\/index.php\/wp-json\/wp\/v2\/media\/15612"}],"wp:attachment":[{"href":"https:\/\/noticiasdestaque.com.br\/index.php\/wp-json\/wp\/v2\/media?parent=15611"}],"wp:term":[{"taxonomy":"category","embeddable":true,"href":"https:\/\/noticiasdestaque.com.br\/index.php\/wp-json\/wp\/v2\/categories?post=15611"},{"taxonomy":"post_tag","embeddable":true,"href":"https:\/\/noticiasdestaque.com.br\/index.php\/wp-json\/wp\/v2\/tags?post=15611"}],"curies":[{"name":"wp","href":"https:\/\/api.w.org\/{rel}","templated":true}]}}