{"id":15607,"date":"2024-08-12T03:00:00","date_gmt":"2024-08-12T06:00:00","guid":{"rendered":"https:\/\/noticiasdestaque.com.br\/index.php\/2024\/08\/12\/terras-indigenas-comissao-especial-de-conciliacao-do-marco-temporal-se-reune-pela-primeira-vez\/"},"modified":"2024-08-12T03:00:00","modified_gmt":"2024-08-12T06:00:00","slug":"terras-indigenas-comissao-especial-de-conciliacao-do-marco-temporal-se-reune-pela-primeira-vez","status":"publish","type":"post","link":"https:\/\/noticiasdestaque.com.br\/index.php\/2024\/08\/12\/terras-indigenas-comissao-especial-de-conciliacao-do-marco-temporal-se-reune-pela-primeira-vez\/","title":{"rendered":"Terras ind\u00edgenas: comiss\u00e3o especial de concilia\u00e7\u00e3o do Marco Temporal se re\u00fane pela primeira vez"},"content":{"rendered":"<p>\t\t\t\t\t\t\t\t\t\t<audio controls class=\"b61_audio_player\" data-noticia=\"74073\" src=\"https:\/\/brasil61.com\/rails\/active_storage\/blobs\/eyJfcmFpbHMiOnsibWVzc2FnZSI6IkJBaHBBMzN1QWc9PSIsImV4cCI6bnVsbCwicHVyIjoiYmxvYl9pZCJ9fQ==--4fde5ad452b513c0c38617f29c923bc5c0df3c25\/BRAS2412352A\"><\/audio><\/p>\n<p>O trabalho e as discuss\u00f5es acerca do marco temporal das terras ind\u00edgenas est\u00e3o apenas no come\u00e7o. Na \u00faltima\u00a0semana, a comiss\u00e3o especial de concilia\u00e7\u00e3o \u2014 criada pelo Ministro do Supremo Tribunal Federal Gilmar Mendes \u2014 se reuniu pela primeira vez. Entre os presentes, a coordenadora pol\u00edtica da Frente Parlamentar da Agropecu\u00e1ria (FPA) no Senado Federal, Tereza Cristina (PP-MS), que defendeu o entendimento sobre a Lei do Marco Temporal para assegurar a paz no campo e proporcionar seguran\u00e7a jur\u00eddica a todos.<\/p>\n<p>Encontrar um denominador comum trar\u00e1 vantagens a todos os envolvidos, acredita a senadora.\u00a0<\/p>\n<p>\u201cN\u00f3s podemos caminhar se todos vierem despidos de preconceitos. Quase chegamos a um entendimento no passado com a mesa de negocia\u00e7\u00e3o do governo federal. Da minha parte, no Senado Federal, vou estar presente em uma boa parte das reuni\u00f5es para que a gente traga argumentos e possa resolver esse problema.\u201d<\/p>\n<p>A comiss\u00e3o tem previs\u00e3o de durar at\u00e9 o dia 18 de dezembro, data em que a senadora acredita que devam terminar as discuss\u00f5es acerca do tema, uma vez que, segundo a parlamentar, \u201ctemos problemas como invas\u00f5es acontecendo em v\u00e1rias regi\u00f5es do pa\u00eds&#8221;.<\/p>\n<p>Para a professora da FGV DIREITO RIO, Fl\u00e1via Bahia, s\u00f3 o fato de a comiss\u00e3o ter sido aberta, j\u00e1 indica possibilidade de composi\u00e7\u00e3o.\u00a0<\/p>\n<p>\u201cSe n\u00e3o houvesse a possibilidade de nenhum tipo de composi\u00e7\u00e3o, eu creio que a comiss\u00e3o nem teria sido inaugurada. Agora, os interesses s\u00e3o contrapostos, o tema \u00e9 sens\u00edvel \u2014 envolve direitos fundamentais, direitos de minorias \u2014 e o Supremo tem teses bastante garantistas a respeito desse grupo mais vulner\u00e1vel da popula\u00e7\u00e3o brasileira.\u201d<\/p>\n<p>Mas, diferentemente do que pensa a senhora Tereza Cristina, a professora Fl\u00e1via Bahia n\u00e3o acredita na celeridade da resolu\u00e7\u00e3o do tema.<\/p>\n<p>\u201cAinda que a gente n\u00e3o possa descartar uma composi\u00e7\u00e3o, eu creio que isso n\u00e3o se dar\u00e1 em breve . Precisaremos de muito di\u00e1logo, muito debate, para se chegar a essa possibilidade de composi\u00e7\u00e3o\u201d, avalia.<\/p>\n<h2>Composi\u00e7\u00e3o da reuni\u00e3o<\/h2>\n<p>Estiveram presentes na reuni\u00e3o de concilia\u00e7\u00e3o representantes dos povos ind\u00edgenas, do governo, estados, munic\u00edpios e parlamentares. A ideia \u00e9 justamente essa: incluir a participa\u00e7\u00e3o dos mais diversos setores da sociedade para que se chegue a um consenso.\u00a0<\/p>\n<h2>Constitucionalidade em cheque<\/h2>\n<p>A constitucionalidade da Lei do Marco Temporal \u2014 que determina que os ind\u00edgenas t\u00eam direito \u00e0s terras que ocupavam na data da promulga\u00e7\u00e3o da Constitui\u00e7\u00e3o \u2014 foi contestada pelo STF este ano. O Supremo recebeu a\u00e7\u00f5es de v\u00e1rios partidos, entidades e associa\u00e7\u00f5es de propriet\u00e1rios de terras privadas e ind\u00edgenas.<\/p>\n<p>No entendimento do STF, a data da promulga\u00e7\u00e3o da Constitui\u00e7\u00e3o \u2014 5 de outubro de\u00a01988 \u2014 n\u00e3o poderia ser usada como crit\u00e9rio de demarca\u00e7\u00e3o. Por isso, em abril deste ano, a Corte determinou a suspens\u00e3o dos processos judiciais que discutem a constitucionalidade da Lei do Marco Temporal at\u00e9 que o tribunal se manifeste definitivamente sobre o tema.<\/p>\n<p>A FPA, a Confedera\u00e7\u00e3o da Agricultura e Pecu\u00e1ria do Brasil (CNA) e a Federa\u00e7\u00e3o da Agricultura do Paran\u00e1 (FAEP) buscaram a reforma da liminar de forma a garantir o direito de propriedade e a seguran\u00e7a jur\u00eddica.<\/p>\n<p>As reuni\u00f5es da comiss\u00e3o de concilia\u00e7\u00e3o est\u00e3o previstas para ocorrer at\u00e9 18 de dezembro. Caso n\u00e3o haja acordo at\u00e9 essa data, os processos seguir\u00e3o seu curso normal na Corte.<br \/>\n\u00a0<\/p>\n<p>\t\t\t\t\t\t\t\t\t<img loading=\"lazy\" decoding=\"async\" src=\"https:\/\/brasil61.com\/api\/v1\/serve_pixel\/17677\/74073\" alt=\"Pixel Brasil 61\" class=\"b61_pixel\" width=\"0\" height=\"0\"><\/p>\n<input type=\"hidden\" id=\"baseurl\" value=\"https:\/\/noticiasdestaque.com.br\"><input type=\"hidden\" id=\"audio_nonce\" value=\"6a24ca502e\">","protected":false},"excerpt":{"rendered":"<p>Entendimento da decis\u00e3o do STF tem apoio da senadora Tereza Cristina, que lidera a Frente parlamentar Agropecu\u00e1ria<\/p>\n","protected":false},"author":1,"featured_media":15608,"comment_status":"open","ping_status":"open","sticky":false,"template":"","format":"standard","meta":{"fifu_image_url":"","fifu_image_alt":"","footnotes":""},"categories":[48],"tags":[],"class_list":["post-15607","post","type-post","status-publish","format-standard","has-post-thumbnail","hentry","category-mundo"],"distributor_meta":false,"distributor_terms":false,"distributor_media":false,"distributor_original_site_name":"Noticias em Destaque","distributor_original_site_url":"https:\/\/noticiasdestaque.com.br","push-errors":false,"_links":{"self":[{"href":"https:\/\/noticiasdestaque.com.br\/index.php\/wp-json\/wp\/v2\/posts\/15607","targetHints":{"allow":["GET"]}}],"collection":[{"href":"https:\/\/noticiasdestaque.com.br\/index.php\/wp-json\/wp\/v2\/posts"}],"about":[{"href":"https:\/\/noticiasdestaque.com.br\/index.php\/wp-json\/wp\/v2\/types\/post"}],"author":[{"embeddable":true,"href":"https:\/\/noticiasdestaque.com.br\/index.php\/wp-json\/wp\/v2\/users\/1"}],"replies":[{"embeddable":true,"href":"https:\/\/noticiasdestaque.com.br\/index.php\/wp-json\/wp\/v2\/comments?post=15607"}],"version-history":[{"count":0,"href":"https:\/\/noticiasdestaque.com.br\/index.php\/wp-json\/wp\/v2\/posts\/15607\/revisions"}],"wp:featuredmedia":[{"embeddable":true,"href":"https:\/\/noticiasdestaque.com.br\/index.php\/wp-json\/wp\/v2\/media\/15608"}],"wp:attachment":[{"href":"https:\/\/noticiasdestaque.com.br\/index.php\/wp-json\/wp\/v2\/media?parent=15607"}],"wp:term":[{"taxonomy":"category","embeddable":true,"href":"https:\/\/noticiasdestaque.com.br\/index.php\/wp-json\/wp\/v2\/categories?post=15607"},{"taxonomy":"post_tag","embeddable":true,"href":"https:\/\/noticiasdestaque.com.br\/index.php\/wp-json\/wp\/v2\/tags?post=15607"}],"curies":[{"name":"wp","href":"https:\/\/api.w.org\/{rel}","templated":true}]}}