{"id":15603,"date":"2024-08-11T03:00:00","date_gmt":"2024-08-11T06:00:00","guid":{"rendered":"https:\/\/noticiasdestaque.com.br\/index.php\/2024\/08\/11\/minas-gerais-decreta-emergencia-em-135-municipios-devido-a-seca\/"},"modified":"2024-08-11T03:00:00","modified_gmt":"2024-08-11T06:00:00","slug":"minas-gerais-decreta-emergencia-em-135-municipios-devido-a-seca","status":"publish","type":"post","link":"https:\/\/noticiasdestaque.com.br\/index.php\/2024\/08\/11\/minas-gerais-decreta-emergencia-em-135-municipios-devido-a-seca\/","title":{"rendered":"Minas Gerais decreta emerg\u00eancia em 135 Munic\u00edpios devido \u00e0 seca"},"content":{"rendered":"<p>\t\t\t\t\t\t\t\t\t\t<audio controls class=\"b61_audio_player\" data-noticia=\"74054\" src=\"https:\/\/brasil61.com\/rails\/active_storage\/blobs\/eyJfcmFpbHMiOnsibWVzc2FnZSI6IkJBaHBBNDd1QWc9PSIsImV4cCI6bnVsbCwicHVyIjoiYmxvYl9pZCJ9fQ==--1a4fe39d4ec6335609482091a45e90001d2b1514\/BRAS2412344B\"><\/audio><\/p>\n<p>\t\t\t\t\t\t\t\t\t\t<audio controls class=\"b61_audio_player\" data-noticia=\"74054\" src=\"https:\/\/brasil61.com\/rails\/active_storage\/blobs\/eyJfcmFpbHMiOnsibWVzc2FnZSI6IkJBaHBBNHJ1QWc9PSIsImV4cCI6bnVsbCwicHVyIjoiYmxvYl9pZCJ9fQ==--3a4e9ec54f33a86093d933dab5bc9e0587650e8a\/BRAS2412344A\"><\/audio><\/p>\n<p>A Defesa Civil de Minas Gerais declarou situa\u00e7\u00e3o de emerg\u00eancia em 135 munic\u00edpios do estado devido \u00e0 seca severa, com destaque para as regi\u00f5es Norte, Vale do Jequitinhonha e Vale do Mucuri. A maioria das cidades afetadas decretou emerg\u00eancia no primeiro semestre deste ano, incluindo Padre Carvalho, S\u00e3o Jos\u00e9 do Jacuri e Santa Helena de Minas, que entraram na lista nos \u00faltimos dois meses.<\/p>\n<p>Segundo o meteorologista Francisco de Assis Diniz, a seca extrema nas regi\u00f5es \u00e9 resultado da combina\u00e7\u00e3o de fatores clim\u00e1ticos t\u00edpicos da esta\u00e7\u00e3o, agravados pela aus\u00eancia de frentes frias.\u00a0<\/p>\n<p>\u201cClimatologicamente falando, \u00e9 o per\u00edodo da estiagem em Minas Gerais, nesse per\u00edodo agora. Por\u00e9m, quando passa muito tempo sem chuva, \u00e9 devido \u00e0 aus\u00eancia de chegada de frente fria na regi\u00e3o, o que faz com que o per\u00edodo de estiagem fique mais prolongado. Por isso que est\u00e1 chegando j\u00e1, passando 110 dias sem chuva em v\u00e1rias \u00e1reas do estado de Minas, mas na regi\u00e3o de Jequitinhonha sempre tem ocorrido chuva. E tamb\u00e9m a baixa umidade do ar, porque nesse per\u00edodo agora come\u00e7a a ficar baixa umidade do ar na faixa dos 15%.\u201d explica\u00a0<\/p>\n<p>A situa\u00e7\u00e3o emergencial, reconhecida pela Defesa Civil, reflete o risco iminente \u00e0 sa\u00fade e \u00e0 presta\u00e7\u00e3o de servi\u00e7os p\u00fablicos, com decretos v\u00e1lidos por 180 dias. Al\u00e9m de afetar Minas Gerais, a seca atinge outras regi\u00f5es do Brasil, sendo que oito estados do Norte e Nordeste enfrentam a pior estiagem desde 1980.<\/p>\n<p>Sobre a previs\u00e3o do tempo para os pr\u00f3ximos dias, Diniz afirma que as expectativas de melhora s\u00e3o limitadas, com pouca probabilidade de chuvas significativas que possam aliviar a seca na regi\u00e3o.<\/p>\n<p>\u00a0&#8220;O Tri\u00e2ngulo Mineiro, que continua ainda muito seco e tamb\u00e9m quase n\u00e3o deve ter chuva agora nesse final de semana, chuvas muito pontuais e de maneira r\u00e1pida e que n\u00e3o devem resolver a situa\u00e7\u00e3o.&#8221;, alerta o meteorologista.<\/p>\n<p>Por meio de nota, a Defesa Civil de Minas Gerais reafirmou o compromisso em garantir total apoio aos munic\u00edpios e \u00e0 popula\u00e7\u00e3o.<\/p>\n<p>Os crit\u00e9rios para a entrega de ajuda humanit\u00e1ria est\u00e3o dispostos na Resolu\u00e7\u00e3o 03\/2016 do GMG que regulamenta o fornecimento de ajuda humanit\u00e1ria. Qualquer munic\u00edpio com declara\u00e7\u00e3o de situa\u00e7\u00e3o de emerg\u00eancia em vig\u00eancia pode solicitar, via Sistema de Defesa Civil, o envio desses materiais para minimizar os impactos das adversidades enfrentadas pela popula\u00e7\u00e3o.<\/p>\n<p>A Defesa Civil tamb\u00e9m promove o servi\u00e7o de Transporte e Distribui\u00e7\u00e3o de \u00c1gua Pot\u00e1vel (TDAP). Este servi\u00e7o\u00a0consiste em levar \u00e1gua pot\u00e1vel, por meio de caminh\u00f5es-pipa, at\u00e9 a resid\u00eancia das fam\u00edlias. Considerando os anos de 2023 e 2024, at\u00e9 o dia 15\/04\/24, foram distribu\u00eddos 175.026.000 litros de \u00e1gua pot\u00e1vel para 995 comunidades, beneficiando \u00a0mais de 104 mil pessoas em 73 munic\u00edpios atendidos.<\/p>\n<p><span style=\"font-size:14px\"><strong>Como economizar \u00e1gua nesse per\u00edodo?<\/strong><\/span><\/p>\n<ul>\n<li>Feche a torneira enquanto escova os dentes ou ensaboa as m\u00e3os: Evite deixar a \u00e1gua correr desnecessariamente.<\/li>\n<li>Reaproveite a \u00e1gua: Utilize a \u00e1gua do \u00faltimo enx\u00e1gue da m\u00e1quina de lavar roupas para limpar o quintal ou o ch\u00e3o.<\/li>\n<li>Regue as plantas de manh\u00e3 cedo ou \u00e0 noite: Isso evita a evapora\u00e7\u00e3o r\u00e1pida da \u00e1gua.<\/li>\n<\/ul>\n<p>Seguindo essas dicas, a popula\u00e7\u00e3o pode ajudar a minimizar os efeitos da seca e contribuir para o uso sustent\u00e1vel da \u00e1gua durante este per\u00edodo cr\u00edtico.<br \/>\n\u00a0<\/p>\n<p>\t\t\t\t\t\t\t\t\t<img loading=\"lazy\" decoding=\"async\" src=\"https:\/\/brasil61.com\/api\/v1\/serve_pixel\/17677\/74054\" alt=\"Pixel Brasil 61\" class=\"b61_pixel\" width=\"0\" height=\"0\"><\/p>\n<input type=\"hidden\" id=\"baseurl\" value=\"https:\/\/noticiasdestaque.com.br\"><input type=\"hidden\" id=\"audio_nonce\" value=\"6f73a554f1\">","protected":false},"excerpt":{"rendered":"<p>Medidas de emerg\u00eancia s\u00e3o ampliadas para enfrentar os desafios impostos pela seca severa no estado.<\/p>\n","protected":false},"author":1,"featured_media":15604,"comment_status":"open","ping_status":"open","sticky":false,"template":"","format":"standard","meta":{"fifu_image_url":"","fifu_image_alt":"","footnotes":""},"categories":[48],"tags":[],"class_list":["post-15603","post","type-post","status-publish","format-standard","has-post-thumbnail","hentry","category-mundo"],"distributor_meta":false,"distributor_terms":false,"distributor_media":false,"distributor_original_site_name":"Noticias em Destaque","distributor_original_site_url":"https:\/\/noticiasdestaque.com.br","push-errors":false,"_links":{"self":[{"href":"https:\/\/noticiasdestaque.com.br\/index.php\/wp-json\/wp\/v2\/posts\/15603","targetHints":{"allow":["GET"]}}],"collection":[{"href":"https:\/\/noticiasdestaque.com.br\/index.php\/wp-json\/wp\/v2\/posts"}],"about":[{"href":"https:\/\/noticiasdestaque.com.br\/index.php\/wp-json\/wp\/v2\/types\/post"}],"author":[{"embeddable":true,"href":"https:\/\/noticiasdestaque.com.br\/index.php\/wp-json\/wp\/v2\/users\/1"}],"replies":[{"embeddable":true,"href":"https:\/\/noticiasdestaque.com.br\/index.php\/wp-json\/wp\/v2\/comments?post=15603"}],"version-history":[{"count":0,"href":"https:\/\/noticiasdestaque.com.br\/index.php\/wp-json\/wp\/v2\/posts\/15603\/revisions"}],"wp:featuredmedia":[{"embeddable":true,"href":"https:\/\/noticiasdestaque.com.br\/index.php\/wp-json\/wp\/v2\/media\/15604"}],"wp:attachment":[{"href":"https:\/\/noticiasdestaque.com.br\/index.php\/wp-json\/wp\/v2\/media?parent=15603"}],"wp:term":[{"taxonomy":"category","embeddable":true,"href":"https:\/\/noticiasdestaque.com.br\/index.php\/wp-json\/wp\/v2\/categories?post=15603"},{"taxonomy":"post_tag","embeddable":true,"href":"https:\/\/noticiasdestaque.com.br\/index.php\/wp-json\/wp\/v2\/tags?post=15603"}],"curies":[{"name":"wp","href":"https:\/\/api.w.org\/{rel}","templated":true}]}}