{"id":15597,"date":"2024-08-07T03:00:00","date_gmt":"2024-08-07T06:00:00","guid":{"rendered":"https:\/\/noticiasdestaque.com.br\/index.php\/2024\/08\/07\/salao-do-turismo-reunira-no-rio-de-janeiro-rj-o-melhor-da-oferta-turistica-nacional\/"},"modified":"2024-08-07T03:00:00","modified_gmt":"2024-08-07T06:00:00","slug":"salao-do-turismo-reunira-no-rio-de-janeiro-rj-o-melhor-da-oferta-turistica-nacional","status":"publish","type":"post","link":"https:\/\/noticiasdestaque.com.br\/index.php\/2024\/08\/07\/salao-do-turismo-reunira-no-rio-de-janeiro-rj-o-melhor-da-oferta-turistica-nacional\/","title":{"rendered":"Sal\u00e3o do Turismo reunir\u00e1 no Rio de Janeiro (RJ) o melhor da oferta tur\u00edstica nacional"},"content":{"rendered":"<p>\t\t\t\t\t\t\t\t\t\t<audio controls class=\"b61_audio_player\" data-noticia=\"73925\" src=\"https:\/\/brasil61.com\/rails\/active_storage\/blobs\/eyJfcmFpbHMiOnsibWVzc2FnZSI6IkJBaHBBK2pzQWc9PSIsImV4cCI6bnVsbCwicHVyIjoiYmxvYl9pZCJ9fQ==--1afefbf0706f68655a268262090d17d2a8a90894\/MTUR240007A\"><\/audio><\/p>\n<p>A partir de quinta-feira, 8 de agosto, a cidade do Rio de Janeiro (RJ) vai ser palco da maior vitrine do turismo nacional.<\/p>\n<p>A 8\u00aa edi\u00e7\u00e3o do Sal\u00e3o do Turismo: Conhe\u00e7a o Brasil, promovido pelo Minist\u00e9rio do Turismo no Riocentro at\u00e9 domingo, dia 11, reunir\u00e1 atrativos de todos os estados e do Distrito Federal.<\/p>\n<p>Com entrada totalmente gratuita, o evento vai proporcionar ao visitante provar e comprar caf\u00e9s, azeites, cacha\u00e7as artesanais, vinhos, chocolates 100% brasileiros, al\u00e9m de produtos da agricultura familiar, como queijos e doces<\/p>\n<p>J\u00e1 no espa\u00e7o Cozinha Show, ser\u00e1 poss\u00edvel aprender receitas gastron\u00f4micas das cinco regi\u00f5es do pa\u00eds, apresentadas por chefs locais<\/p>\n<p>O ministro do Turismo, Celso Sabino, incentiva a participa\u00e7\u00e3o do p\u00fablico:<\/p>\n<p>\u201cTodos os estados v\u00e3o estar presentes, trazendo a oportunidade das pessoas conhecerem o Brasil em um s\u00f3 lugar. A culin\u00e1ria, os atrativos, as belezas naturais, e as perspectivas diversas do turismo brasileiro v\u00e3o estar no Rioocentro, na cidade do Rio de Janeiro\u201d<\/p>\n<p>Com o tema central: \u201cExperi\u00eancias do Brasil: o turismo respons\u00e1vel e inclusivo impulsionando o desenvolvimento sustent\u00e1vel\u201d, o Sal\u00e3o deve receber 100 mil pessoas.<\/p>\n<p>O evento ter\u00e1 uma \u00e1rea dedicada \u00e0s principais manifesta\u00e7\u00f5es culturais do pa\u00eds, como o Carnaval e o Bumba Meu Boi. Ao final de cada dia, o p\u00fablico poder\u00e1 conferir shows de renomados artistas nacionais.<\/p>\n<p>A realiza\u00e7\u00e3o do Sal\u00e3o foi retomada no \u00faltimo m\u00eas de dezembro, em Bras\u00edlia, ap\u00f3s um intervalo de 12 anos.<\/p>\n<p>O ministro Celso Sabino explica que o objetivo \u00e9 refor\u00e7ar a visibilidade dos atrativos nacionais e incentivar o brasileiro a conhecer mais o pr\u00f3prio pa\u00eds:<\/p>\n<p>\u201cA expectativa do Governo Federal, do Minist\u00e9rio do Turismo, com a retomada dessa pol\u00edtica p\u00fablica que \u00e9 o Sal\u00e3o Nacional do Turismo \u00e9 uma expectativa da realiza\u00e7\u00e3o de grandes neg\u00f3cios, a visualiza\u00e7\u00e3o, por investidores, dos nossos parques tur\u00edsticos e, especialmente, do p\u00fablico carioca, de conhecer e planejar as suas pr\u00f3ximas f\u00e9rias\u201d.\u00a0<\/p>\n<p>No Sal\u00e3o, tamb\u00e9m haver\u00e1 a exposi\u00e7\u00e3o e a venda de artesanato regional, al\u00e9m de experi\u00eancias imersivas de turismo de aventura e de palestras sobre temas como sustentabilidade e a realiza\u00e7\u00e3o da COP 30 de 2025, em Bel\u00e9m do Par\u00e1.<\/p>\n<p>O Sal\u00e3o do Turismo \u00e9 organizado em parceria com a Fecom\u00e9rcio-RJ, o Sebrae Nacional, o SESC, o SENAC, a Secretaria de Estado de Turismo do Rio e a Prefeitura Municipal.<\/p>\n<p>Os interessados devem retirar ingressos por meio da plataforma Sympla.<br \/>\n\u00a0<\/p>\n<p>\t\t\t\t\t\t\t\t\t<img loading=\"lazy\" decoding=\"async\" src=\"https:\/\/brasil61.com\/api\/v1\/serve_pixel\/17677\/73925\" alt=\"Pixel Brasil 61\" class=\"b61_pixel\" width=\"0\" height=\"0\"><\/p>\n<input type=\"hidden\" id=\"baseurl\" value=\"https:\/\/noticiasdestaque.com.br\"><input type=\"hidden\" id=\"audio_nonce\" value=\"6a24ca502e\">","protected":false},"excerpt":{"rendered":"<p>A 8\u00aa edi\u00e7\u00e3o do Sal\u00e3o do Turismo: Conhe\u00e7a o Brasil, promovido pelo Minist\u00e9rio do Turismo no Riocentro at\u00e9 domingo, dia 11, reunir\u00e1 atrativos de todos os estados e do Distrito Federal<\/p>\n","protected":false},"author":1,"featured_media":15598,"comment_status":"open","ping_status":"open","sticky":false,"template":"","format":"standard","meta":{"fifu_image_url":"","fifu_image_alt":"","footnotes":""},"categories":[48],"tags":[],"class_list":["post-15597","post","type-post","status-publish","format-standard","has-post-thumbnail","hentry","category-mundo"],"distributor_meta":false,"distributor_terms":false,"distributor_media":false,"distributor_original_site_name":"Noticias em Destaque","distributor_original_site_url":"https:\/\/noticiasdestaque.com.br","push-errors":false,"_links":{"self":[{"href":"https:\/\/noticiasdestaque.com.br\/index.php\/wp-json\/wp\/v2\/posts\/15597","targetHints":{"allow":["GET"]}}],"collection":[{"href":"https:\/\/noticiasdestaque.com.br\/index.php\/wp-json\/wp\/v2\/posts"}],"about":[{"href":"https:\/\/noticiasdestaque.com.br\/index.php\/wp-json\/wp\/v2\/types\/post"}],"author":[{"embeddable":true,"href":"https:\/\/noticiasdestaque.com.br\/index.php\/wp-json\/wp\/v2\/users\/1"}],"replies":[{"embeddable":true,"href":"https:\/\/noticiasdestaque.com.br\/index.php\/wp-json\/wp\/v2\/comments?post=15597"}],"version-history":[{"count":0,"href":"https:\/\/noticiasdestaque.com.br\/index.php\/wp-json\/wp\/v2\/posts\/15597\/revisions"}],"wp:featuredmedia":[{"embeddable":true,"href":"https:\/\/noticiasdestaque.com.br\/index.php\/wp-json\/wp\/v2\/media\/15598"}],"wp:attachment":[{"href":"https:\/\/noticiasdestaque.com.br\/index.php\/wp-json\/wp\/v2\/media?parent=15597"}],"wp:term":[{"taxonomy":"category","embeddable":true,"href":"https:\/\/noticiasdestaque.com.br\/index.php\/wp-json\/wp\/v2\/categories?post=15597"},{"taxonomy":"post_tag","embeddable":true,"href":"https:\/\/noticiasdestaque.com.br\/index.php\/wp-json\/wp\/v2\/tags?post=15597"}],"curies":[{"name":"wp","href":"https:\/\/api.w.org\/{rel}","templated":true}]}}