{"id":15595,"date":"2024-08-03T00:05:00","date_gmt":"2024-08-03T03:05:00","guid":{"rendered":"https:\/\/noticiasdestaque.com.br\/index.php\/2024\/08\/03\/energia-eletrica-mais-barata-em-agosto-bandeira-tarifaria-volta-a-ser-verde\/"},"modified":"2024-08-03T00:05:00","modified_gmt":"2024-08-03T03:05:00","slug":"energia-eletrica-mais-barata-em-agosto-bandeira-tarifaria-volta-a-ser-verde","status":"publish","type":"post","link":"https:\/\/noticiasdestaque.com.br\/index.php\/2024\/08\/03\/energia-eletrica-mais-barata-em-agosto-bandeira-tarifaria-volta-a-ser-verde\/","title":{"rendered":"Energia el\u00e9trica mais barata em agosto: bandeira tarif\u00e1ria volta a ser verde"},"content":{"rendered":"<p>\t\t\t\t\t\t\t\t\t\t<audio controls class=\"b61_audio_player\" data-noticia=\"73816\" src=\"https:\/\/brasil61.com\/rails\/active_storage\/blobs\/eyJfcmFpbHMiOnsibWVzc2FnZSI6IkJBaHBBeG5zQWc9PSIsImV4cCI6bnVsbCwicHVyIjoiYmxvYl9pZCJ9fQ==--2d9d1d65fb2b3bf0abbbd6f0d3a4e8fcbe82c75a\/BRAS2412282A\"><\/audio><\/p>\n<p>Os brasileiros ter\u00e3o um al\u00edvio na conta de energia el\u00e9trica no m\u00eas de agosto. Isso porque, segundo a Ag\u00eancia Nacional de Energia El\u00e9trica (Aneel), as condi\u00e7\u00f5es favor\u00e1veis \u00e0 gera\u00e7\u00e3o de energia el\u00e9trica no Brasil permitiram o retorno \u00e0 bandeira verde no m\u00eas de agosto \u2013 ou seja, sem taxa.<\/p>\n<p>As contas de julho tiveram acr\u00e9scimo de R$ 1,88, da bandeira amarela, a cada 100 kW\/h consumidos. A taxa foi adotada por conta da previs\u00e3o de baixo n\u00edvel de chuvas para o pa\u00eds. Segundo a Aneel, a\u00a0bandeira permaneceu verde por 26 meses \u2013 de abril de 2022 a junho de 2024.<\/p>\n<p>O professor de engenharia el\u00e9trica da Universidade de Bras\u00edlia (UnB), Ivan Camargo, avalia que a ado\u00e7\u00e3o da bandeira verde para agosto revela que o sistema el\u00e9trico do pa\u00eds est\u00e1 numa situa\u00e7\u00e3o confort\u00e1vel. Apesar do cen\u00e1rio positivo tanto para o sistema de eletricidade quanto para os consumidores, o especialista pontua que mesmo assim \u00e9 necess\u00e1rio adotar h\u00e1bitos de consumo consciente de energia, sem desperd\u00edcios.<\/p>\n<p>\u201cEssa situa\u00e7\u00e3o n\u00e3o pode fazer com que a gente desperdice energia. A gente precisa ter o h\u00e1bito de um consumo respons\u00e1vel de energia, tanto a energia el\u00e9trica quanto outras formas de energia. Estamos no inverno, ent\u00e3o reduzir o uso do ar condicionado interfere bastante na conta, na nossa conta de energia, o equipamento ele consome muita pot\u00eancia e durante muito tempo, portanto o consumo de energia \u00e9 bastante expressivo para o consumidor residencial brasileiro\u201d, pontua Camargo.<\/p>\n<p><strong>Confira outras dicas para economizar energia el\u00e9trica:\u00a0<\/strong><\/p>\n<ul>\n<li>Em caso de chuveiro el\u00e9trico, tome banhos curtos;<\/li>\n<li>N\u00e3o deixe a luz acesa em ambientes onde ningu\u00e9m esteja usando;<\/li>\n<li>N\u00e3o deixe a televis\u00e3o ligada se ningu\u00e9m estiver assistindo.<\/li>\n<\/ul>\n<p>Ivan Camargo ressalta, ainda, que os h\u00e1bitos devem ser empregados em qualquer per\u00edodo do ano, seja com aplica\u00e7\u00e3o das bandeiras tarif\u00e1rias ou n\u00e3o.<br \/>\n\u201cEsses h\u00e1bitos s\u00e3o bons sempre, quando a tarifa \u00e9 verde, amarela, vermelha, \u00e9 um objeto que temos que ter de consumo respons\u00e1vel da energia. Inclusive para caminharmos na dire\u00e7\u00e3o de uma transi\u00e7\u00e3o energ\u00e9tica razo\u00e1vel nesses pr\u00f3ximos anos. Tem que lembrar sempre que foi esse aumento exponencial do consumo de energia no mundo nesses \u00faltimos 100 anos que aumentou a emiss\u00e3o de CO2 e que p\u00f5e em risco a temperatura do planeta\u201d, alerta o especialista.<\/p>\n<h2>Sistema de bandeiras<\/h2>\n<p>O Sistema de bandeiras tarif\u00e1rias foi criado pela Aneel em 2015 e indica aos consumidores os custos da gera\u00e7\u00e3o de energia no Brasil. O c\u00e1lculo considera especialmente o pre\u00e7o da energia e o risco hidrol\u00f3gico.<\/p>\n<p>Em nota, a Aneel informa que com a ado\u00e7\u00e3o das bandeiras tarif\u00e1rias, o consumidor tem participa\u00e7\u00e3o\u00a0ativa na defini\u00e7\u00e3o da conta de energia. &#8220;Ao saber, por exemplo, que a bandeira est\u00e1 vermelha, o consumidor pode adaptar seu consumo para ajudar a reduzir o valor da conta. Pela regra anterior, que previa o repasse somente nos reajustes tarif\u00e1rios anuais, o consumidor n\u00e3o tinha a informa\u00e7\u00e3o de que a energia estava cara naquele momento e, portanto, n\u00e3o tinha um sinal para reagir a um pre\u00e7o mais alto&#8221;, diz um trecho da nota.<\/p>\n<p>As bandeiras nas cores verde, amarela ou vermelha (nos patamares 1 e 2) indicam se a energia vai custar mais ou menos, em virtude das condi\u00e7\u00f5es de gera\u00e7\u00e3o de energia. A vermelha tem um custo maior.<\/p>\n<p>\t\t\t\t\t\t\t\t\t<img loading=\"lazy\" decoding=\"async\" src=\"https:\/\/brasil61.com\/api\/v1\/serve_pixel\/17677\/73816\" alt=\"Pixel Brasil 61\" class=\"b61_pixel\" width=\"0\" height=\"0\"><\/p>\n<input type=\"hidden\" id=\"baseurl\" value=\"https:\/\/noticiasdestaque.com.br\"><input type=\"hidden\" id=\"audio_nonce\" value=\"6a24ca502e\">","protected":false},"excerpt":{"rendered":"<p>Segundo a Ag\u00eancia Nacional de Energia El\u00e9trica (Aneel), as condi\u00e7\u00f5es favor\u00e1veis \u00e0 gera\u00e7\u00e3o de energia el\u00e9trica no Brasil permitem anular a taxa para o m\u00eas de agosto. As contas de julho tiveram acr\u00e9scimo de R$ 1,88 (bandeira amarela) a cada 100 kW\/h consumidos, por conta do \u00edndice de chuva abaixo da m\u00e9dia. Especialista alerta que, apesar da redu\u00e7\u00e3o, \u00e9 necess\u00e1rio usar a eletricidade de forma consciente.<\/p>\n","protected":false},"author":1,"featured_media":15596,"comment_status":"open","ping_status":"open","sticky":false,"template":"","format":"standard","meta":{"fifu_image_url":"","fifu_image_alt":"","footnotes":""},"categories":[48],"tags":[],"class_list":["post-15595","post","type-post","status-publish","format-standard","has-post-thumbnail","hentry","category-mundo"],"distributor_meta":false,"distributor_terms":false,"distributor_media":false,"distributor_original_site_name":"Noticias em Destaque","distributor_original_site_url":"https:\/\/noticiasdestaque.com.br","push-errors":false,"_links":{"self":[{"href":"https:\/\/noticiasdestaque.com.br\/index.php\/wp-json\/wp\/v2\/posts\/15595","targetHints":{"allow":["GET"]}}],"collection":[{"href":"https:\/\/noticiasdestaque.com.br\/index.php\/wp-json\/wp\/v2\/posts"}],"about":[{"href":"https:\/\/noticiasdestaque.com.br\/index.php\/wp-json\/wp\/v2\/types\/post"}],"author":[{"embeddable":true,"href":"https:\/\/noticiasdestaque.com.br\/index.php\/wp-json\/wp\/v2\/users\/1"}],"replies":[{"embeddable":true,"href":"https:\/\/noticiasdestaque.com.br\/index.php\/wp-json\/wp\/v2\/comments?post=15595"}],"version-history":[{"count":0,"href":"https:\/\/noticiasdestaque.com.br\/index.php\/wp-json\/wp\/v2\/posts\/15595\/revisions"}],"wp:featuredmedia":[{"embeddable":true,"href":"https:\/\/noticiasdestaque.com.br\/index.php\/wp-json\/wp\/v2\/media\/15596"}],"wp:attachment":[{"href":"https:\/\/noticiasdestaque.com.br\/index.php\/wp-json\/wp\/v2\/media?parent=15595"}],"wp:term":[{"taxonomy":"category","embeddable":true,"href":"https:\/\/noticiasdestaque.com.br\/index.php\/wp-json\/wp\/v2\/categories?post=15595"},{"taxonomy":"post_tag","embeddable":true,"href":"https:\/\/noticiasdestaque.com.br\/index.php\/wp-json\/wp\/v2\/tags?post=15595"}],"curies":[{"name":"wp","href":"https:\/\/api.w.org\/{rel}","templated":true}]}}