{"id":15581,"date":"2024-08-09T18:00:00","date_gmt":"2024-08-09T21:00:00","guid":{"rendered":"https:\/\/noticiasdestaque.com.br\/index.php\/2024\/08\/09\/previsao-do-tempo-sabado-10-com-alerta-para-declinio-de-temperaturas-no-sudeste\/"},"modified":"2024-08-09T18:00:00","modified_gmt":"2024-08-09T21:00:00","slug":"previsao-do-tempo-sabado-10-com-alerta-para-declinio-de-temperaturas-no-sudeste","status":"publish","type":"post","link":"https:\/\/noticiasdestaque.com.br\/index.php\/2024\/08\/09\/previsao-do-tempo-sabado-10-com-alerta-para-declinio-de-temperaturas-no-sudeste\/","title":{"rendered":"PREVIS\u00c3O DO TEMPO: s\u00e1bado (10) com alerta para decl\u00ednio de temperaturas no Sudeste"},"content":{"rendered":"<p>\t\t\t\t\t\t\t\t\t\t<audio controls class=\"b61_audio_player\" data-noticia=\"74062\" src=\"https:\/\/brasil61.com\/rails\/active_storage\/blobs\/eyJfcmFpbHMiOnsibWVzc2FnZSI6IkJBaHBBMVR1QWc9PSIsImV4cCI6bnVsbCwicHVyIjoiYmxvYl9pZCJ9fQ==--b668f115741106179e266415d634625b23988720\/PTSD243726A\"><\/audio><\/p>\n<p>O Instituto Nacional de Meteorologia (Inmet) alerta para perigo de decl\u00ednio de temperatura em S\u00e3o Paulo, Rio de Janeiro, Minas Gerais e Esp\u00edrito Santo, atingindo cidades como Tup\u00e3 (SP), Cabo Frio (RJ), Passos (MG) e Vit\u00f3ria (ES).<\/p>\n<p>Tamb\u00e9m h\u00e1 alerta para perigo de chuvas fortes e ventos intensos em S\u00e3o Paulo, Minas Gerais e Rio de Janeiro, em cidades como S\u00e3o Carlos (SP), Varginha (MG) e Angra dos Reis (RJ).<\/p>\n<p>O \u00faltimo alerta \u00e9 para ventos costeiros no Rio de Janeiro e no Esp\u00edrito Santo, atingindo cidades como Campos dos Goytacazes (RJ) e Marata\u00edzes (ES). \u00a0<\/p>\n<p><strong>Confira agora a previs\u00e3o do tempo no seu estado.\u00a0<\/strong><\/p>\n<p><strong>Esp\u00edrito Santo<\/strong><\/p>\n<p>Este s\u00e1bado (10) come\u00e7a com pancadas de chuva nas cidades de Presidente Kennedy, Mimoso do Sul, Apiac\u00e1, e Bom Jesus do Norte. Chuvas isoladas na cidade de S\u00e3o Jos\u00e9 do Cal\u00e7ado. Durante a tarde, as chuvas se espalham para o sul, central esp\u00edrito-santense, microrregi\u00f5es de Linhares e Colatina. Possibilidade de chuva nas demais regi\u00f5es do estado. \u00c0 noite, as chuvas atingem todo o Esp\u00edrito Santo.<\/p>\n<p><strong>Minas Gerais\u00a0<\/strong><\/p>\n<p>O s\u00e1bado (10) come\u00e7a com chuvas isoladas no sul, sudoeste, oeste de Minas, Zona da Mata, Uberaba e Frutal. \u00c0 tarde, as chuvas continuam no sul, sudoeste de Minas e Zona da Mata. Possibilidade de chuva no Vale do Rio Doce, oeste de Minas e Metropolitana de Belo Horizonte. \u00c0 noite, chuvas isoladas no Vale do Rio Doce, Vale do Mucuri, Metropolitana de Belo Horizonte, microrregi\u00f5es de Pedra Azul, Ara\u00e7ua\u00ed e Almenara.\u00a0<\/p>\n<p><strong>Rio de Janeiro<\/strong><\/p>\n<p>O s\u00e1bado (10) come\u00e7a com pancadas de chuva acompanhadas por trovoadas isoladas em todo o estado do Rio de Janeiro. Durante a tarde, as chuvas continuam de forma branda. \u00c0 noite, sem previs\u00e3o de chuva apenas no sul fluminense e na Metropolitana do Rio de Janeiro.<\/p>\n<p><strong>S\u00e3o Paulo<\/strong><\/p>\n<p>O dia come\u00e7a com pancadas de chuva acompanhadas por trovoadas isoladas no Vale do Para\u00edba Paulista. Chuvas brandas em Ribeir\u00e3o Preto, S\u00e3o Jos\u00e9 do Rio Preto, Campinas e Metropolitana de S\u00e3o Paulo. Geadas s\u00e3o esperadas em Presidente Prudente e Assis. Durante a tarde, h\u00e1 possibilidade de chuva no Vale do Para\u00edba Paulista, Campinas, Franca e Batatais. \u00c0 noite, h\u00e1 varia\u00e7\u00e3o de nuvens em todo o estado.\u00a0<\/p>\n<p><strong>Temperatura m\u00ednima e m\u00e1xima na regi\u00e3o<\/strong><\/p>\n<p>A temperatura m\u00ednima fica em torno de 3\u00b0C, em Itapeva, em S\u00e3o Paulo, e a m\u00e1xima prevista \u00e9 de 35\u00baC, em Janu\u00e1ria, no mesmo estado. A umidade relativa do ar varia entre 45% e 100%.<\/p>\n<p>\u00a0<\/p>\n<p>\t\t\t\t\t\t\t\t\t<img loading=\"lazy\" decoding=\"async\" src=\"https:\/\/brasil61.com\/api\/v1\/serve_pixel\/17677\/74062\" alt=\"Pixel Brasil 61\" class=\"b61_pixel\" width=\"0\" height=\"0\"><\/p>\n<input type=\"hidden\" id=\"baseurl\" value=\"https:\/\/noticiasdestaque.com.br\"><input type=\"hidden\" id=\"audio_nonce\" value=\"6f73a554f1\">","protected":false},"excerpt":{"rendered":"<p>A temperatura pode variar entre 3\u00baC e 35\u00baC<\/p>\n","protected":false},"author":1,"featured_media":15582,"comment_status":"open","ping_status":"open","sticky":false,"template":"","format":"standard","meta":{"fifu_image_url":"","fifu_image_alt":"","footnotes":""},"categories":[58],"tags":[],"class_list":["post-15581","post","type-post","status-publish","format-standard","has-post-thumbnail","hentry","category-cotidiano"],"distributor_meta":false,"distributor_terms":false,"distributor_media":false,"distributor_original_site_name":"Noticias em Destaque","distributor_original_site_url":"https:\/\/noticiasdestaque.com.br","push-errors":false,"_links":{"self":[{"href":"https:\/\/noticiasdestaque.com.br\/index.php\/wp-json\/wp\/v2\/posts\/15581","targetHints":{"allow":["GET"]}}],"collection":[{"href":"https:\/\/noticiasdestaque.com.br\/index.php\/wp-json\/wp\/v2\/posts"}],"about":[{"href":"https:\/\/noticiasdestaque.com.br\/index.php\/wp-json\/wp\/v2\/types\/post"}],"author":[{"embeddable":true,"href":"https:\/\/noticiasdestaque.com.br\/index.php\/wp-json\/wp\/v2\/users\/1"}],"replies":[{"embeddable":true,"href":"https:\/\/noticiasdestaque.com.br\/index.php\/wp-json\/wp\/v2\/comments?post=15581"}],"version-history":[{"count":0,"href":"https:\/\/noticiasdestaque.com.br\/index.php\/wp-json\/wp\/v2\/posts\/15581\/revisions"}],"wp:featuredmedia":[{"embeddable":true,"href":"https:\/\/noticiasdestaque.com.br\/index.php\/wp-json\/wp\/v2\/media\/15582"}],"wp:attachment":[{"href":"https:\/\/noticiasdestaque.com.br\/index.php\/wp-json\/wp\/v2\/media?parent=15581"}],"wp:term":[{"taxonomy":"category","embeddable":true,"href":"https:\/\/noticiasdestaque.com.br\/index.php\/wp-json\/wp\/v2\/categories?post=15581"},{"taxonomy":"post_tag","embeddable":true,"href":"https:\/\/noticiasdestaque.com.br\/index.php\/wp-json\/wp\/v2\/tags?post=15581"}],"curies":[{"name":"wp","href":"https:\/\/api.w.org\/{rel}","templated":true}]}}