{"id":15577,"date":"2024-08-09T18:00:00","date_gmt":"2024-08-09T21:00:00","guid":{"rendered":"https:\/\/noticiasdestaque.com.br\/index.php\/2024\/08\/09\/previsao-do-tempo-sabado-10-com-possibilidade-de-chuvas-em-regioes-do-nordeste\/"},"modified":"2024-08-09T18:00:00","modified_gmt":"2024-08-09T21:00:00","slug":"previsao-do-tempo-sabado-10-com-possibilidade-de-chuvas-em-regioes-do-nordeste","status":"publish","type":"post","link":"https:\/\/noticiasdestaque.com.br\/index.php\/2024\/08\/09\/previsao-do-tempo-sabado-10-com-possibilidade-de-chuvas-em-regioes-do-nordeste\/","title":{"rendered":"PREVIS\u00c3O DO TEMPO: s\u00e1bado (10) com possibilidade de chuvas em regi\u00f5es do Nordeste"},"content":{"rendered":"<p>\t\t\t\t\t\t\t\t\t\t<audio controls class=\"b61_audio_player\" data-noticia=\"74057\" src=\"https:\/\/brasil61.com\/rails\/active_storage\/blobs\/eyJfcmFpbHMiOnsibWVzc2FnZSI6IkJBaHBBMUx1QWc9PSIsImV4cCI6bnVsbCwicHVyIjoiYmxvYl9pZCJ9fQ==--bd765207bc96dcfb67d962f975e9f09803a6fb4f\/PTND244241A\"><\/audio><\/p>\n<p>S\u00e1bado (10) com possibilidade de chuva na Bahia, Para\u00edba, Sergipe, Pernambuco e Alagoas.\u00a0<\/p>\n<p><strong>Confira agora a previs\u00e3o do tempo no seu estado.\u00a0<\/strong><\/p>\n<p><strong>Alagoas<\/strong><\/p>\n<p>O dia come\u00e7a com possibilidade de chuva no leste, agreste alagoano e microrregi\u00f5es de Santana do Ipanema e Batalha. Durante a tarde e \u00e0 noite, h\u00e1 possibilidade de chuva apenas nas cidades de Coruripe, Penedo, Igreja Nova, Pia\u00e7abu\u00e7u e Porto Real do Col\u00e9gio.\u00a0<\/p>\n<p><strong>Bahia<\/strong><\/p>\n<p>Este s\u00e1bado (3) come\u00e7a com chuvas isoladas na metropolitana de Salvador, microrregi\u00f5es de Alagoinhas, Entre Rios, Valen\u00e7a, Ilh\u00e9us-Itabuna, Feira de Santana e Jequi\u00e9\u00a0. Durante a tarde, as chuvas s\u00e3o uma possibilidade nessas regi\u00f5es e tamb\u00e9m nas cidades de Caravelas, Nova Vi\u00e7osa e Mucuri. \u00c0 noite, \u00a0chuva isolada\u00a0 na microrregi\u00e3o de Porto Seguro. Possibilidade de chuva nas demais regi\u00f5es da faixa litor\u00e2nea do estado.\u00a0<\/p>\n<p><strong>Cear\u00e1\u00a0<\/strong><\/p>\n<p>A previs\u00e3o para este s\u00e1bado (3) \u00e9 de varia\u00e7\u00e3o de nuvens em todo o estado durante o dia e \u00e0 noite, em cidades como Russas e Santa Quit\u00e9ria.\u00a0<\/p>\n<p><strong>Maranh\u00e3o<\/strong><\/p>\n<p>A previs\u00e3o \u00e9 de varia\u00e7\u00e3o de nuvens em todo o estado durante o dia e \u00e0 noite, em cidades como Barreirinhas e Itapecuru Mirim.\u00a0<\/p>\n<p><strong>Para\u00edba<\/strong><\/p>\n<p>O dia come\u00e7a com possibilidade de chuva na mata paraibana, microrregi\u00f5es de Itabaiana e Umbuzeiro. Durante a tarde e \u00e0 noite, poucas nuvens e sem chuvas.<\/p>\n<p><strong>Pernambuco<\/strong><\/p>\n<p>O s\u00e1bado (3) come\u00e7a com possibilidade de chuva na Metropolitana do Recife, mata e agreste pernambucano. Durante a tarde e \u00e0 noite, poucas nuvens e sem chuvas no estado, em cidades como Limoeiro e Santa Cruz do Capibaribe.<\/p>\n<p><strong>Piau\u00ed<\/strong><\/p>\n<p>A previs\u00e3o para este s\u00e1bado (3) \u00e9 de varia\u00e7\u00e3o de nuvens em todo o estado durante o dia e \u00e0 noite, em cidades como Sebasti\u00e3o Leal e Amp\u00e9re.\u00a0<\/p>\n<p><strong>Rio Grande do Norte<\/strong><\/p>\n<p>A previs\u00e3o \u00e9 de varia\u00e7\u00e3o de nuvens em todo o estado durante o dia e \u00e0 noite, em cidades como Guamar\u00e9 e Santa Cruz.\u00a0<\/p>\n<p><strong>Sergipe<\/strong><\/p>\n<p>O dia come\u00e7a com possibilidade de chuva em quase todo o estado, com exce\u00e7\u00e3o dos munic\u00edpios de Canind\u00e9 de S\u00e3o Francisco e Po\u00e7o Redondo. Durante a tarde e \u00e0 noite, h\u00e1 possibilidade de chuva no agreste e leste sergipano.\u00a0<\/p>\n<p><strong>Temperatura m\u00ednima e m\u00e1xima na regi\u00e3o<\/strong><\/p>\n<p>A temperatura m\u00ednima fica em torno de 14\u00b0C, no munic\u00edpio de Seabra, na Bahia \u2014 e a m\u00e1xima prevista \u00e9 de 38\u00baC, na cidade de Tasso Fragoso, no Maranh\u00e3o. A umidade relativa do ar varia entre 35% e 95%.<\/p>\n<p>As informa\u00e7\u00f5es s\u00e3o do Instituto Nacional de Meteorologia.<br \/>\n\u00a0<\/p>\n<p>\t\t\t\t\t\t\t\t\t<img loading=\"lazy\" decoding=\"async\" src=\"https:\/\/brasil61.com\/api\/v1\/serve_pixel\/17677\/74057\" alt=\"Pixel Brasil 61\" class=\"b61_pixel\" width=\"0\" height=\"0\"><\/p>\n<input type=\"hidden\" id=\"baseurl\" value=\"https:\/\/noticiasdestaque.com.br\"><input type=\"hidden\" id=\"audio_nonce\" value=\"6f73a554f1\">","protected":false},"excerpt":{"rendered":"<p>A temperatura pode variar entre 14\u00baC e 38\u00baC<\/p>\n","protected":false},"author":1,"featured_media":15578,"comment_status":"open","ping_status":"open","sticky":false,"template":"","format":"standard","meta":{"fifu_image_url":"","fifu_image_alt":"","footnotes":""},"categories":[58],"tags":[],"class_list":["post-15577","post","type-post","status-publish","format-standard","has-post-thumbnail","hentry","category-cotidiano"],"distributor_meta":false,"distributor_terms":false,"distributor_media":false,"distributor_original_site_name":"Noticias em Destaque","distributor_original_site_url":"https:\/\/noticiasdestaque.com.br","push-errors":false,"_links":{"self":[{"href":"https:\/\/noticiasdestaque.com.br\/index.php\/wp-json\/wp\/v2\/posts\/15577","targetHints":{"allow":["GET"]}}],"collection":[{"href":"https:\/\/noticiasdestaque.com.br\/index.php\/wp-json\/wp\/v2\/posts"}],"about":[{"href":"https:\/\/noticiasdestaque.com.br\/index.php\/wp-json\/wp\/v2\/types\/post"}],"author":[{"embeddable":true,"href":"https:\/\/noticiasdestaque.com.br\/index.php\/wp-json\/wp\/v2\/users\/1"}],"replies":[{"embeddable":true,"href":"https:\/\/noticiasdestaque.com.br\/index.php\/wp-json\/wp\/v2\/comments?post=15577"}],"version-history":[{"count":0,"href":"https:\/\/noticiasdestaque.com.br\/index.php\/wp-json\/wp\/v2\/posts\/15577\/revisions"}],"wp:featuredmedia":[{"embeddable":true,"href":"https:\/\/noticiasdestaque.com.br\/index.php\/wp-json\/wp\/v2\/media\/15578"}],"wp:attachment":[{"href":"https:\/\/noticiasdestaque.com.br\/index.php\/wp-json\/wp\/v2\/media?parent=15577"}],"wp:term":[{"taxonomy":"category","embeddable":true,"href":"https:\/\/noticiasdestaque.com.br\/index.php\/wp-json\/wp\/v2\/categories?post=15577"},{"taxonomy":"post_tag","embeddable":true,"href":"https:\/\/noticiasdestaque.com.br\/index.php\/wp-json\/wp\/v2\/tags?post=15577"}],"curies":[{"name":"wp","href":"https:\/\/api.w.org\/{rel}","templated":true}]}}