{"id":15425,"date":"2024-08-07T03:00:00","date_gmt":"2024-08-07T06:00:00","guid":{"rendered":"https:\/\/noticiasdestaque.com.br\/index.php\/2024\/08\/07\/brasil-enfrenta-consequencias-por-atraso-na-implementacao-de-uma-politica-industrial-diz-vice-presidente-da-cni\/"},"modified":"2024-08-07T03:00:00","modified_gmt":"2024-08-07T06:00:00","slug":"brasil-enfrenta-consequencias-por-atraso-na-implementacao-de-uma-politica-industrial-diz-vice-presidente-da-cni","status":"publish","type":"post","link":"https:\/\/noticiasdestaque.com.br\/index.php\/2024\/08\/07\/brasil-enfrenta-consequencias-por-atraso-na-implementacao-de-uma-politica-industrial-diz-vice-presidente-da-cni\/","title":{"rendered":"Brasil enfrenta consequ\u00eancias por atraso na implementa\u00e7\u00e3o de uma pol\u00edtica industrial, diz vice-presidente da CNI"},"content":{"rendered":"<p>\t\t\t\t\t\t\t\t\t\t<audio controls class=\"b61_audio_player\" data-noticia=\"73907\" src=\"https:\/\/brasil61.com\/rails\/active_storage\/blobs\/eyJfcmFpbHMiOnsibWVzc2FnZSI6IkJBaHBBOXZzQWc9PSIsImV4cCI6bnVsbCwicHVyIjoiYmxvYl9pZCJ9fQ==--65df2009d7d80561cdf1630aaefbcb27b8d14444\/BRAS2412306A\"><\/audio><\/p>\n<p>A falta de pol\u00edticas p\u00fablicas para apoio e valoriza\u00e7\u00e3o da ind\u00fastria nacional contribuiu para o baixo crescimento econ\u00f4mico do Brasil nos \u00faltimos anos. O alerta \u00e9 do vice-presidente da Confedera\u00e7\u00e3o Nacional da Ind\u00fastria (CNI), Leonardo de Castro, durante o <a href=\"https:\/\/www.youtube.com\/watch?v=3ZH1H0UAmfw\" target=\"_blank\" rel=\"noopener\">Semin\u00e1rio \u201cPol\u00edticas Industriais no Brasil e no Mundo\u201d<\/a>, realizado em Bras\u00edlia nesta ter\u00e7a-feira (6). Para ele, \u201co Brasil j\u00e1 perdeu muito tempo e desperdi\u00e7ou muitas oportunidades. As consequ\u00eancias de n\u00e3o se ter uma pol\u00edtica industrial est\u00e3o todas a\u00ed\u201d.\u00a0<\/p>\n<p>\u201cDe 2013 a 2023, o PIB brasileiro apresentou um crescimento m\u00e9dio de apenas 0,5% ao ano. No mesmo per\u00edodo, a agropecu\u00e1ria cresceu 3,3% ao ano; os servi\u00e7os 0,8% ao ano\u00a0e a ind\u00fastria encolheu 1,8% ao ano\u201d, avalia.<\/p>\n<p>Leonardo de Castro disse ainda que a nova pol\u00edtica industrial, a Nova Ind\u00fastria Brasil (NIB), anunciada em janeiro de 2024, pode trazer crescimento econ\u00f4mico e bem-estar para a popula\u00e7\u00e3o, mas depende da uni\u00e3o de for\u00e7as entre governo, ind\u00fastria e academia, al\u00e9m da prioriza\u00e7\u00e3o de pol\u00edticas verdes.\u00a0<\/p>\n<p>\u201cA NIB vem preencher essa lacuna com um projeto que parte das demandas atuais da sociedade brasileira e mobiliza a ind\u00fastria a buscar solu\u00e7\u00f5es para esses desafios. Portanto, o momento \u00e9 de unir for\u00e7as no governo, no setor empresarial e na academia para implementarmos uma pol\u00edtica industrial que promova efetivamente o crescimento econ\u00f4mico e o bem-estar da popula\u00e7\u00e3o.\u201d<\/p>\n<p>Na ocasi\u00e3o, o vice-presidente da Rep\u00fablica e ministro do Desenvolvimento, Ind\u00fastria, Com\u00e9rcio e Servi\u00e7os, Geraldo Alckmin, cumprimentou o di\u00e1logo da CNI, como sociedade civil, e disse que n\u00e3o h\u00e1 como o Brasil crescer sem valorizar a pr\u00f3pria ind\u00fastria.<\/p>\n<p>\u201cSociedade civil organizada faz diferen\u00e7a. Ent\u00e3o \u00e9 importante ter sociedade civil organizada, di\u00e1logo e debate. Quem ouve mais erra menos. N\u00e3o tem desenvolvimento social, econ\u00f4mico, ganho de renda, sal\u00e1rios de melhor valor se n\u00e3o tiver ind\u00fastria. A ind\u00fastria agrega valor e ela est\u00e1 na ponta da vanguarda tecnol\u00f3gica.\u201d<\/p>\n<h2>Pol\u00edticas verdes<\/h2>\n<p>Atualmente, 83,7% da energia do pa\u00eds \u00e9 proveniente de fontes renov\u00e1veis, enquanto a m\u00e9dia mundial \u00e9 de 29%. Para o vice-presidente da CNI, Leonardo de Castro, a nova pol\u00edtica industrial deve considerar a produ\u00e7\u00e3o de energia verde como uma vantagem competitiva.<\/p>\n<p>\u201cDevemos trabalhar para usar as fontes renov\u00e1veis como uma importante vantagem competitiva. Por meio da biotecnologia e da descarboniza\u00e7\u00e3o de processos produtivos, ser\u00e1 poss\u00edvel agregar mais valor \u00e0 produ\u00e7\u00e3o de setores como combust\u00edveis minerais, produtos qu\u00edmicos, fertilizantes, cosm\u00e9ticos, farmac\u00eauticos, pl\u00e1stico, celulose, papel, cer\u00e2mica, vidro, a\u00e7o, ferro e alum\u00ednio, dentre v\u00e1rios outros setores que t\u00eam energia como um dos insumos intensivos. Al\u00e9m da crescente oferta de energia e\u00f3lica, solar e de outras fontes renov\u00e1veis, o Brasil tem projetos ambiciosos para a produ\u00e7\u00e3o de hidrog\u00eanio de baixo carbono.\u201d\u00a0<\/p>\n<p>Tamb\u00e9m presente no Semin\u00e1rio \u201cPol\u00edticas Industriais no Brasil e no Mundo\u201d, o secret\u00e1rio-executivo do Minist\u00e9rio da Fazenda, D\u00e1rio Durigan, disse que o governo reconhece a import\u00e2ncia da ind\u00fastria para o crescimento econ\u00f4mico do pa\u00eds e tem investido na descarboniza\u00e7\u00e3o da economia.<\/p>\n<p>\u201cTudo que for poss\u00edvel ser feito, na maior velocidade poss\u00edvel dentro dos nossos limites, a gente vai fazer. E a ind\u00fastria est\u00e1 em primeiro lugar. Acabamos de aprovar a lei do hidrog\u00eanio verde, com uma s\u00e9rie de incentivos a essa cadeia. Fizemos o Mover;\u00a0fizemos a deprecia\u00e7\u00e3o acelerada. E apostar na ind\u00fastria, a gente tem certeza que \u00e9 o correto para ser feito no pa\u00eds.\u201d<\/p>\n<p>Sancionado em junho deste ano, o programa de Mobilidade Verde e Inova\u00e7\u00e3o (Mover) estimula investimentos em novas rotas tecnol\u00f3gicas e aumenta as exig\u00eancias de descarboniza\u00e7\u00e3o da frota automotiva brasileira. Enquanto a Lei de Deprecia\u00e7\u00e3o Acelerada (que deve ser regulamentada em breve, segundo o vice-presidente Geraldo Alckmin) concede incentivos fiscais para a moderniza\u00e7\u00e3o das m\u00e1quinas da ind\u00fastria. J\u00e1 o marco legal do hidrog\u00eanio foi sancionado no \u00faltimo dia 2 e traz uma s\u00e9rie de iniciativas para desenvolver essa ind\u00fastria no Brasil.<\/p>\n<p><strong><a href=\"https:\/\/brasil61.com\/n\/politicas-industriais-paises-desenvolvidos-tem-71-dos-mecanismos-de-incentivo-bras2412301\" target=\"_blank\" rel=\"noopener\">Pol\u00edticas industriais: pa\u00edses desenvolvidos t\u00eam 71% dos mecanismos de incentivo<\/a><\/strong><\/p>\n<p><strong><a href=\"https:\/\/brasil61.com\/n\/com-forte-alta-de-4-1-em-junho-industria-brasileira-mostra-recuperacao-bras2412289\" target=\"_blank\" rel=\"noopener\">Com forte alta de 4,1% em junho, ind\u00fastria brasileira mostra recupera\u00e7\u00e3o<\/a><\/strong><\/p>\n<p><strong><a href=\"https:\/\/brasil61.com\/n\/cni-custo-regulatorio-consome-r-243-7-bilhoes-da-industria-por-ano-bras2412235\" target=\"_blank\" rel=\"noopener\">CNI: custo regulat\u00f3rio consome R$ 243,7 bilh\u00f5es da ind\u00fastria por ano<\/a><\/strong><\/p>\n<p>\t\t\t\t\t\t\t\t\t<img loading=\"lazy\" decoding=\"async\" src=\"https:\/\/brasil61.com\/api\/v1\/serve_pixel\/17677\/73907\" alt=\"Pixel Brasil 61\" class=\"b61_pixel\" width=\"0\" height=\"0\"><\/p>\n<input type=\"hidden\" id=\"baseurl\" value=\"https:\/\/noticiasdestaque.com.br\"><input type=\"hidden\" id=\"audio_nonce\" value=\"6f73a554f1\">","protected":false},"excerpt":{"rendered":"<p>Nova Ind\u00fastria Brasil pode trazer crescimento econ\u00f4mico e bem-estar, mas depende da uni\u00e3o de for\u00e7as entre governo, ind\u00fastria e academia, al\u00e9m da prioriza\u00e7\u00e3o de pol\u00edticas verdes<\/p>\n","protected":false},"author":1,"featured_media":15426,"comment_status":"open","ping_status":"open","sticky":false,"template":"","format":"standard","meta":{"fifu_image_url":"","fifu_image_alt":"","footnotes":""},"categories":[59],"tags":[],"class_list":["post-15425","post","type-post","status-publish","format-standard","has-post-thumbnail","hentry","category-economia"],"distributor_meta":false,"distributor_terms":false,"distributor_media":false,"distributor_original_site_name":"Noticias em Destaque","distributor_original_site_url":"https:\/\/noticiasdestaque.com.br","push-errors":false,"_links":{"self":[{"href":"https:\/\/noticiasdestaque.com.br\/index.php\/wp-json\/wp\/v2\/posts\/15425","targetHints":{"allow":["GET"]}}],"collection":[{"href":"https:\/\/noticiasdestaque.com.br\/index.php\/wp-json\/wp\/v2\/posts"}],"about":[{"href":"https:\/\/noticiasdestaque.com.br\/index.php\/wp-json\/wp\/v2\/types\/post"}],"author":[{"embeddable":true,"href":"https:\/\/noticiasdestaque.com.br\/index.php\/wp-json\/wp\/v2\/users\/1"}],"replies":[{"embeddable":true,"href":"https:\/\/noticiasdestaque.com.br\/index.php\/wp-json\/wp\/v2\/comments?post=15425"}],"version-history":[{"count":0,"href":"https:\/\/noticiasdestaque.com.br\/index.php\/wp-json\/wp\/v2\/posts\/15425\/revisions"}],"wp:featuredmedia":[{"embeddable":true,"href":"https:\/\/noticiasdestaque.com.br\/index.php\/wp-json\/wp\/v2\/media\/15426"}],"wp:attachment":[{"href":"https:\/\/noticiasdestaque.com.br\/index.php\/wp-json\/wp\/v2\/media?parent=15425"}],"wp:term":[{"taxonomy":"category","embeddable":true,"href":"https:\/\/noticiasdestaque.com.br\/index.php\/wp-json\/wp\/v2\/categories?post=15425"},{"taxonomy":"post_tag","embeddable":true,"href":"https:\/\/noticiasdestaque.com.br\/index.php\/wp-json\/wp\/v2\/tags?post=15425"}],"curies":[{"name":"wp","href":"https:\/\/api.w.org\/{rel}","templated":true}]}}