{"id":15345,"date":"2024-08-06T03:00:00","date_gmt":"2024-08-06T06:00:00","guid":{"rendered":"https:\/\/noticiasdestaque.com.br\/index.php\/2024\/08\/06\/pos-enchentes-no-rs-e-preciso-manter-a-caderneta-de-vacinacao-das-criancas-em-dia-orienta-unicef\/"},"modified":"2024-08-06T03:00:00","modified_gmt":"2024-08-06T06:00:00","slug":"pos-enchentes-no-rs-e-preciso-manter-a-caderneta-de-vacinacao-das-criancas-em-dia-orienta-unicef","status":"publish","type":"post","link":"https:\/\/noticiasdestaque.com.br\/index.php\/2024\/08\/06\/pos-enchentes-no-rs-e-preciso-manter-a-caderneta-de-vacinacao-das-criancas-em-dia-orienta-unicef\/","title":{"rendered":"P\u00f3s-enchentes no RS: \u00e9 preciso manter a caderneta de vacina\u00e7\u00e3o das crian\u00e7as em dia, orienta UNICEF"},"content":{"rendered":"<p>\t\t\t\t\t\t\t\t\t\t<audio controls class=\"b61_audio_player\" data-noticia=\"73731\" src=\"https:\/\/brasil61.com\/rails\/active_storage\/blobs\/eyJfcmFpbHMiOnsibWVzc2FnZSI6IkJBaHBBemZwQWc9PSIsImV4cCI6bnVsbCwicHVyIjoiYmxvYl9pZCJ9fQ==--2cf19fe69d7df34d72cace2cd060948c7df76c78\/UCEF240110A\"><\/audio><\/p>\n<p>Com uma lista vasta e completa de imunizantes, o Calend\u00e1rio Nacional de Vacina\u00e7\u00e3o oferece vacinas que protegem as crian\u00e7as das mais variadas doen\u00e7as \u2014 desde rotav\u00edrus, sarampo at\u00e9 meningite. Mas para garantir a prote\u00e7\u00e3o completa, \u00e9 preciso manter a caderneta de vacina\u00e7\u00e3o atualizada. E neste contexto de p\u00f3s-enchentes do estado, que ainda representa riscos \u00e0 sa\u00fade dos pequenos, pais e respons\u00e1veis devem manter a vacina\u00e7\u00e3o dos filhos em dia. A orienta\u00e7\u00e3o \u00e9 do Fundo das Na\u00e7\u00f5es Unidas para a Inf\u00e2ncia (UNICEF).<br \/>\n\u00a0<br \/>\nO oficial de Sa\u00fade do UNICEF, Gerson da Costa, refor\u00e7a: a vacina\u00e7\u00e3o \u00e9 um cuidado \u201cfundamental\u201d. \u201cFaz parte central dos cuidados elementares de sa\u00fade a que qualquer pessoa tem direito, sobretudo as crian\u00e7as, e especialmente na primeira inf\u00e2ncia \u2014 quando a crian\u00e7a tem muitas vacinas recomendadas que as protegem de doen\u00e7as preven\u00edveis.\u201d<br \/>\n\u00a0<br \/>\nO desafio aumenta num contexto de alagamento, dificuldade de deslocamento, perda de documenta\u00e7\u00e3o m\u00e9dica, dificuldade de acesso aos sistemas de informa\u00e7\u00e3o. Em cen\u00e1rios onde os pais ou respons\u00e1veis n\u00e3o conseguem ter acesso ou consultar as cadernetas de vacina das crian\u00e7as \u2014 para saber o hist\u00f3rico vacinal \u2014 vale a orienta\u00e7\u00e3o do oficial de Sa\u00fade do UNICEF.<br \/>\n\u00a0<br \/>\n\u201cSendo poss\u00edvel consultar o hist\u00f3rico vacinal, [\u00e9 necess\u00e1rio] atualizar tudo. N\u00e3o sendo poss\u00edvel, fazer o esquema b\u00e1sico de vacinas que envolve, entre outras doen\u00e7as, o sarampo, que \u00e9 uma doen\u00e7a que causa muito surto \u2014 ent\u00e3o precisa estar sempre vigiando para que a cobertura vacinal esteja adequada\u201d, recomenda Gerson da Costa Filho. \u00a0<br \/>\n\u00a0<br \/>\n<strong>Confira o Calend\u00e1rio Nacional de Vacina\u00e7\u00e3o (Fonte: Minist\u00e9rio da Sa\u00fade)<\/strong><br \/>\n\u00a0<br \/>\n\u25cf ao nascer &#8211; Vacina BCG \/ Vacina Hepatite B<br \/>\n\u25cf 2 meses &#8211; Vacina Pentavalente \/ Vacina poliomielite \/ Vacina pneumoc\u00f3cica \/ Vacina rotav\u00edrus<br \/>\n\u25cf 3 meses &#8211; Vacina meningoc\u00f3cica C<br \/>\n\u25cf 4 meses &#8211; Vacina Pentavalente \/ Vacina poliomielite \/ Vacina pneumoc\u00f3cica \/ Vacina rotav\u00edrus<br \/>\n\u25cf 5 meses &#8211; Vacina meningoc\u00f3cica C<br \/>\n\u25cf 6 meses &#8211; Vacina Pentavalente \/ Vacina poliomielite \/ Influenza \/ Covid<br \/>\n\u25cf 7 meses &#8211; Covid (2\u00aa dose)<br \/>\n\u25cf 9 meses &#8211; Vacina Febre Amarela<br \/>\n\u25cf 12 meses &#8211; Vacina pneumoc\u00f3cica \/ Vacina meningoc\u00f3cica C \/ Tr\u00edplice viral<br \/>\n\u25cf 15 meses &#8211; Vacina DTP \/ Vacina poliomielite \/ Hepatite A \/ Vacina Tetra viral<br \/>\n\u25cf 4 anos &#8211; Vacina DTP \/ Vacina Febre Amarela \/ Vacina poliomielite \/ Vacina varicela<br \/>\n\u25cf 5 anos &#8211; Vacina Febre Amarela \/ Vacina pneumoc\u00f3cica<br \/>\n\u25cf 9 e 10 anos &#8211; Vacina HPV<br \/>\n\u00a0<br \/>\nO UNICEF orienta que, caso a crian\u00e7a esteja com as vacinas atrasadas ou sem nenhum registro de vacina\u00e7\u00e3o, os pais ou respons\u00e1veis devem buscar o servi\u00e7o de sa\u00fade mais pr\u00f3ximo \u2014 preferencialmente as Unidades B\u00e1sicas de Sa\u00fade (UBS). A fam\u00edlia deve levar para a vacina\u00e7\u00e3o um documento, de prefer\u00eancia, a caderneta da crian\u00e7a. Caso n\u00e3o tenha a carteira de vacina\u00e7\u00e3o, deve ir da mesma forma. Nada deve impedir a crian\u00e7a de se vacinar.<br \/>\n\u00a0<br \/>\nO oficial do UNICEF lembra que toda chance de cuidado da sa\u00fade deve ser aproveitada ao m\u00e1ximo. \u201cA ideia \u00e9 que a gente n\u00e3o perca a oportunidade de vacinar e que a gente ofere\u00e7a \u2014 sempre que tiver contato com essa crian\u00e7a \u2014 tudo que ela precisa. O ideal \u00e9 que essa crian\u00e7a, tendo contato com um servi\u00e7o de sa\u00fade, possa fazer tudo que seja recomendado para a idade dela\u201d alerta Gerson Filho.<br \/>\n\u00a0<\/p>\n<p>\t\t\t\t\t\t\t\t\t<img loading=\"lazy\" decoding=\"async\" src=\"https:\/\/brasil61.com\/api\/v1\/serve_pixel\/17677\/73731\" alt=\"Pixel Brasil 61\" class=\"b61_pixel\" width=\"0\" height=\"0\"><\/p>\n<input type=\"hidden\" id=\"baseurl\" value=\"https:\/\/noticiasdestaque.com.br\"><input type=\"hidden\" id=\"audio_nonce\" value=\"6a24ca502e\">","protected":false},"excerpt":{"rendered":"<p>O UNICEF orienta que a preven\u00e7\u00e3o das doen\u00e7as que podem causar surtos \u2014 como as s\u00edndromes respirat\u00f3rias \u2014 s\u00e3o prioridade<\/p>\n","protected":false},"author":1,"featured_media":15346,"comment_status":"open","ping_status":"open","sticky":false,"template":"","format":"standard","meta":{"fifu_image_url":"","fifu_image_alt":"","footnotes":""},"categories":[51],"tags":[],"class_list":["post-15345","post","type-post","status-publish","format-standard","has-post-thumbnail","hentry","category-saude"],"distributor_meta":false,"distributor_terms":false,"distributor_media":false,"distributor_original_site_name":"Noticias em Destaque","distributor_original_site_url":"https:\/\/noticiasdestaque.com.br","push-errors":false,"_links":{"self":[{"href":"https:\/\/noticiasdestaque.com.br\/index.php\/wp-json\/wp\/v2\/posts\/15345","targetHints":{"allow":["GET"]}}],"collection":[{"href":"https:\/\/noticiasdestaque.com.br\/index.php\/wp-json\/wp\/v2\/posts"}],"about":[{"href":"https:\/\/noticiasdestaque.com.br\/index.php\/wp-json\/wp\/v2\/types\/post"}],"author":[{"embeddable":true,"href":"https:\/\/noticiasdestaque.com.br\/index.php\/wp-json\/wp\/v2\/users\/1"}],"replies":[{"embeddable":true,"href":"https:\/\/noticiasdestaque.com.br\/index.php\/wp-json\/wp\/v2\/comments?post=15345"}],"version-history":[{"count":0,"href":"https:\/\/noticiasdestaque.com.br\/index.php\/wp-json\/wp\/v2\/posts\/15345\/revisions"}],"wp:featuredmedia":[{"embeddable":true,"href":"https:\/\/noticiasdestaque.com.br\/index.php\/wp-json\/wp\/v2\/media\/15346"}],"wp:attachment":[{"href":"https:\/\/noticiasdestaque.com.br\/index.php\/wp-json\/wp\/v2\/media?parent=15345"}],"wp:term":[{"taxonomy":"category","embeddable":true,"href":"https:\/\/noticiasdestaque.com.br\/index.php\/wp-json\/wp\/v2\/categories?post=15345"},{"taxonomy":"post_tag","embeddable":true,"href":"https:\/\/noticiasdestaque.com.br\/index.php\/wp-json\/wp\/v2\/tags?post=15345"}],"curies":[{"name":"wp","href":"https:\/\/api.w.org\/{rel}","templated":true}]}}