{"id":15301,"date":"2024-08-04T00:03:00","date_gmt":"2024-08-04T03:03:00","guid":{"rendered":"https:\/\/noticiasdestaque.com.br\/index.php\/2024\/08\/04\/inflacao-acelera-em-capitais-brasileiras-em-julho-com-destaque-para-brasilia-e-recife\/"},"modified":"2024-08-04T00:03:00","modified_gmt":"2024-08-04T03:03:00","slug":"inflacao-acelera-em-capitais-brasileiras-em-julho-com-destaque-para-brasilia-e-recife","status":"publish","type":"post","link":"https:\/\/noticiasdestaque.com.br\/index.php\/2024\/08\/04\/inflacao-acelera-em-capitais-brasileiras-em-julho-com-destaque-para-brasilia-e-recife\/","title":{"rendered":"Infla\u00e7\u00e3o acelera em capitais brasileiras em julho, com destaque para Bras\u00edlia e Recife"},"content":{"rendered":"<p>\t\t\t\t\t\t\t\t\t\t<audio controls class=\"b61_audio_player\" data-noticia=\"73836\" src=\"https:\/\/brasil61.com\/rails\/active_storage\/blobs\/eyJfcmFpbHMiOnsibWVzc2FnZSI6IkJBaHBBeTdzQWc9PSIsImV4cCI6bnVsbCwicHVyIjoiYmxvYl9pZCJ9fQ==--2764491baddb87300745a0c361687e6c92d0643e\/BRAS2412292A\"><\/audio><\/p>\n<p>O \u00cdndice de Pre\u00e7os ao Consumidor &#8211; Semanal (IPC-S) da quarta quadrissemana de julho de 2024 apresentou um aumento de 0,54%, acumulando uma alta de 4,12% nos \u00faltimos 12 meses, conforme dados da FGV IBRE. Entre as capitais analisadas, Bras\u00edlia registrou o maior avan\u00e7o, com um aumento de 1,65%, seguida por Recife, que teve uma varia\u00e7\u00e3o de 1,54%, e Belo Horizonte, com 0,63%. Por outro lado, Salvador e Porto Alegre apresentaram as menores varia\u00e7\u00f5es, com 0,09% e 0,43%, respectivamente.<\/p>\n<p>De acordo com o economista Leandro Martins, os resultados refletem diferentes din\u00e2micas regionais.\u00a0<\/p>\n<p>\u201cA infla\u00e7\u00e3o vem realmente sendo pressionada, tanto que na \u00faltima reuni\u00e3o do Copom foram un\u00e2nimes em manter a Selic no atual patamar e algumas correntes j\u00e1 come\u00e7am a pensar que seria mais f\u00e1cil voltar a subir os juros do que dar continuidade ao ciclo de queda. Das sete capitais, seis tiveram alta, destaque para Bras\u00edlia com alta mais intensa e o que comp\u00f4s esse n\u00famero mais alto, na minha opini\u00e3o,\u00a0veio pela gasolina, tamb\u00e9m pelo vestu\u00e1rio.\u00a0Os alimentos deram uma tr\u00e9gua boa. Agora as expectativas futuras s\u00e3o ruins, visto que a gasolina, com esses aumentos recentes, com o pr\u00f3prio petr\u00f3leo pressionado com a alta do d\u00f3lar&#8230;\u201d<\/p>\n<p>Para os pr\u00f3ximos meses, Leandro Martins espera uma press\u00e3o no ritmo de alta da infla\u00e7\u00e3o.\u00a0<\/p>\n<p>&#8220;Ent\u00e3o, a minha expectativa para esses pr\u00f3ximos meses do segundo semestre do ano \u00e9 uma continuidade nessa press\u00e3o inflacion\u00e1ria aqui no Brasil.&#8221;, conclui o economista.<\/p>\n<p>A evolu\u00e7\u00e3o dos \u00edndices nos pr\u00f3ximos meses ser\u00e1 crucial para determinar a trajet\u00f3ria da pol\u00edtica monet\u00e1ria, especialmente com as incertezas em rela\u00e7\u00e3o ao impacto dos pre\u00e7os.<\/p>\n<p>\t\t\t\t\t\t\t\t\t<img loading=\"lazy\" decoding=\"async\" src=\"https:\/\/brasil61.com\/api\/v1\/serve_pixel\/17677\/73836\" alt=\"Pixel Brasil 61\" class=\"b61_pixel\" width=\"0\" height=\"0\"><\/p>\n<input type=\"hidden\" id=\"baseurl\" value=\"https:\/\/noticiasdestaque.com.br\"><input type=\"hidden\" id=\"audio_nonce\" value=\"6a24ca502e\">","protected":false},"excerpt":{"rendered":"<p>\u00cdndice de Pre\u00e7os ao Consumidor &#8211; Semanal (IPC-S) registra alta de 0,54% na quarta quadrissemana do m\u00eas, com varia\u00e7\u00f5es mais intensas em Bras\u00edlia e Recife; Salvador e Porto Alegre t\u00eam menores aumentos.<\/p>\n","protected":false},"author":1,"featured_media":15302,"comment_status":"open","ping_status":"open","sticky":false,"template":"","format":"standard","meta":{"fifu_image_url":"","fifu_image_alt":"","footnotes":""},"categories":[59],"tags":[],"class_list":["post-15301","post","type-post","status-publish","format-standard","has-post-thumbnail","hentry","category-economia"],"distributor_meta":false,"distributor_terms":false,"distributor_media":false,"distributor_original_site_name":"Noticias em Destaque","distributor_original_site_url":"https:\/\/noticiasdestaque.com.br","push-errors":false,"_links":{"self":[{"href":"https:\/\/noticiasdestaque.com.br\/index.php\/wp-json\/wp\/v2\/posts\/15301","targetHints":{"allow":["GET"]}}],"collection":[{"href":"https:\/\/noticiasdestaque.com.br\/index.php\/wp-json\/wp\/v2\/posts"}],"about":[{"href":"https:\/\/noticiasdestaque.com.br\/index.php\/wp-json\/wp\/v2\/types\/post"}],"author":[{"embeddable":true,"href":"https:\/\/noticiasdestaque.com.br\/index.php\/wp-json\/wp\/v2\/users\/1"}],"replies":[{"embeddable":true,"href":"https:\/\/noticiasdestaque.com.br\/index.php\/wp-json\/wp\/v2\/comments?post=15301"}],"version-history":[{"count":0,"href":"https:\/\/noticiasdestaque.com.br\/index.php\/wp-json\/wp\/v2\/posts\/15301\/revisions"}],"wp:featuredmedia":[{"embeddable":true,"href":"https:\/\/noticiasdestaque.com.br\/index.php\/wp-json\/wp\/v2\/media\/15302"}],"wp:attachment":[{"href":"https:\/\/noticiasdestaque.com.br\/index.php\/wp-json\/wp\/v2\/media?parent=15301"}],"wp:term":[{"taxonomy":"category","embeddable":true,"href":"https:\/\/noticiasdestaque.com.br\/index.php\/wp-json\/wp\/v2\/categories?post=15301"},{"taxonomy":"post_tag","embeddable":true,"href":"https:\/\/noticiasdestaque.com.br\/index.php\/wp-json\/wp\/v2\/tags?post=15301"}],"curies":[{"name":"wp","href":"https:\/\/api.w.org\/{rel}","templated":true}]}}