{"id":15295,"date":"2024-08-05T00:04:00","date_gmt":"2024-08-05T03:04:00","guid":{"rendered":"https:\/\/noticiasdestaque.com.br\/index.php\/2024\/08\/05\/emprego-59-das-cidades-brasileiras-tiveram-saldo-positivo-de-carteiras-assinadas-em-junho\/"},"modified":"2024-08-05T00:04:00","modified_gmt":"2024-08-05T03:04:00","slug":"emprego-59-das-cidades-brasileiras-tiveram-saldo-positivo-de-carteiras-assinadas-em-junho","status":"publish","type":"post","link":"https:\/\/noticiasdestaque.com.br\/index.php\/2024\/08\/05\/emprego-59-das-cidades-brasileiras-tiveram-saldo-positivo-de-carteiras-assinadas-em-junho\/","title":{"rendered":"EMPREGO: 59% das cidades brasileiras tiveram saldo positivo de carteiras assinadas em junho"},"content":{"rendered":"<p>\t\t\t\t\t\t\t\t\t\t<audio controls class=\"b61_audio_player\" data-noticia=\"73818\" src=\"https:\/\/brasil61.com\/rails\/active_storage\/blobs\/eyJfcmFpbHMiOnsibWVzc2FnZSI6IkJBaHBBeC9zQWc9PSIsImV4cCI6bnVsbCwicHVyIjoiYmxvYl9pZCJ9fQ==--48ad493f1dabf98f15aa0d87b492ff41fbb8fdf0\/BRAS2412283A\"><\/audio><\/p>\n<p>O <a href=\"https:\/\/cnm.org.br\/storage\/biblioteca\/2024\/Informativos\/202408_INFO_CNM_Mercado_de_Trabalho_Ed_6.pdf\" target=\"_blank\" rel=\"noopener\">Informativo da Confedera\u00e7\u00e3o Nacional dos Munic\u00edpios<\/a> (CNM) de Mercado de Trabalho revela que 59% das cidades brasileiras tiveram saldo positivo de carteiras assinadas em junho de 2024. Ao todo, foram criados 2.064.143 empregos contra 1.867.874 desligamentos, totalizando um saldo positivo de 196.269 postos de trabalho em todo o pa\u00eds.\u00a0<\/p>\n<p>No acumulado dos \u00faltimos 12 meses, o saldo de empregos ficou em 1,72 milh\u00e3o, um aumento de 4% em rela\u00e7\u00e3o ao mesmo per\u00edodo do ano anterior. J\u00e1 o resultado para os seis primeiros meses de 2024 foi de \u00a01.283.046, um crescimento de 25% no saldo na compara\u00e7\u00e3o com o primeiro semestre de 2023.<\/p>\n<p>O presidente do Sindicato dos Economistas no Estado de S\u00e3o Paulo (SINDECON-SP), Carlos Eduardo Oliveira Junior, atribui a confian\u00e7a dos empres\u00e1rios ao aumento da empregabilidade no pa\u00eds.<\/p>\n<p>\u201cEssa melhora significativa, sem d\u00favida alguma, \u00e9 referente \u00e0 confian\u00e7a. A confian\u00e7a por parte dos empres\u00e1rios em investir, visto que o consumo est\u00e1 se elevando e, automaticamente, isso gera emprego, porque voc\u00ea tem que aumentar a produ\u00e7\u00e3o. Aumentando a produ\u00e7\u00e3o, tem que, necessariamente, contratar novos profissionais. Isso faz com que a economia, como um todo, se eleve nesse momento.\u201d<\/p>\n<p>O levantamento da CNM tamb\u00e9m mostra que a quantidade de empregos com carteira assinada, ou seja, os empregos formais, alcan\u00e7ou o maior n\u00edvel da s\u00e9rie hist\u00f3rica em junho, com 46,8 milh\u00f5es de postos de trabalho regularizados. O aumento foi de 0,4%, em rela\u00e7\u00e3o a maio; 3,8%, em rela\u00e7\u00e3o a junho de 2032 e 3,5% nos \u00faltimos 12 meses.<\/p>\n<p>Para o economista Carlos Eduardo, o aumento dos empregos formais se deve \u00e0 eleva\u00e7\u00e3o da produ\u00e7\u00e3o. \u201cOu seja, voc\u00ea eleva a produ\u00e7\u00e3o se sabe que vai comercializar essa produ\u00e7\u00e3o. Mas se vai comercializar essa produ\u00e7\u00e3o, voc\u00ea tem a necessidade de produzir mais. Vai gerar mais emprego, contratar mais e, \u00e0s vezes, at\u00e9 aquela pessoa que estava de uma maneira informal v\u00ea essa melhora e migra para o mercado formal; seja fazendo o que est\u00e1 fazendo ou [troca] por uma ocupa\u00e7\u00e3o melhor\u201d.<\/p>\n<h2>Setores<\/h2>\n<p>Ainda de acordo com a pesquisa da CNM, 76% do saldo de empregos gerados nos seis primeiros meses de 2024 est\u00e3o relacionado aos:<\/p>\n<ul>\n<li>Servi\u00e7os (37%): destaque para servi\u00e7o, agenciamento e loca\u00e7\u00e3o de m\u00e3o-de-obra; servi\u00e7os de escrit\u00f3rio, administrativos e outros servi\u00e7os prestados \u00e0s empresas; e os servi\u00e7os de sa\u00fade humana e sociais;<\/li>\n<li>Constru\u00e7\u00e3o (4%): destaque para obras; servi\u00e7os especializados de constru\u00e7\u00e3o; e constru\u00e7\u00e3o de edif\u00edcios;<\/li>\n<li>Com\u00e9rcio (20%): atacadista e varejo;<\/li>\n<li>Ind\u00fastria (15%): destaque para fabrica\u00e7\u00e3o de ve\u00edculos; produtos aliment\u00edcios; e vestu\u00e1rio e acess\u00f3rios.<\/li>\n<\/ul>\n<p>O professor do Departamento de Economia da Universidade de Bras\u00edlia (UnB), Jos\u00e9 Luiz Oreiro, destaca que o pa\u00eds est\u00e1 voltando a construir.<\/p>\n<p>\u201cO pa\u00eds est\u00e1 voltando a construir, mas \u00e9 principalmente obras de infraestrutura, tocadas por estados e munic\u00edpios. Quer dizer, o investimento de estados e munic\u00edpios, dos governos estadual e municipal, aumentou muito nos \u00faltimos 18 meses, muito em raz\u00e3o do ajuste fiscal que os entes subnacionais fizeram no per\u00edodo 2021-2022, em que n\u00e3o houve reajuste do sal\u00e1rio dos servidores p\u00fablicos. Isso abriu espa\u00e7o no or\u00e7amento para o aumento do investimento.\u201d<\/p>\n<h2>Regi\u00f5es<\/h2>\n<p>Todas as regi\u00f5es do pa\u00eds apresentaram aumento do estoque de empregos em junho de 2024, aponta a CNM. A maior varia\u00e7\u00e3o mensal, contra junho de 2023 e nos \u00faltimos 12 meses ocorreu na Regi\u00e3o Norte, onde o crescimento foi de 0,8%, 5,4% e 4,9%, respectivamente. As menores varia\u00e7\u00f5es ocorreram na Regi\u00e3o Sul, com aumento de 0,2%, 3,1% e 2,7%, respectivamente.<\/p>\n<p><strong>Taxa de crescimento do estoque de ocupa\u00e7\u00f5es por regi\u00e3o geogr\u00e1fica<\/strong><\/p>\n<table border=\"1\" cellpadding=\"1\" cellspacing=\"1\" style=\"width:500px\">\n<tbody>\n<tr>\n<td style=\"text-align: center\">Regi\u00e3o<\/td>\n<td style=\"text-align: center\">Munic\u00edpios<\/td>\n<td style=\"text-align: center\">Munic\u00edpios com crescimento de vagas<\/td>\n<td style=\"text-align: center\">Ocupa\u00e7\u00f5es<\/td>\n<td style=\"text-align: center\">&#8220;Ocupa\u00e7\u00f5es<br \/>\n\t\t\t(%)&#8221;<\/td>\n<td style=\"text-align: center\">jun\/24<\/td>\n<td style=\"text-align: center\">jun\/24 &#8211; jun\/23<\/td>\n<td style=\"text-align: center\">jul\/23-jun\/24 &#8211;<br \/>\n\t\t\tjul\/22-jun\/23<\/td>\n<\/tr>\n<tr>\n<td style=\"text-align: center\">Norte<\/td>\n<td style=\"text-align: center\">450<\/td>\n<td style=\"text-align: center\">58%<\/td>\n<td style=\"text-align: center\">2.343.759<\/td>\n<td style=\"text-align: center\">5%<\/td>\n<td style=\"text-align: center\">0,8%<\/td>\n<td style=\"text-align: center\">5,4%<\/td>\n<td style=\"text-align: center\">4,9%<\/td>\n<\/tr>\n<tr>\n<td style=\"text-align: center\">Nordeste<\/td>\n<td style=\"text-align: center\">1.794<\/td>\n<td style=\"text-align: center\">58%<\/td>\n<td style=\"text-align: center\">7.758.766<\/td>\n<td style=\"text-align: center\">17%<\/td>\n<td style=\"text-align: center\">0,6%\u00a0<\/td>\n<td style=\"text-align: center\">4,5%\u00a0<\/td>\n<td style=\"text-align: center\">4,0%<\/td>\n<\/tr>\n<tr>\n<td style=\"text-align: center\">Sudeste<\/td>\n<td style=\"text-align: center\">1.668<\/td>\n<td style=\"text-align: center\">65%<\/td>\n<td style=\"text-align: center\">23.908.561<\/td>\n<td style=\"text-align: center\">51%<\/td>\n<td style=\"text-align: center\">0,4%<\/td>\n<td style=\"text-align: center\">3,7%<\/td>\n<td style=\"text-align: center\">3,4%<\/td>\n<\/tr>\n<tr>\n<td style=\"text-align: center\">Sul<\/td>\n<td style=\"text-align: center\">1.191<\/td>\n<td style=\"text-align: center\">52%<\/td>\n<td style=\"text-align: center\">8.568.031<\/td>\n<td style=\"text-align: center\">18%<\/td>\n<td style=\"text-align: center\">0,2%<\/td>\n<td style=\"text-align: center\">3,1%<\/td>\n<td style=\"text-align: center\">2,7%<\/td>\n<\/tr>\n<tr>\n<td style=\"text-align: center\">Centro-Oeste<\/td>\n<td style=\"text-align: center\">467<\/td>\n<td style=\"text-align: center\">67%<\/td>\n<td style=\"text-align: center\">4.220.922<\/td>\n<td style=\"text-align: center\">9%<\/td>\n<td style=\"text-align: center\">0,6%\u00a0<\/td>\n<td style=\"text-align: center\">4,1%<\/td>\n<td style=\"text-align: center\">4,2%<\/td>\n<\/tr>\n<tr>\n<td style=\"text-align: center\">Total<\/td>\n<td style=\"text-align: center\">5.570<\/td>\n<td style=\"text-align: center\">59%<\/td>\n<td style=\"text-align: center\">46.800.039<\/td>\n<td style=\"text-align: center\">100%<\/td>\n<td style=\"text-align: center\">0,4%<\/td>\n<td style=\"text-align: center\">3,8%<\/td>\n<td style=\"text-align: center\">3,5%<\/td>\n<\/tr>\n<\/tbody>\n<\/table>\n<p>Fonte: Novo CAGED\/MTP. Elabora\u00e7\u00e3o: Departamento de Estudos T\u00e9cnicos\/CNM<\/p>\n<p>Para o economista Carlos Eduardo, o ano eleitoral contribui com o aumento das contrata\u00e7\u00f5es, especialmente nas pequenas e m\u00e9dias cidades das regi\u00f5es Norte e Nordeste.<\/p>\n<p>\u201cEsse \u00e9 um ano eleitoral, quando voc\u00ea identifica uma maior produ\u00e7\u00e3o e contrata\u00e7\u00e3o por parte de prefeitos, porque eles t\u00eam o que fazer, t\u00eam que mostrar servi\u00e7o, t\u00eam que asfaltar a rua, t\u00eam que limpar, cuidar da zeladoria por parte da cidade. Com isso, voc\u00ea vai ter que contratar pessoas para fazer essas atividades. Tamb\u00e9m tem a quest\u00e3o da sa\u00fade, com os mutir\u00f5es, e a\u00ed [surge] a necessidade de contratar.\u201d<\/p>\n<p>J\u00e1 em rela\u00e7\u00e3o ao crescimento moderado dos postos de trabalho na Regi\u00e3o Sul, o professor Jos\u00e9 Luiz Oreiro atribui \u00e0s enchentes que ocorreram este ano no Rio Grande do Sul.<\/p>\n<p>\u201cAs enchentes do Rio Grande do Sul afetaram muito o estado, a ind\u00fastria, a atividade agropecu\u00e1ria. Ent\u00e3o, certamente, isso impactou negativamente na gera\u00e7\u00e3o de renda e de emprego no estado do Rio Grande Sul.\u201d<\/p>\n<p><strong><a href=\"https:\/\/brasil61.com\/n\/taxa-de-desemprego-no-brasil-cai-para-6-9-no-trimestre-encerrado-em-junho-aponta-ibge-bras2412278\" target=\"_blank\" rel=\"noopener\">Taxa de desemprego no Brasil cai para 6,9% no trimestre encerrado em junho, aponta IBGE<\/a><\/strong><\/p>\n<p><strong><a href=\"https:\/\/brasil61.com\/n\/ministerio-da-saude-sera-o-principal-afetado-por-corte-de-r-15-bi-do-governo-bras2412272\" target=\"_blank\" rel=\"noopener\">Minist\u00e9rio da Sa\u00fade ser\u00e1 o principal afetado por corte de R$ 15 bi do governo<\/a><\/strong><\/p>\n<p><strong><a href=\"https:\/\/brasil61.com\/n\/ibovespa-caiu-0-20-no-ultimo-fechamento-bras2412280\" target=\"_blank\" rel=\"noopener\">Ibovespa caiu 0,20% no \u00faltimo fechamento<\/a><\/strong><\/p>\n<p>Para o segundo semestre de 2024, os economistas s\u00e3o otimistas:<\/p>\n<p>\u201cA expectativa para o segundo semestre \u00e9 desse mercado se manter, de certa maneira, aquecido. Talvez at\u00e9 possa chegar a 2 milh\u00f5es de empregos gerados at\u00e9 o final do ano\u201d, avalia o presidente do SINDECON-SP, Carlos Eduardo Oliveira Junior.<\/p>\n<p>\u201cA taxa de desemprego est\u00e1 muito baixa, o sal\u00e1rio real est\u00e1 crescendo, e \u00e9 o que tudo indica. Ent\u00e3o, os gastos de consumo das fam\u00edlias v\u00e3o continuar crescendo e, portanto, criando demanda. E \u00e9 a cria\u00e7\u00e3o de demanda que gera a cria\u00e7\u00e3o de renda e de emprego. Portanto, as perspectivas s\u00e3o muito boas para o segundo semestre de 2024\u201d, espera o professor do Departamento de Economia da UnB, Jos\u00e9 Luiz Oreiro.<\/p>\n<p>\t\t\t\t\t\t\t\t\t<img loading=\"lazy\" decoding=\"async\" src=\"https:\/\/brasil61.com\/api\/v1\/serve_pixel\/17677\/73818\" alt=\"Pixel Brasil 61\" class=\"b61_pixel\" width=\"0\" height=\"0\"><\/p>\n<input type=\"hidden\" id=\"baseurl\" value=\"https:\/\/noticiasdestaque.com.br\"><input type=\"hidden\" id=\"audio_nonce\" value=\"6a24ca502e\">","protected":false},"excerpt":{"rendered":"<p>Segundo informativo da CNM, houve um saldo positivo de 196.269 postos de trabalho em todas as regi\u00f5es do pa\u00eds<\/p>\n","protected":false},"author":1,"featured_media":15296,"comment_status":"open","ping_status":"open","sticky":false,"template":"","format":"standard","meta":{"fifu_image_url":"","fifu_image_alt":"","footnotes":""},"categories":[59],"tags":[],"class_list":["post-15295","post","type-post","status-publish","format-standard","has-post-thumbnail","hentry","category-economia"],"distributor_meta":false,"distributor_terms":false,"distributor_media":false,"distributor_original_site_name":"Noticias em Destaque","distributor_original_site_url":"https:\/\/noticiasdestaque.com.br","push-errors":false,"_links":{"self":[{"href":"https:\/\/noticiasdestaque.com.br\/index.php\/wp-json\/wp\/v2\/posts\/15295","targetHints":{"allow":["GET"]}}],"collection":[{"href":"https:\/\/noticiasdestaque.com.br\/index.php\/wp-json\/wp\/v2\/posts"}],"about":[{"href":"https:\/\/noticiasdestaque.com.br\/index.php\/wp-json\/wp\/v2\/types\/post"}],"author":[{"embeddable":true,"href":"https:\/\/noticiasdestaque.com.br\/index.php\/wp-json\/wp\/v2\/users\/1"}],"replies":[{"embeddable":true,"href":"https:\/\/noticiasdestaque.com.br\/index.php\/wp-json\/wp\/v2\/comments?post=15295"}],"version-history":[{"count":0,"href":"https:\/\/noticiasdestaque.com.br\/index.php\/wp-json\/wp\/v2\/posts\/15295\/revisions"}],"wp:featuredmedia":[{"embeddable":true,"href":"https:\/\/noticiasdestaque.com.br\/index.php\/wp-json\/wp\/v2\/media\/15296"}],"wp:attachment":[{"href":"https:\/\/noticiasdestaque.com.br\/index.php\/wp-json\/wp\/v2\/media?parent=15295"}],"wp:term":[{"taxonomy":"category","embeddable":true,"href":"https:\/\/noticiasdestaque.com.br\/index.php\/wp-json\/wp\/v2\/categories?post=15295"},{"taxonomy":"post_tag","embeddable":true,"href":"https:\/\/noticiasdestaque.com.br\/index.php\/wp-json\/wp\/v2\/tags?post=15295"}],"curies":[{"name":"wp","href":"https:\/\/api.w.org\/{rel}","templated":true}]}}