{"id":15289,"date":"2024-08-02T00:04:00","date_gmt":"2024-08-02T03:04:00","guid":{"rendered":"https:\/\/noticiasdestaque.com.br\/index.php\/2024\/08\/02\/taxa-de-desemprego-no-brasil-cai-para-69-no-trimestre-encerrado-em-junho-aponta-ibge\/"},"modified":"2024-08-02T00:04:00","modified_gmt":"2024-08-02T03:04:00","slug":"taxa-de-desemprego-no-brasil-cai-para-69-no-trimestre-encerrado-em-junho-aponta-ibge","status":"publish","type":"post","link":"https:\/\/noticiasdestaque.com.br\/index.php\/2024\/08\/02\/taxa-de-desemprego-no-brasil-cai-para-69-no-trimestre-encerrado-em-junho-aponta-ibge\/","title":{"rendered":"Taxa de desemprego no Brasil cai para 6,9% no trimestre encerrado em junho, aponta IBGE"},"content":{"rendered":"<p>\t\t\t\t\t\t\t\t\t\t<audio controls class=\"b61_audio_player\" data-noticia=\"73808\" src=\"https:\/\/brasil61.com\/rails\/active_storage\/blobs\/eyJfcmFpbHMiOnsibWVzc2FnZSI6IkJBaHBBMVhyQWc9PSIsImV4cCI6bnVsbCwicHVyIjoiYmxvYl9pZCJ9fQ==--d3507f46774f8241d67317edcfbfa4b8898acf07\/BRAS2412278A\"><\/audio><\/p>\n<p>A taxa de desemprego no Brasil fechou o trimestre, encerrado em junho de 2024, em 6,9%. O n\u00famero representa uma queda de 1 ponto percentual em rela\u00e7\u00e3o ao trimestre de janeiro a mar\u00e7o de 2024, quando a taxa era de 7,9%. Este \u00e9 o menor \u00edndice de desocupa\u00e7\u00e3o para um trimestre encerrado em junho desde 2014. Os dados s\u00e3o da Pesquisa Nacional por Amostra de Domic\u00edlios (Pnad) Cont\u00ednua, divulgada pelo Instituto Brasileiro de Geografia e Estat\u00edstica (IBGE).<\/p>\n<p>Com essa redu\u00e7\u00e3o, a popula\u00e7\u00e3o desocupada no pa\u00eds atingiu 7,5 milh\u00f5es de pessoas, refletindo uma queda de 12,5% (menos 1,1 milh\u00e3o de pessoas) em rela\u00e7\u00e3o ao trimestre anterior e uma diminui\u00e7\u00e3o de 12,8% (tamb\u00e9m menos 1,1 milh\u00e3o de pessoas) em compara\u00e7\u00e3o ao mesmo per\u00edodo de 2023. Esse n\u00famero representa o menor contingente de desocupados desde o trimestre finalizado em fevereiro de 2015.<\/p>\n<p>Adriana Beringuy, Coordenadora de Pesquisas por Amostra de Domic\u00edlios do IBGE, destaca os fatores que influenciaram a redu\u00e7\u00e3o do desemprego.<\/p>\n<p>&#8220;Essa redu\u00e7\u00e3o importante do n\u00famero de pessoas desocupadas \u00e9 devido a uma expans\u00e3o bastante importante do n\u00famero de trabalhadores, que em um trimestre teve um aumento de 1,6 milh\u00e3o a mais de pessoas ocupadas trabalhando, portanto, fazendo com que a popula\u00e7\u00e3o ocupada hoje no Brasil, fique na casa de 102 milh\u00f5es de pessoas&#8221;, explica.<\/p>\n<p>Ela tamb\u00e9m observa que esse crescimento foi verificado em diversas atividades, tanto em setores de maior quanto nos de menor rendimento.<\/p>\n<p>\u201cTivemos expans\u00e3o no com\u00e9rcio, nos servi\u00e7os de tecnologia da informa\u00e7\u00e3o e comunica\u00e7\u00e3o, na educa\u00e7\u00e3o b\u00e1sica do setor p\u00fablico e em servi\u00e7os prestados \u00e0s fam\u00edlias. Isso demonstra uma dissemina\u00e7\u00e3o significativa das melhorias no mercado de trabalho\u201d, completa.<\/p>\n<h2>Mercado de trabalho formal<\/h2>\n<p>Fernando de Aquino, membro da Comiss\u00e3o de Pol\u00edtica Econ\u00f4mica do Cofecon, avalia que pesquisas sobre o mercado de trabalho no Brasil precisam ser avaliadas sob duas perspectivas: uma \u00e9 o seu comportamento nos \u00faltimos anos e a outra \u00e9 a dist\u00e2ncia que mantemos dos pa\u00edses desenvolvidos.<\/p>\n<p>&#8220;Em rela\u00e7\u00e3o ao comportamento dos \u00faltimos anos, a Pnad Cont\u00ednua nos mostra bons resultados, com o desemprego caindo continuamente e a popula\u00e7\u00e3o ocupada subindo tamb\u00e9m. Contudo, a informalidade continua muito alta, indicando um mercado de trabalho de pior qualidade, sem as garantias da CLT. Isso traz dificuldades para financiar os benef\u00edcios previdenci\u00e1rios, tanto os correntes quanto os futuros&#8221;, destaca.<\/p>\n<p>Em rela\u00e7\u00e3o aos pa\u00edses desenvolvidos, ele afirma que o Brasil ainda enfrenta um rendimento de trabalho baixo. De acordo com Aquino, o alto retorno do capital, sustentado pelas altas taxas de juros, faz com que as pessoas prefiram investir no mercado financeiro em vez de no setor real.\u00a0<\/p>\n<p>&#8220;Precisamos de investimentos que elevem a produtividade do trabalho, possibilitando remunera\u00e7\u00f5es mais justas&#8221;, afirma.<\/p>\n<p>O mercado de trabalho formal tamb\u00e9m apresenta resultados positivos. O n\u00famero de empregados com carteira de trabalho no setor privado (excluindo trabalhadores dom\u00e9sticos) atingiu 38,38 milh\u00f5es, estabelecendo um novo recorde da s\u00e9rie hist\u00f3rica. No trimestre, esse n\u00famero cresceu 1,0% (mais 397 mil pessoas) e, no ano, 4,4% (mais 1,6 milh\u00e3o de pessoas). O segmento de trabalhadores informais permaneceu em 38,6% da popula\u00e7\u00e3o ocupada, representando 39,3 milh\u00f5es de trabalhadores informais.<\/p>\n<h2>Expectativas<\/h2>\n<p>O economista Cesar Bergo destaca que o desemprego vem caindo, especialmente no setor de varejo e servi\u00e7os. &#8220;A tend\u00eancia \u00e9 que melhore ainda mais nos pr\u00f3ximos meses, impulsionado por datas comemorativas como o Dia das Crian\u00e7as e o Natal, al\u00e9m da Black Friday. A tend\u00eancia \u00e9 ainda manter essa taxa de desemprego em torno de 7%\u201d, completa.<\/p>\n<p>\t\t\t\t\t\t\t\t\t<img loading=\"lazy\" decoding=\"async\" src=\"https:\/\/brasil61.com\/api\/v1\/serve_pixel\/17677\/73808\" alt=\"Pixel Brasil 61\" class=\"b61_pixel\" width=\"0\" height=\"0\"><\/p>\n<input type=\"hidden\" id=\"baseurl\" value=\"https:\/\/noticiasdestaque.com.br\"><input type=\"hidden\" id=\"audio_nonce\" value=\"6a24ca502e\">","protected":false},"excerpt":{"rendered":"<p>Isso resultou em 7,5 milh\u00f5es de pessoas desempregadas, uma redu\u00e7\u00e3o de 12,5% em compara\u00e7\u00e3o ao trimestre anterior e de 12,8% em rela\u00e7\u00e3o ao mesmo per\u00edodo de 2023<\/p>\n","protected":false},"author":1,"featured_media":15290,"comment_status":"open","ping_status":"open","sticky":false,"template":"","format":"standard","meta":{"fifu_image_url":"","fifu_image_alt":"","footnotes":""},"categories":[59],"tags":[],"class_list":["post-15289","post","type-post","status-publish","format-standard","has-post-thumbnail","hentry","category-economia"],"distributor_meta":false,"distributor_terms":false,"distributor_media":false,"distributor_original_site_name":"Noticias em Destaque","distributor_original_site_url":"https:\/\/noticiasdestaque.com.br","push-errors":false,"_links":{"self":[{"href":"https:\/\/noticiasdestaque.com.br\/index.php\/wp-json\/wp\/v2\/posts\/15289","targetHints":{"allow":["GET"]}}],"collection":[{"href":"https:\/\/noticiasdestaque.com.br\/index.php\/wp-json\/wp\/v2\/posts"}],"about":[{"href":"https:\/\/noticiasdestaque.com.br\/index.php\/wp-json\/wp\/v2\/types\/post"}],"author":[{"embeddable":true,"href":"https:\/\/noticiasdestaque.com.br\/index.php\/wp-json\/wp\/v2\/users\/1"}],"replies":[{"embeddable":true,"href":"https:\/\/noticiasdestaque.com.br\/index.php\/wp-json\/wp\/v2\/comments?post=15289"}],"version-history":[{"count":0,"href":"https:\/\/noticiasdestaque.com.br\/index.php\/wp-json\/wp\/v2\/posts\/15289\/revisions"}],"wp:featuredmedia":[{"embeddable":true,"href":"https:\/\/noticiasdestaque.com.br\/index.php\/wp-json\/wp\/v2\/media\/15290"}],"wp:attachment":[{"href":"https:\/\/noticiasdestaque.com.br\/index.php\/wp-json\/wp\/v2\/media?parent=15289"}],"wp:term":[{"taxonomy":"category","embeddable":true,"href":"https:\/\/noticiasdestaque.com.br\/index.php\/wp-json\/wp\/v2\/categories?post=15289"},{"taxonomy":"post_tag","embeddable":true,"href":"https:\/\/noticiasdestaque.com.br\/index.php\/wp-json\/wp\/v2\/tags?post=15289"}],"curies":[{"name":"wp","href":"https:\/\/api.w.org\/{rel}","templated":true}]}}