{"id":15283,"date":"2024-08-05T00:02:00","date_gmt":"2024-08-05T03:02:00","guid":{"rendered":"https:\/\/noticiasdestaque.com.br\/index.php\/2024\/08\/05\/aumentam-hospitalizacoes-por-covid-19-entre-idosos\/"},"modified":"2024-08-05T00:02:00","modified_gmt":"2024-08-05T03:02:00","slug":"aumentam-hospitalizacoes-por-covid-19-entre-idosos","status":"publish","type":"post","link":"https:\/\/noticiasdestaque.com.br\/index.php\/2024\/08\/05\/aumentam-hospitalizacoes-por-covid-19-entre-idosos\/","title":{"rendered":"Aumentam hospitaliza\u00e7\u00f5es por Covid-19 entre idosos"},"content":{"rendered":"<p>\t\t\t\t\t\t\t\t\t\t<audio controls class=\"b61_audio_player\" data-noticia=\"73835\" src=\"https:\/\/brasil61.com\/rails\/active_storage\/blobs\/eyJfcmFpbHMiOnsibWVzc2FnZSI6IkJBaHBBemJzQWc9PSIsImV4cCI6bnVsbCwicHVyIjoiYmxvYl9pZCJ9fQ==--ddcb9149a3f25ef105316afbcf0c1fb937ff4ae5\/BRAS2412291A\"><\/audio><\/p>\n<p>S\u00e3o Paulo, Amazonas e alguns estados do Nordeste\u00a0apresentaram aumento no n\u00famero de idosos internados por Covid, segundo o \u00faltimo boletim InfoGripe, da Fiocruz, divulgado nesta sexta (2). Mesmo com o aumento,\u00a0as interna\u00e7\u00f5es pela doen\u00e7a est\u00e3o em patamares considerados baixos, principalmente quando comparados com o hist\u00f3rico de circula\u00e7\u00e3o do v\u00edrus.\u00a0<\/p>\n<p>Mas o incremento de casos chama a aten\u00e7\u00e3o e os pesquisadores pedem que hospitais e unidades de sa\u00fade dessas regi\u00f5es fiquem atentos a um aumento mais expressivo na dissemina\u00e7\u00e3o do v\u00edrus. A pesquisadora do Infogripe, Tatiana Portella, orienta os principais cuidados que a popula\u00e7\u00e3o precisa ter para se proteger do v\u00edrus da Covid.<\/p>\n<p>\u201c\u00c9 importante estar em dia com a vacina\u00e7\u00e3o \u2014 tanto a vacina contra Influenza, quanto a vacina contra Covid. A gente tamb\u00e9m mant\u00e9m a recomenda\u00e7\u00e3o de usar m\u00e1scaras em locais fechados e dentro dos postos de sa\u00fade. Em casos de aparecimento de sintomas, o ideal \u00e9 ficar em casa, em isolamento. E em caso de piora dos sintomas, \u00e9 importante procurar atendimento m\u00e9dico.\u201d<\/p>\n<p>Os casos de infec\u00e7\u00e3o por Covid ainda atingem com maior gravidade as crian\u00e7as pequenas, mas a mortalidade tem sido maior entre idosos a partir de 65 anos \u2014 nesta faixa et\u00e1ria, o Sars-CoV-2 vem sendo a segunda maior causa de mortes por S\u00edndrome Respirat\u00f3ria Aguda Grave.\u00a0<\/p>\n<p>S\u00f3 em 2024 foram notificados 104.734 casos de SRAG, sendo 51.108 (48,8%) com resultado laboratorial positivo para algum v\u00edrus respirat\u00f3rio. Segundo o Infogripe, os casos positivos se dividiram em:\u00a0<\/p>\n<ul>\n<li>influenza A &#8211; 19,3%<\/li>\n<li>influenza B &#8211; \u00a00,5%\u00a0<\/li>\n<li>Virus Sincicial Respiratorio &#8211; 44,4%<\/li>\n<li>Covid-19 &#8211; 18,1%<br \/>\n\t\u00a0<\/li>\n<\/ul>\n<p>\t\t\t\t\t\t\t\t\t<img loading=\"lazy\" decoding=\"async\" src=\"https:\/\/brasil61.com\/api\/v1\/serve_pixel\/17677\/73835\" alt=\"Pixel Brasil 61\" class=\"b61_pixel\" width=\"0\" height=\"0\"><\/p>\n<input type=\"hidden\" id=\"baseurl\" value=\"https:\/\/noticiasdestaque.com.br\"><input type=\"hidden\" id=\"audio_nonce\" value=\"6a24ca502e\">","protected":false},"excerpt":{"rendered":"<p>Casos j\u00e1 representam 18,1% das infec\u00e7\u00f5es respirat\u00f3rias em 2024 <\/p>\n","protected":false},"author":1,"featured_media":15284,"comment_status":"open","ping_status":"open","sticky":false,"template":"","format":"standard","meta":{"fifu_image_url":"","fifu_image_alt":"","footnotes":""},"categories":[51],"tags":[],"class_list":["post-15283","post","type-post","status-publish","format-standard","has-post-thumbnail","hentry","category-saude"],"distributor_meta":false,"distributor_terms":false,"distributor_media":false,"distributor_original_site_name":"Noticias em Destaque","distributor_original_site_url":"https:\/\/noticiasdestaque.com.br","push-errors":false,"_links":{"self":[{"href":"https:\/\/noticiasdestaque.com.br\/index.php\/wp-json\/wp\/v2\/posts\/15283","targetHints":{"allow":["GET"]}}],"collection":[{"href":"https:\/\/noticiasdestaque.com.br\/index.php\/wp-json\/wp\/v2\/posts"}],"about":[{"href":"https:\/\/noticiasdestaque.com.br\/index.php\/wp-json\/wp\/v2\/types\/post"}],"author":[{"embeddable":true,"href":"https:\/\/noticiasdestaque.com.br\/index.php\/wp-json\/wp\/v2\/users\/1"}],"replies":[{"embeddable":true,"href":"https:\/\/noticiasdestaque.com.br\/index.php\/wp-json\/wp\/v2\/comments?post=15283"}],"version-history":[{"count":0,"href":"https:\/\/noticiasdestaque.com.br\/index.php\/wp-json\/wp\/v2\/posts\/15283\/revisions"}],"wp:featuredmedia":[{"embeddable":true,"href":"https:\/\/noticiasdestaque.com.br\/index.php\/wp-json\/wp\/v2\/media\/15284"}],"wp:attachment":[{"href":"https:\/\/noticiasdestaque.com.br\/index.php\/wp-json\/wp\/v2\/media?parent=15283"}],"wp:term":[{"taxonomy":"category","embeddable":true,"href":"https:\/\/noticiasdestaque.com.br\/index.php\/wp-json\/wp\/v2\/categories?post=15283"},{"taxonomy":"post_tag","embeddable":true,"href":"https:\/\/noticiasdestaque.com.br\/index.php\/wp-json\/wp\/v2\/tags?post=15283"}],"curies":[{"name":"wp","href":"https:\/\/api.w.org\/{rel}","templated":true}]}}