{"id":15277,"date":"2024-08-04T18:00:00","date_gmt":"2024-08-04T21:00:00","guid":{"rendered":"https:\/\/noticiasdestaque.com.br\/index.php\/2024\/08\/04\/previsao-do-tempo-segunda-feira-5-de-muitas-nuvens-e-possibilidade-de-chuva-na-maior-parte-da-regiao-sul\/"},"modified":"2024-08-04T18:00:00","modified_gmt":"2024-08-04T21:00:00","slug":"previsao-do-tempo-segunda-feira-5-de-muitas-nuvens-e-possibilidade-de-chuva-na-maior-parte-da-regiao-sul","status":"publish","type":"post","link":"https:\/\/noticiasdestaque.com.br\/index.php\/2024\/08\/04\/previsao-do-tempo-segunda-feira-5-de-muitas-nuvens-e-possibilidade-de-chuva-na-maior-parte-da-regiao-sul\/","title":{"rendered":"PREVIS\u00c3O DO TEMPO: segunda-feira (5) de muitas nuvens e possibilidade de chuva na maior parte da regi\u00e3o Sul"},"content":{"rendered":"<p>\t\t\t\t\t\t\t\t\t\t<audio controls class=\"b61_audio_player\" data-noticia=\"73846\" src=\"https:\/\/brasil61.com\/rails\/active_storage\/blobs\/eyJfcmFpbHMiOnsibWVzc2FnZSI6IkJBaHBBMVhzQWc9PSIsImV4cCI6bnVsbCwicHVyIjoiYmxvYl9pZCJ9fQ==--8e93e8e0325e5422635c9b1e07873d56e61cafba\/PTRS243612A\"><\/audio><\/p>\n<p>A previs\u00e3o do tempo para a regi\u00e3o Sul, nesta segunda-feira (5), \u00e9 de muitas nuvens com possibilidade de chuva na maior parte da regi\u00e3o. A condi\u00e7\u00e3o poder\u00e1 ser notada em \u00e1reas mais ao oeste de Santa Catarina, em cidades como Coronel Freitas e Barra Bonita.\u00a0<\/p>\n<p>Na parte norte do estado catarinense, em cidades como Major Vieira e Mafra, o c\u00e9u vai estar com muitas nuvens. O cen\u00e1rio \u00e9 o mesmo esperado para o sul do Paran\u00e1, em munic\u00edpios como Pinh\u00e3o e Coronel Domingos Soares.\u00a0<\/p>\n<p>J\u00e1 no Rio Grande do Sul, em uma \u00e1rea que abrange o sudoeste e a Metropolitana de Porto Alegre, a previs\u00e3o \u00e9 de muitas nuvens, pancadas de chuva e trovoadas, condi\u00e7\u00e3o esperada em munic\u00edpios como S\u00e3o Francisco de Assis e Dom Feliciano. O Instituto Nacional de Meteorologia tamb\u00e9m alerta para perigo de tempestade nos pr\u00f3ximos dias, nessas \u00e1reas.\u00a0<\/p>\n<p>Entre as capitais, a temperatura m\u00ednima \u00e9 de 15\u00b0C em Porto Alegre, enquanto a m\u00e1xima \u00e9 de 26\u00b0C em Curitiba. A umidade do ar varia entre 35% e 95%.\u00a0<\/p>\n<p>As informa\u00e7\u00f5es s\u00e3o do Instituto Nacional de Meteorologia.\u00a0<\/p>\n<p>\n\u00a0<\/p>\n<p>\t\t\t\t\t\t\t\t\t<img loading=\"lazy\" decoding=\"async\" src=\"https:\/\/brasil61.com\/api\/v1\/serve_pixel\/17677\/73846\" alt=\"Pixel Brasil 61\" class=\"b61_pixel\" width=\"0\" height=\"0\"><\/p>\n<input type=\"hidden\" id=\"baseurl\" value=\"https:\/\/noticiasdestaque.com.br\"><input type=\"hidden\" id=\"audio_nonce\" value=\"6a24ca502e\">","protected":false},"excerpt":{"rendered":"<p>Entre as capitais, a temperatura m\u00ednima \u00e9 de 15\u00b0C em Porto Alegre, enquanto a m\u00e1xima \u00e9 de 26\u00b0C em Curitiba<\/p>\n","protected":false},"author":1,"featured_media":15278,"comment_status":"open","ping_status":"open","sticky":false,"template":"","format":"standard","meta":{"fifu_image_url":"","fifu_image_alt":"","footnotes":""},"categories":[58],"tags":[],"class_list":["post-15277","post","type-post","status-publish","format-standard","has-post-thumbnail","hentry","category-cotidiano"],"distributor_meta":false,"distributor_terms":false,"distributor_media":false,"distributor_original_site_name":"Noticias em Destaque","distributor_original_site_url":"https:\/\/noticiasdestaque.com.br","push-errors":false,"_links":{"self":[{"href":"https:\/\/noticiasdestaque.com.br\/index.php\/wp-json\/wp\/v2\/posts\/15277","targetHints":{"allow":["GET"]}}],"collection":[{"href":"https:\/\/noticiasdestaque.com.br\/index.php\/wp-json\/wp\/v2\/posts"}],"about":[{"href":"https:\/\/noticiasdestaque.com.br\/index.php\/wp-json\/wp\/v2\/types\/post"}],"author":[{"embeddable":true,"href":"https:\/\/noticiasdestaque.com.br\/index.php\/wp-json\/wp\/v2\/users\/1"}],"replies":[{"embeddable":true,"href":"https:\/\/noticiasdestaque.com.br\/index.php\/wp-json\/wp\/v2\/comments?post=15277"}],"version-history":[{"count":0,"href":"https:\/\/noticiasdestaque.com.br\/index.php\/wp-json\/wp\/v2\/posts\/15277\/revisions"}],"wp:featuredmedia":[{"embeddable":true,"href":"https:\/\/noticiasdestaque.com.br\/index.php\/wp-json\/wp\/v2\/media\/15278"}],"wp:attachment":[{"href":"https:\/\/noticiasdestaque.com.br\/index.php\/wp-json\/wp\/v2\/media?parent=15277"}],"wp:term":[{"taxonomy":"category","embeddable":true,"href":"https:\/\/noticiasdestaque.com.br\/index.php\/wp-json\/wp\/v2\/categories?post=15277"},{"taxonomy":"post_tag","embeddable":true,"href":"https:\/\/noticiasdestaque.com.br\/index.php\/wp-json\/wp\/v2\/tags?post=15277"}],"curies":[{"name":"wp","href":"https:\/\/api.w.org\/{rel}","templated":true}]}}