{"id":15275,"date":"2024-08-03T18:00:00","date_gmt":"2024-08-03T21:00:00","guid":{"rendered":"https:\/\/noticiasdestaque.com.br\/index.php\/2024\/08\/03\/previsao-do-tempo-domingo-4-com-possibilidade-de-chuvas-no-sudeste\/"},"modified":"2024-08-03T18:00:00","modified_gmt":"2024-08-03T21:00:00","slug":"previsao-do-tempo-domingo-4-com-possibilidade-de-chuvas-no-sudeste","status":"publish","type":"post","link":"https:\/\/noticiasdestaque.com.br\/index.php\/2024\/08\/03\/previsao-do-tempo-domingo-4-com-possibilidade-de-chuvas-no-sudeste\/","title":{"rendered":"PREVIS\u00c3O DO TEMPO: domingo (4) com possibilidade de chuvas no Sudeste"},"content":{"rendered":"<p>\t\t\t\t\t\t\t\t\t\t<audio controls class=\"b61_audio_player\" data-noticia=\"73831\" src=\"https:\/\/brasil61.com\/rails\/active_storage\/blobs\/eyJfcmFpbHMiOnsibWVzc2FnZSI6IkJBaHBBekRzQWc9PSIsImV4cCI6bnVsbCwicHVyIjoiYmxvYl9pZCJ9fQ==--aa3992ecfa8695fd53e8a0855b8e528d9bd8d906\/PTSD243708B\"><\/audio><\/p>\n<p>Domingo (4) com possibilidade de chuva no Esp\u00edrito Santo, Rio de Janeiro e Minas Gerais.<\/p>\n<p><strong>Confira agora a previs\u00e3o do tempo no seu estado.\u00a0<\/strong><\/p>\n<p><strong>Esp\u00edrito Santo<\/strong><\/p>\n<p>A previs\u00e3o para este domingo (4) \u00e9 de possibilidade de chuva nas microrregi\u00f5es de S\u00e3o Mateus, Montanha e Barra de S\u00e3o Francisco. Nas demais regi\u00f5es do estado, tempo encoberto.\u00a0<\/p>\n<p><strong>Minas Gerais<\/strong><\/p>\n<p>Domingo (4) com possibilidade de chuva nas microrregi\u00f5es de Pedra Azul, Almenara, Te\u00f3filo Otoni, Nanuque e Mantena. Nas demais regi\u00f5es do estado, varia\u00e7\u00e3o entre muitas e poucas nuvens. \u00a0<\/p>\n<p><strong>Rio de Janeiro<\/strong><\/p>\n<p>A previs\u00e3o para este domingo (4) \u00e9 de varia\u00e7\u00e3o entre muitas e poucas nuvens em todo o estado do Rio de Janeiro, atingindo cidades como Paracambi, Rio das Ostras e Trajano de Moraes.\u00a0<\/p>\n<p><strong>S\u00e3o Paulo<\/strong><\/p>\n<p>Domingo (4) com tempo encoberto no vale do para\u00edba, litoral sul, Metropolitana de S\u00e3o Paulo e Macro Metropolitana. Nas demais regi\u00f5es do estado, em cidades como Ja\u00fa, Araraquara e Ituverava.<\/p>\n<p><strong>Temperatura m\u00ednima e m\u00e1xima na regi\u00e3o<\/strong><\/p>\n<p>A temperatura m\u00ednima fica em torno de 7\u00b0C, em Campos do Jord\u00e3o, em S\u00e3o Paulo, e a m\u00e1xima prevista \u00e9 de 33\u00baC, em Carneirinho, em Minas Gerais. A umidade relativa do ar varia entre 20% e 90%.<\/p>\n<p>As informa\u00e7\u00f5es s\u00e3o do Instituto Nacional de Meteorologia.<br \/>\n\u00a0<\/p>\n<p>\t\t\t\t\t\t\t\t\t<img loading=\"lazy\" decoding=\"async\" src=\"https:\/\/brasil61.com\/api\/v1\/serve_pixel\/17677\/73831\" alt=\"Pixel Brasil 61\" class=\"b61_pixel\" width=\"0\" height=\"0\"><\/p>\n<input type=\"hidden\" id=\"baseurl\" value=\"https:\/\/noticiasdestaque.com.br\"><input type=\"hidden\" id=\"audio_nonce\" value=\"6f73a554f1\">","protected":false},"excerpt":{"rendered":"<p>A temperatura pode variar entre 7\u00baC e 33\u00baC<\/p>\n","protected":false},"author":1,"featured_media":15276,"comment_status":"open","ping_status":"open","sticky":false,"template":"","format":"standard","meta":{"fifu_image_url":"","fifu_image_alt":"","footnotes":""},"categories":[58],"tags":[],"class_list":["post-15275","post","type-post","status-publish","format-standard","has-post-thumbnail","hentry","category-cotidiano"],"distributor_meta":false,"distributor_terms":false,"distributor_media":false,"distributor_original_site_name":"Noticias em Destaque","distributor_original_site_url":"https:\/\/noticiasdestaque.com.br","push-errors":false,"_links":{"self":[{"href":"https:\/\/noticiasdestaque.com.br\/index.php\/wp-json\/wp\/v2\/posts\/15275","targetHints":{"allow":["GET"]}}],"collection":[{"href":"https:\/\/noticiasdestaque.com.br\/index.php\/wp-json\/wp\/v2\/posts"}],"about":[{"href":"https:\/\/noticiasdestaque.com.br\/index.php\/wp-json\/wp\/v2\/types\/post"}],"author":[{"embeddable":true,"href":"https:\/\/noticiasdestaque.com.br\/index.php\/wp-json\/wp\/v2\/users\/1"}],"replies":[{"embeddable":true,"href":"https:\/\/noticiasdestaque.com.br\/index.php\/wp-json\/wp\/v2\/comments?post=15275"}],"version-history":[{"count":0,"href":"https:\/\/noticiasdestaque.com.br\/index.php\/wp-json\/wp\/v2\/posts\/15275\/revisions"}],"wp:featuredmedia":[{"embeddable":true,"href":"https:\/\/noticiasdestaque.com.br\/index.php\/wp-json\/wp\/v2\/media\/15276"}],"wp:attachment":[{"href":"https:\/\/noticiasdestaque.com.br\/index.php\/wp-json\/wp\/v2\/media?parent=15275"}],"wp:term":[{"taxonomy":"category","embeddable":true,"href":"https:\/\/noticiasdestaque.com.br\/index.php\/wp-json\/wp\/v2\/categories?post=15275"},{"taxonomy":"post_tag","embeddable":true,"href":"https:\/\/noticiasdestaque.com.br\/index.php\/wp-json\/wp\/v2\/tags?post=15275"}],"curies":[{"name":"wp","href":"https:\/\/api.w.org\/{rel}","templated":true}]}}