{"id":15261,"date":"2024-08-04T16:40:00","date_gmt":"2024-08-04T19:40:00","guid":{"rendered":"https:\/\/noticiasdestaque.com.br\/index.php\/2024\/08\/04\/avanco-da-febre-oropouche-preocupa-autoridades-de-saude\/"},"modified":"2024-08-04T16:40:00","modified_gmt":"2024-08-04T19:40:00","slug":"avanco-da-febre-oropouche-preocupa-autoridades-de-saude","status":"publish","type":"post","link":"https:\/\/noticiasdestaque.com.br\/index.php\/2024\/08\/04\/avanco-da-febre-oropouche-preocupa-autoridades-de-saude\/","title":{"rendered":"Avan\u00e7o da febre oropouche preocupa autoridades de sa\u00fade"},"content":{"rendered":"<p>\t\t\t\t\t\t\t\t\t\t<audio controls class=\"b61_audio_player\" data-noticia=\"73852\" src=\"https:\/\/brasil61.com\/rails\/active_storage\/blobs\/eyJfcmFpbHMiOnsibWVzc2FnZSI6IkJBaHBBMW5zQWc9PSIsImV4cCI6bnVsbCwicHVyIjoiYmxvYl9pZCJ9fQ==--c3b62f410f6b6f5979ec902a71452182e6023ef9\/BRAS2412297C\"><\/audio><\/p>\n<p>Ainda desconhecida por boa parte da popula\u00e7\u00e3o, a febre oropouche se espalha pelo Brasil e preocupa cada vez mais as autoridades de sa\u00fade.\u00a0<\/p>\n<p>Ap\u00f3s o pa\u00eds registrar as duas primeiras mortes de adultos pela doen\u00e7a, h\u00e1 cerca de duas semanas, o Minist\u00e9rio da Sa\u00fade confirmou, na \u00faltima sexta-feira (2), o primeiro \u00f3bito fetal causado por transmiss\u00e3o vertical \u2014 da m\u00e3e para o filho \u2014 da arbovirose. O caso ocorreu em Pernambuco. A mulher tem 28 anos de idade e estava na 30\u00aa semana de gesta\u00e7\u00e3o.\u00a0<\/p>\n<p>At\u00e9 28 de julho, o Brasil havia registrado 7.286 casos de oropouche, em 21 estados. Al\u00e9m das tr\u00eas mortes confirmadas, outras cinco est\u00e3o em investiga\u00e7\u00e3o: quatro fetos e um adulto. Antes restrita \u00e0 regi\u00e3o amaz\u00f4nica, a doen\u00e7a tem avan\u00e7ado pelo pa\u00eds, o que levanta o sinal de alerta, explica o m\u00e9dico infectologista Victor Porto.\u00a0<\/p>\n<p>&#8220;\u00c9 algo que preocupa. A gente tem pouco conhecimento da doen\u00e7a em larga escala, porque t\u00ednhamos poucos casos relatados na regi\u00e3o amaz\u00f4nica, e esse ano a gente viu um crescimento muito grande em todo o pa\u00eds. Ainda \u00e9 um pouco imprevis\u00edvel, mas a gente tem que monitorar e ficar alerta, particularmente pessoas que moram em locais com alta infesta\u00e7\u00e3o do maruim, ou viajantes para essas localidades&#8221;, orienta.\u00a0<\/p>\n<h2>O que \u00e9 febre oropouche<\/h2>\n<p>O v\u00edrus que causa a oropouche \u00e9 transmitido, principalmente, por um mosquito conhecido como maruim ou mosquito p\u00f3lvora. Tamb\u00e9m h\u00e1 casos de transmiss\u00e3o da doen\u00e7a por pernilongos, embora sejam mais raros. \u00a0<\/p>\n<p>A oropouche faz parte de um rol de doen\u00e7as classificadas como arboviroses, como dengue, Zika, chikungunya e febre amarela. At\u00e9 por isso, os sintomas da oropouche se confundem com o dessas outras enfermidades: febre repentina, dor de cabe\u00e7a intensa, dor muscular, dor articular, tontura, dor retro-ocular, n\u00e1usea, diarreia, entre outros.<\/p>\n<p>Por conta dessa semelhan\u00e7a entre as doen\u00e7as, Victor Porto diz que a melhor forma de detec\u00e7\u00e3o da oropouche \u00e9 por meio de exame laboratorial do tipo PCR, que \u00e9 capaz de identificar o material gen\u00e9tico do v\u00edrus. \u00a0<\/p>\n<p>&#8220;N\u00e3o tem como a gente fazer o diagn\u00f3stico apenas cl\u00ednico. As manifesta\u00e7\u00f5es cl\u00ednicas s\u00e3o muito semelhantes \u00e0 dengue, por exemplo, ou outras s\u00edndromes febris agudas. O diagn\u00f3stico precisa da realiza\u00e7\u00e3o do exame, principalmente em pacientes que t\u00eam sintomas caracter\u00edsticos de dengue, mas que testaram negativo para essa doen\u00e7a, ou em pessoas que viajaram para locais onde a gente sabe que est\u00e1 tendo transmiss\u00e3o&#8221;, afirma.\u00a0<\/p>\n<h2>Preven\u00e7\u00e3o<\/h2>\n<p>O Minist\u00e9rio da Sa\u00fade recomenda, como medidas de prote\u00e7\u00e3o para evitar ou diminuir a exposi\u00e7\u00e3o \u00e0s picadas dos insetos, o uso de roupas compridas, sapatos fechados e repelentes nas partes expostas do corpo, em especial nas primeiras horas da manh\u00e3 e ao fim da tarde.\u00a0<\/p>\n<p>A limpeza de terrenos e de locais de cria\u00e7\u00e3o de animais, o recolhimento de frutas e frutos que caem no ch\u00e3o, o uso de telas de malha fina em portas e janelas tamb\u00e9m s\u00e3o medidas de combate ao maruim.\u00a0<\/p>\n<p><a href=\"https:\/\/brasil61.com\/n\/ministerio-da-saude-confirma-primeiras-mortes-por-febre-oropouche-no-brasil-bras2412232\">Minist\u00e9rio da Sa\u00fade confirma primeiras mortes por febre oropouche no Brasil<\/a><\/p>\n<p>\t\t\t\t\t\t\t\t\t<img loading=\"lazy\" decoding=\"async\" src=\"https:\/\/brasil61.com\/api\/v1\/serve_pixel\/17677\/73852\" alt=\"Pixel Brasil 61\" class=\"b61_pixel\" width=\"0\" height=\"0\"><\/p>\n<input type=\"hidden\" id=\"baseurl\" value=\"https:\/\/noticiasdestaque.com.br\"><input type=\"hidden\" id=\"audio_nonce\" value=\"6a24ca502e\">","protected":false},"excerpt":{"rendered":"<p>Na \u00faltima sexta-feira (2), Minist\u00e9rio da Sa\u00fade confirmou primeira morte de feto por transmiss\u00e3o vertical, da m\u00e3e para o filho<\/p>\n","protected":false},"author":1,"featured_media":15262,"comment_status":"open","ping_status":"open","sticky":false,"template":"","format":"standard","meta":{"fifu_image_url":"","fifu_image_alt":"","footnotes":""},"categories":[51],"tags":[],"class_list":["post-15261","post","type-post","status-publish","format-standard","has-post-thumbnail","hentry","category-saude"],"distributor_meta":false,"distributor_terms":false,"distributor_media":false,"distributor_original_site_name":"Noticias em Destaque","distributor_original_site_url":"https:\/\/noticiasdestaque.com.br","push-errors":false,"_links":{"self":[{"href":"https:\/\/noticiasdestaque.com.br\/index.php\/wp-json\/wp\/v2\/posts\/15261","targetHints":{"allow":["GET"]}}],"collection":[{"href":"https:\/\/noticiasdestaque.com.br\/index.php\/wp-json\/wp\/v2\/posts"}],"about":[{"href":"https:\/\/noticiasdestaque.com.br\/index.php\/wp-json\/wp\/v2\/types\/post"}],"author":[{"embeddable":true,"href":"https:\/\/noticiasdestaque.com.br\/index.php\/wp-json\/wp\/v2\/users\/1"}],"replies":[{"embeddable":true,"href":"https:\/\/noticiasdestaque.com.br\/index.php\/wp-json\/wp\/v2\/comments?post=15261"}],"version-history":[{"count":0,"href":"https:\/\/noticiasdestaque.com.br\/index.php\/wp-json\/wp\/v2\/posts\/15261\/revisions"}],"wp:featuredmedia":[{"embeddable":true,"href":"https:\/\/noticiasdestaque.com.br\/index.php\/wp-json\/wp\/v2\/media\/15262"}],"wp:attachment":[{"href":"https:\/\/noticiasdestaque.com.br\/index.php\/wp-json\/wp\/v2\/media?parent=15261"}],"wp:term":[{"taxonomy":"category","embeddable":true,"href":"https:\/\/noticiasdestaque.com.br\/index.php\/wp-json\/wp\/v2\/categories?post=15261"},{"taxonomy":"post_tag","embeddable":true,"href":"https:\/\/noticiasdestaque.com.br\/index.php\/wp-json\/wp\/v2\/tags?post=15261"}],"curies":[{"name":"wp","href":"https:\/\/api.w.org\/{rel}","templated":true}]}}