{"id":15259,"date":"2024-08-04T00:02:00","date_gmt":"2024-08-04T03:02:00","guid":{"rendered":"https:\/\/noticiasdestaque.com.br\/index.php\/2024\/08\/04\/eleicoes-2024-prazo-para-transferencia-temporaria-de-local-de-votacao-termina-em-22-de-agosto\/"},"modified":"2024-08-04T00:02:00","modified_gmt":"2024-08-04T03:02:00","slug":"eleicoes-2024-prazo-para-transferencia-temporaria-de-local-de-votacao-termina-em-22-de-agosto","status":"publish","type":"post","link":"https:\/\/noticiasdestaque.com.br\/index.php\/2024\/08\/04\/eleicoes-2024-prazo-para-transferencia-temporaria-de-local-de-votacao-termina-em-22-de-agosto\/","title":{"rendered":"ELEI\u00c7\u00d5ES 2024: Prazo para transfer\u00eancia tempor\u00e1ria de local de vota\u00e7\u00e3o termina em 22 de agosto"},"content":{"rendered":"<p>\t\t\t\t\t\t\t\t\t\t<audio controls class=\"b61_audio_player\" data-noticia=\"73749\" src=\"https:\/\/brasil61.com\/rails\/active_storage\/blobs\/eyJfcmFpbHMiOnsibWVzc2FnZSI6IkJBaHBBNXJxQWc9PSIsImV4cCI6bnVsbCwicHVyIjoiYmxvYl9pZCJ9fQ==--ce1012834036fab99310c625096b6d77e128eba0\/BRAS2412267A\"><\/audio><\/p>\n<p>O prazo para eleitores de determinados grupos solicitarem a transfer\u00eancia tempor\u00e1ria de se\u00e7\u00e3o ou local de vota\u00e7\u00e3o dentro do mesmo munic\u00edpio termina no dia 22 de agosto. Esta data \u00e9 uma das etapas importantes do calend\u00e1rio eleitoral para as elei\u00e7\u00f5es municipais, que ocorrem em outubro deste ano.<\/p>\n<p>De acordo com a Justi\u00e7a Eleitoral, a medida beneficia eleitores como presos provis\u00f3rios, militares das For\u00e7as Armadas, policiais militares, federais, rodovi\u00e1rios e guardas municipais que estar\u00e3o em servi\u00e7o no dia do pleito. Al\u00e9m deles, pessoas com defici\u00eancia ou mobilidade reduzida, ind\u00edgenas, quilombolas, integrantes de comunidades tradicionais, ju\u00edzes eleitorais e servidores da Justi\u00e7a Eleitoral tamb\u00e9m t\u00eam direito \u00e0 solicita\u00e7\u00e3o.<\/p>\n<p>O advogado especializado em Direito Internacional e Constitucional, Luiz Philipe Ferreira De Oliveira, esclarece algumas d\u00favidas sobre como se preparar no dia da vota\u00e7\u00e3o.<\/p>\n<p>\u201cO importante tamb\u00e9m no dia, seja no aplicativo do TSE ou nas listas de vota\u00e7\u00e3o, \u00e9 voc\u00ea ver qual \u00e9 o seu local e qual \u00e9 a sua sala de vota\u00e7\u00e3o, isso \u00e9 bastante importante. E o hor\u00e1rio de vota\u00e7\u00e3o, ele sempre come\u00e7a \u00e0s oito da manh\u00e3 e vai at\u00e9 \u00e0s cinco da tarde, e aqueles estados que tem o fuso, tem que tomar um cuidado um pouquinho maior, porque ali na regi\u00e3o do Acre, Mato Grosso, Amazonas, que tem um fuso diferente do de Bras\u00edlia, que a\u00ed tem uma hora a menos.\u201d<\/p>\n<p>Entre os eleitores que devem solicitar a transfer\u00eancia tempor\u00e1ria est\u00e1 Diego Portella, sargento da pol\u00edcia militar, morador da Barra da Tijuca no Rio de Janeiro:<\/p>\n<p>\u201cSe eu n\u00e3o mudasse, se n\u00e3o houvesse mudan\u00e7a no munic\u00edpio, para a zona eleitoral na qual eu pretendo votar agora, em outubro, eu simplesmente n\u00e3o iria votar, pelo fato de estar trabalhando em outro munic\u00edpio\u00a0no dia da elei\u00e7\u00e3o. Neste caso, iria apenas justificar meu voto e n\u00e3o iria ser participativo na escolha do meu candidato.\u201d afirma.<\/p>\n<p><span style=\"font-size:14px\"><strong>Como fazer a solicita\u00e7\u00e3o<\/strong><\/span><\/p>\n<p>Para fazer a solicita\u00e7\u00e3o, os eleitores precisam preencher um formul\u00e1rio espec\u00edfico com o n\u00famero do t\u00edtulo de eleitor, nome, local e turnos nos quais desejam votar. Este documento deve ser encaminhado \u00e0 Justi\u00e7a Eleitoral e assinado pelo comando do respectivo \u00f3rg\u00e3o empregador at\u00e9 o dia 22 de agosto.<\/p>\n<p>O primeiro turno das elei\u00e7\u00f5es est\u00e1 marcado para o dia 6 de outubro, com um eventual segundo turno previsto para 27 de outubro, nos munic\u00edpios onde nenhum candidato \u00e0 prefeitura atingir mais da metade dos votos v\u00e1lidos no primeiro turno.<\/p>\n<p>Mais informa\u00e7\u00f5es sobre o processo de transfer\u00eancia tempor\u00e1ria de local de vota\u00e7\u00e3o est\u00e3o dispon\u00edveis no site do<a href=\"https:\/\/www.tse.jus.br\/comunicacao\/noticias\/2024\/Julho\/transferencia-temporaria-eleitores-em-situacoes-especificas-podem-pedir-mudanca-de-local-de-voto-ate-22-de-agosto-1\" target=\"_blank\" rel=\"noopener\"> Tribunal Superior Eleitoral (TSE)<\/a>.<br \/>\n\u00a0<\/p>\n<p>\t\t\t\t\t\t\t\t\t<img loading=\"lazy\" decoding=\"async\" src=\"https:\/\/brasil61.com\/api\/v1\/serve_pixel\/17677\/73749\" alt=\"Pixel Brasil 61\" class=\"b61_pixel\" width=\"0\" height=\"0\"><\/p>\n<input type=\"hidden\" id=\"baseurl\" value=\"https:\/\/noticiasdestaque.com.br\"><input type=\"hidden\" id=\"audio_nonce\" value=\"6a24ca502e\">","protected":false},"excerpt":{"rendered":"<p>Medida beneficia eleitores em situa\u00e7\u00f5es especiais, como militares em servi\u00e7o, pessoas com defici\u00eancia e integrantes de comunidades tradicionais, para garantir o direito ao voto nas elei\u00e7\u00f5es municipais de outubro<\/p>\n","protected":false},"author":1,"featured_media":15260,"comment_status":"open","ping_status":"open","sticky":false,"template":"","format":"standard","meta":{"fifu_image_url":"","fifu_image_alt":"","footnotes":""},"categories":[48],"tags":[],"class_list":["post-15259","post","type-post","status-publish","format-standard","has-post-thumbnail","hentry","category-mundo"],"distributor_meta":false,"distributor_terms":false,"distributor_media":false,"distributor_original_site_name":"Noticias em Destaque","distributor_original_site_url":"https:\/\/noticiasdestaque.com.br","push-errors":false,"_links":{"self":[{"href":"https:\/\/noticiasdestaque.com.br\/index.php\/wp-json\/wp\/v2\/posts\/15259","targetHints":{"allow":["GET"]}}],"collection":[{"href":"https:\/\/noticiasdestaque.com.br\/index.php\/wp-json\/wp\/v2\/posts"}],"about":[{"href":"https:\/\/noticiasdestaque.com.br\/index.php\/wp-json\/wp\/v2\/types\/post"}],"author":[{"embeddable":true,"href":"https:\/\/noticiasdestaque.com.br\/index.php\/wp-json\/wp\/v2\/users\/1"}],"replies":[{"embeddable":true,"href":"https:\/\/noticiasdestaque.com.br\/index.php\/wp-json\/wp\/v2\/comments?post=15259"}],"version-history":[{"count":0,"href":"https:\/\/noticiasdestaque.com.br\/index.php\/wp-json\/wp\/v2\/posts\/15259\/revisions"}],"wp:featuredmedia":[{"embeddable":true,"href":"https:\/\/noticiasdestaque.com.br\/index.php\/wp-json\/wp\/v2\/media\/15260"}],"wp:attachment":[{"href":"https:\/\/noticiasdestaque.com.br\/index.php\/wp-json\/wp\/v2\/media?parent=15259"}],"wp:term":[{"taxonomy":"category","embeddable":true,"href":"https:\/\/noticiasdestaque.com.br\/index.php\/wp-json\/wp\/v2\/categories?post=15259"},{"taxonomy":"post_tag","embeddable":true,"href":"https:\/\/noticiasdestaque.com.br\/index.php\/wp-json\/wp\/v2\/tags?post=15259"}],"curies":[{"name":"wp","href":"https:\/\/api.w.org\/{rel}","templated":true}]}}