{"id":15257,"date":"2024-07-29T00:04:00","date_gmt":"2024-07-29T03:04:00","guid":{"rendered":"https:\/\/noticiasdestaque.com.br\/index.php\/2024\/07\/29\/eleicoes-2024-entenda-quais-sao-as-permissoes-e-proibicoes-na-hora-de-votar\/"},"modified":"2024-07-29T00:04:00","modified_gmt":"2024-07-29T03:04:00","slug":"eleicoes-2024-entenda-quais-sao-as-permissoes-e-proibicoes-na-hora-de-votar","status":"publish","type":"post","link":"https:\/\/noticiasdestaque.com.br\/index.php\/2024\/07\/29\/eleicoes-2024-entenda-quais-sao-as-permissoes-e-proibicoes-na-hora-de-votar\/","title":{"rendered":"Elei\u00e7\u00f5es 2024: entenda quais s\u00e3o as permiss\u00f5es e proibi\u00e7\u00f5es na hora de votar"},"content":{"rendered":"<p>\t\t\t\t\t\t\t\t\t\t<audio controls class=\"b61_audio_player\" data-noticia=\"73621\" src=\"https:\/\/brasil61.com\/rails\/active_storage\/blobs\/eyJfcmFpbHMiOnsibWVzc2FnZSI6IkJBaHBBN2puQWc9PSIsImV4cCI6bnVsbCwicHVyIjoiYmxvYl9pZCJ9fQ==--3052714dcbf389cd0581fd967bca9aa2c2a6205c\/BRAS2412236A\"><\/audio><\/p>\n<p style=\"text-align: justify\">Diante da urna eletr\u00f4nica, os eleitores precisam inserir no equipamento o n\u00famero do candidato ou candidata escolhido\u00a0para represent\u00e1-los em determinado cargo para sua cidade ou regi\u00e3o administrativa. E, para que as elei\u00e7\u00f5es sejam 100% seguras, algumas regras precisam ser seguidas.<\/p>\n<p style=\"text-align: justify\">Segundo apura\u00e7\u00e3o feita pelo <strong>Brasil61<\/strong>, n\u00e3o h\u00e1 proibi\u00e7\u00e3o para que crian\u00e7as acompanhem seus pais durante a vota\u00e7\u00e3o, desde que n\u00e3o haja interven\u00e7\u00e3o durante o voto ou preju\u00edzo para o funcionamento da se\u00e7\u00e3o eleitoral. \u00c9 vedado, por\u00e9m, \u00a0o uso de \u00a0aparelhos celulares, m\u00e1quinas fotogr\u00e1ficas, filmadoras, equipamentos de radiocomunica\u00e7\u00e3o ou quaisquer instrumentos que possam comprometer o sigilo do voto, ficando estes, sob a posse do guarda da mesa receptora at\u00e9 o fim da vota\u00e7\u00e3o do eleitor.<\/p>\n<p style=\"text-align: justify\">Sabrina Braga, professora de direito eleitoral e membro da Academia Brasileira de Direito Eleitoral e Pol\u00edtico (Abradep), explica que, caso os eleitores tenham d\u00favidas sobre o n\u00famero do candidato ou candidata, nos locais de vota\u00e7\u00e3o existem listas com os nomes e n\u00fameros de todas as candidaturas dispon\u00edveis.<\/p>\n<p style=\"text-align: justify\">\u201cA pessoa que vai votar agora nas elei\u00e7\u00f5es municipais vai encontrar no seu local de vota\u00e7\u00e3o a lista com os nomes e n\u00fameros de todas as candidatas e candidatos a vereador ou vereadora, prefeito e prefeita, vice-prefeito ou vice-prefeita. Ent\u00e3o, a pessoa, se tiver \u00a0d\u00favida, pode paralisar a vota\u00e7\u00e3o, pedir ao mes\u00e1rio para suspender o voto, a pessoa sai, procura um n\u00famero, retorna at\u00e9 a urna eletr\u00f4nica e conclui a vota\u00e7\u00e3o.\u201d<\/p>\n<p style=\"text-align: justify\">Segundo informa\u00e7\u00f5es do Tribunal Regional Eleitoral (TRE), pessoas com defici\u00eancia ou mobilidade reduzida, independentemente do motivo ou n\u00edvel, podem ser auxiliadas no momento da vota\u00e7\u00e3o por um indiv\u00edduo \u00e0 sua escolha, mesmo que n\u00e3o tenham requerido a solicita\u00e7\u00e3o antecipadamente ao juizado eleitoral.<\/p>\n<p style=\"text-align: justify\">Para os deficientes visuais, ser\u00e3o assegurados:<\/p>\n<ul>\n<li style=\"text-align: justify\">A utiliza\u00e7\u00e3o do alfabeto comum ou do sistema braile para assinar o caderno de vota\u00e7\u00e3o ou assinalar as c\u00e9dulas, se for o caso;<\/li>\n<li style=\"text-align: justify\">O uso de qualquer instrumento mec\u00e2nico que portar ou lhe for fornecido pela mesa receptora de votos;<\/li>\n<li style=\"text-align: justify\">Receber dos mes\u00e1rios orienta\u00e7\u00e3o sobre o uso do sistema de \u00e1udio dispon\u00edvel na urna com fone de ouvido fornecido pela Justi\u00e7a Eleitoral;<\/li>\n<li style=\"text-align: justify\">Receber dos mes\u00e1rios orienta\u00e7\u00e3o sobre o uso da marca de identifica\u00e7\u00e3o da tecla 5 da urna.<\/li>\n<\/ul>\n<p style=\"text-align: justify\">\u00c9 permitido, ainda, o uso de instrumentos que auxiliem os eleitores que sejam analfabetos a realizarem a vota\u00e7\u00e3o. Nesse quesito, os mesmos ser\u00e3o submetidos \u00e0 decis\u00e3o do respons\u00e1vel pela mesa receptora, n\u00e3o sendo a Justi\u00e7a Eleitoral obrigada a fornecer tais ferramentas.<\/p>\n<h2 style=\"text-align: justify\">Urna eletr\u00f4nica<\/h2>\n<p style=\"text-align: justify\">A urna eletr\u00f4nica n\u00e3o \u00e9 nenhuma novidade para o eleitor brasileiro. Aqueles eleitores mais velhos, que n\u00e3o v\u00e3o votar pela primeira vez em 2024, j\u00e1 usaram a ferramenta antes e sabem como funciona a m\u00e1quina simples, que possui um teclado anal\u00f3gico, com 10 teclas com n\u00fameros que v\u00e3o de 1 a 0.\u00a0<\/p>\n<p style=\"text-align: justify\">Existem as teclas \u201cbranco\u201d, criada para votos nulos ou inv\u00e1lidos, a tecla \u201ccorrigir\u201d, que \u00e9 laranja, e a tecla \u201cconfirma\u201d, que \u00e9 a tecla verde.\u00a0<\/p>\n<p style=\"text-align: justify\">Alexandre Rollo, especialista em Direito Eleitoral e professor de p\u00f3s-gradua\u00e7\u00e3o em Direito Eleitoral da Escola Judici\u00e1ria Eleitoral Paulista (TRE-SP), explica como funciona o processo.<\/p>\n<p style=\"text-align: justify\">\u201cAo digitar o n\u00famero do candidato, vai aparecer, ent\u00e3o, a foto do candidato na urna. Checo se \u00e9 essa mesma minha op\u00e7\u00e3o. E se for, eu aperto a tecla verde, que \u00e9 a tecla confirma. Se eu eventualmente digitei errado o n\u00famero do meu candidato, eu posso corrigir com a tecla corrige, que \u00e9 a tecla laranja. E se eu quiser votar em branco, tem uma tecla espec\u00edfica para isso, que \u00e9 a tecla branca, onde est\u00e1 escrito a palavra branco. Ent\u00e3o, apertando o branco, vai aparecer, ent\u00e3o, na tela, o voto branco. E a\u00ed, se for esse mesmo voto, \u00e9 s\u00f3 confirmar apertando a tecla verde.\u201d<\/p>\n<p style=\"text-align: justify\">O especialista destaca, ainda, que existem dois conjuntos de votos que podem ser apresentados pelo eleitor no dia da elei\u00e7\u00e3o: v\u00e1lidos e inv\u00e1lidos.\u00a0<\/p>\n<p style=\"text-align: justify\">O voto v\u00e1lido \u00e9 aquele dado em candidatos ou em partidos pol\u00edticos, que \u00e9 o voto de legenda nas elei\u00e7\u00f5es para vereadores e vereadoras, enquanto os inv\u00e1lidos s\u00e3o os brancos e nulos. Os dois tipos n\u00e3o s\u00e3o computados para nenhum candidato e nem para nenhum partido.<\/p>\n<p>\t\t\t\t\t\t\t\t\t<img loading=\"lazy\" decoding=\"async\" src=\"https:\/\/brasil61.com\/api\/v1\/serve_pixel\/17677\/73621\" alt=\"Pixel Brasil 61\" class=\"b61_pixel\" width=\"0\" height=\"0\"><\/p>\n<input type=\"hidden\" id=\"baseurl\" value=\"https:\/\/noticiasdestaque.com.br\"><input type=\"hidden\" id=\"audio_nonce\" value=\"6f73a554f1\">","protected":false},"excerpt":{"rendered":"<p>Veja tamb\u00e9m como funciona a urna eletr\u00f4nica e as orienta\u00e7\u00f5es do Tribunal Regional Eleitoral para o pleito<\/p>\n","protected":false},"author":1,"featured_media":15258,"comment_status":"open","ping_status":"open","sticky":false,"template":"","format":"standard","meta":{"fifu_image_url":"","fifu_image_alt":"","footnotes":""},"categories":[48],"tags":[],"class_list":["post-15257","post","type-post","status-publish","format-standard","has-post-thumbnail","hentry","category-mundo"],"distributor_meta":false,"distributor_terms":false,"distributor_media":false,"distributor_original_site_name":"Noticias em Destaque","distributor_original_site_url":"https:\/\/noticiasdestaque.com.br","push-errors":false,"_links":{"self":[{"href":"https:\/\/noticiasdestaque.com.br\/index.php\/wp-json\/wp\/v2\/posts\/15257","targetHints":{"allow":["GET"]}}],"collection":[{"href":"https:\/\/noticiasdestaque.com.br\/index.php\/wp-json\/wp\/v2\/posts"}],"about":[{"href":"https:\/\/noticiasdestaque.com.br\/index.php\/wp-json\/wp\/v2\/types\/post"}],"author":[{"embeddable":true,"href":"https:\/\/noticiasdestaque.com.br\/index.php\/wp-json\/wp\/v2\/users\/1"}],"replies":[{"embeddable":true,"href":"https:\/\/noticiasdestaque.com.br\/index.php\/wp-json\/wp\/v2\/comments?post=15257"}],"version-history":[{"count":0,"href":"https:\/\/noticiasdestaque.com.br\/index.php\/wp-json\/wp\/v2\/posts\/15257\/revisions"}],"wp:featuredmedia":[{"embeddable":true,"href":"https:\/\/noticiasdestaque.com.br\/index.php\/wp-json\/wp\/v2\/media\/15258"}],"wp:attachment":[{"href":"https:\/\/noticiasdestaque.com.br\/index.php\/wp-json\/wp\/v2\/media?parent=15257"}],"wp:term":[{"taxonomy":"category","embeddable":true,"href":"https:\/\/noticiasdestaque.com.br\/index.php\/wp-json\/wp\/v2\/categories?post=15257"},{"taxonomy":"post_tag","embeddable":true,"href":"https:\/\/noticiasdestaque.com.br\/index.php\/wp-json\/wp\/v2\/tags?post=15257"}],"curies":[{"name":"wp","href":"https:\/\/api.w.org\/{rel}","templated":true}]}}