{"id":15255,"date":"2024-07-29T00:23:00","date_gmt":"2024-07-29T03:23:00","guid":{"rendered":"https:\/\/noticiasdestaque.com.br\/index.php\/2024\/07\/29\/sistema-interligado-nacional-registra-aumento-de-61-na-carga-de-energia-em-junho\/"},"modified":"2024-07-29T00:23:00","modified_gmt":"2024-07-29T03:23:00","slug":"sistema-interligado-nacional-registra-aumento-de-61-na-carga-de-energia-em-junho","status":"publish","type":"post","link":"https:\/\/noticiasdestaque.com.br\/index.php\/2024\/07\/29\/sistema-interligado-nacional-registra-aumento-de-61-na-carga-de-energia-em-junho\/","title":{"rendered":"Sistema interligado nacional registra aumento de 6,1% na carga de energia em junho"},"content":{"rendered":"<p>\t\t\t\t\t\t\t\t\t\t<audio controls class=\"b61_audio_player\" data-noticia=\"73613\" src=\"https:\/\/brasil61.com\/rails\/active_storage\/blobs\/eyJfcmFpbHMiOnsibWVzc2FnZSI6IkJBaHBBN1RuQWc9PSIsImV4cCI6bnVsbCwicHVyIjoiYmxvYl9pZCJ9fQ==--8711eb08d9fd6268d471db2c16346fafd9ce1799\/BRAS2412233A\"><\/audio><\/p>\n<p>Em junho de 2024, a carga de energia el\u00e9trica no Sistema Interligado Nacional (SIN) alcan\u00e7ou 75.697 megawatts m\u00e9dios (MWmed), marcando um aumento de 6,1% em rela\u00e7\u00e3o ao mesmo m\u00eas do ano passado. Esse crescimento foi revelado pelo Boletim Mensal de Carga, publicado pelo Operador Nacional do Sistema El\u00e9trico (ONS) na quinta-feira (25), no Rio de Janeiro.<\/p>\n<p>O balan\u00e7o anual tamb\u00e9m mostrou um avan\u00e7o significativo, com um crescimento de 7,4% no acumulado dos \u00faltimos 12 meses em compara\u00e7\u00e3o ao per\u00edodo anterior. O ONS, respons\u00e1vel pela coordena\u00e7\u00e3o e supervis\u00e3o das opera\u00e7\u00f5es de gera\u00e7\u00e3o e transmiss\u00e3o de energia no SIN, prev\u00ea que as 161 hidrel\u00e9tricas sob sua gest\u00e3o, distribu\u00eddas em 22 bacias hidrogr\u00e1ficas, ter\u00e3o uma capacidade total de quase 110 gigawatts (GW) at\u00e9 2027.<\/p>\n<p>A an\u00e1lise do ONS revelou que o aumento da carga foi consistente em todos os subsistemas do SIN. O Norte apresentou o maior crescimento percentual, de 8,9% (7.732 MWmed), enquanto o Sudeste\/Centro-Oeste, o maior consumidor de energia, teve um aumento de 6,4% (42.709 MWmed). O Sul e o Nordeste seguiram com crescimentos de 5,9% (12.900 MWmed) e 3,5% (12.355 MWmed), respectivamente.<\/p>\n<p>Fatores meteorol\u00f3gicos, como temperaturas elevadas e menor precipita\u00e7\u00e3o na regi\u00e3o Sudeste\/Centro-Oeste, tamb\u00e9m contribu\u00edram para a eleva\u00e7\u00e3o da demanda de energia. O crescimento acumulado nos \u00faltimos 12 meses variou entre 10,2% na Regi\u00e3o Norte, 7,7% no Sudeste\/Centro-Oeste, 7,4% no Nordeste e 4,6% no Sul.<br \/>\n\u00a0<\/p>\n<p>\t\t\t\t\t\t\t\t\t<img loading=\"lazy\" decoding=\"async\" src=\"https:\/\/brasil61.com\/api\/v1\/serve_pixel\/17677\/73613\" alt=\"Pixel Brasil 61\" class=\"b61_pixel\" width=\"0\" height=\"0\"><\/p>\n<input type=\"hidden\" id=\"baseurl\" value=\"https:\/\/noticiasdestaque.com.br\"><input type=\"hidden\" id=\"audio_nonce\" value=\"6f73a554f1\">","protected":false},"excerpt":{"rendered":"<p>Aumento \u00e9 impulsionado por maior demanda e condi\u00e7\u00f5es meteorol\u00f3gicas, com crescimento registrado em todos os subsistemas do pa\u00eds<\/p>\n","protected":false},"author":1,"featured_media":15256,"comment_status":"open","ping_status":"open","sticky":false,"template":"","format":"standard","meta":{"fifu_image_url":"","fifu_image_alt":"","footnotes":""},"categories":[48],"tags":[],"class_list":["post-15255","post","type-post","status-publish","format-standard","has-post-thumbnail","hentry","category-mundo"],"distributor_meta":false,"distributor_terms":false,"distributor_media":false,"distributor_original_site_name":"Noticias em Destaque","distributor_original_site_url":"https:\/\/noticiasdestaque.com.br","push-errors":false,"_links":{"self":[{"href":"https:\/\/noticiasdestaque.com.br\/index.php\/wp-json\/wp\/v2\/posts\/15255","targetHints":{"allow":["GET"]}}],"collection":[{"href":"https:\/\/noticiasdestaque.com.br\/index.php\/wp-json\/wp\/v2\/posts"}],"about":[{"href":"https:\/\/noticiasdestaque.com.br\/index.php\/wp-json\/wp\/v2\/types\/post"}],"author":[{"embeddable":true,"href":"https:\/\/noticiasdestaque.com.br\/index.php\/wp-json\/wp\/v2\/users\/1"}],"replies":[{"embeddable":true,"href":"https:\/\/noticiasdestaque.com.br\/index.php\/wp-json\/wp\/v2\/comments?post=15255"}],"version-history":[{"count":0,"href":"https:\/\/noticiasdestaque.com.br\/index.php\/wp-json\/wp\/v2\/posts\/15255\/revisions"}],"wp:featuredmedia":[{"embeddable":true,"href":"https:\/\/noticiasdestaque.com.br\/index.php\/wp-json\/wp\/v2\/media\/15256"}],"wp:attachment":[{"href":"https:\/\/noticiasdestaque.com.br\/index.php\/wp-json\/wp\/v2\/media?parent=15255"}],"wp:term":[{"taxonomy":"category","embeddable":true,"href":"https:\/\/noticiasdestaque.com.br\/index.php\/wp-json\/wp\/v2\/categories?post=15255"},{"taxonomy":"post_tag","embeddable":true,"href":"https:\/\/noticiasdestaque.com.br\/index.php\/wp-json\/wp\/v2\/tags?post=15255"}],"curies":[{"name":"wp","href":"https:\/\/api.w.org\/{rel}","templated":true}]}}