{"id":15249,"date":"2024-08-02T00:02:00","date_gmt":"2024-08-02T03:02:00","guid":{"rendered":"https:\/\/noticiasdestaque.com.br\/index.php\/2024\/08\/02\/incendios-causados-pela-seca-podem-agravar-cenario-de-interrupcoes-de-energia-eletrica\/"},"modified":"2024-08-02T00:02:00","modified_gmt":"2024-08-02T03:02:00","slug":"incendios-causados-pela-seca-podem-agravar-cenario-de-interrupcoes-de-energia-eletrica","status":"publish","type":"post","link":"https:\/\/noticiasdestaque.com.br\/index.php\/2024\/08\/02\/incendios-causados-pela-seca-podem-agravar-cenario-de-interrupcoes-de-energia-eletrica\/","title":{"rendered":"Inc\u00eandios causados pela seca podem agravar cen\u00e1rio de interrup\u00e7\u00f5es de energia el\u00e9trica"},"content":{"rendered":"<p>\t\t\t\t\t\t\t\t\t\t<audio controls class=\"b61_audio_player\" data-noticia=\"73780\" src=\"https:\/\/brasil61.com\/rails\/active_storage\/blobs\/eyJfcmFpbHMiOnsibWVzc2FnZSI6IkJBaHBBem5yQWc9PSIsImV4cCI6bnVsbCwicHVyIjoiYmxvYl9pZCJ9fQ==--024fcee67de147748f119c8197fa61455eceee2e\/BRAS2412275A\"><\/audio><\/p>\n<p>Nos per\u00edodos de seca, as queimadas e inc\u00eandios, al\u00e9m de afetarem a fauna e a flora, tamb\u00e9m impactam o fornecimento de energia el\u00e9trica. Somente em 2023, o Brasil registrou 47 mil interrup\u00e7\u00f5es de energia el\u00e9trica provocadas por inc\u00eandios e queimadas, segundo pesquisa realizada pela Associa\u00e7\u00e3o Brasileira de Distribuidores de Energia El\u00e9trica (Abradee) com base em dados da Ag\u00eancia Nacional de Energia El\u00e9trica (Aneel).<\/p>\n<p>O estudo aponta que o n\u00famero de casos contabilizados em 2023 \u00e9 21% maior em compara\u00e7\u00e3o a 2022\u00a0e quatro vezes maior do que os registros de 2019 \u2013\u00a0que teve 22.349 casos.<\/p>\n<p>Segundo a Abradee, at\u00e9 abril de 2024, o pa\u00eds somou 18.107 interrup\u00e7\u00f5es de eletricidade, correspondendo a 38% do total de ocorr\u00eancias do ano passado. Em nota, a Abradee considerou o cen\u00e1rio preocupante.<\/p>\n<p>A\u00a0 pesquisa da Abradee aponta, ainda, que os meses de agosto, setembro e outubro apresentaram os maiores n\u00fameros de falhas na rede ocasionadas pelos inc\u00eandios (de 2018 at\u00e9 abril de 2024). A Abradee afirma, em nota, que\u00a0o per\u00edodo seco, com baixa umidade, propicia condi\u00e7\u00f5es favor\u00e1veis \u00e0s queimadas e inc\u00eandios\u00a0e a a\u00e7\u00e3o dos ventos contribui para propagar as chamas \u2013 o que pode impactar as redes de distribui\u00e7\u00e3o e transmiss\u00e3o de energia.\u00a0<\/p>\n<p>O presidente da Abradee, Marcos Madureira, destaca que al\u00e9m das queimadas provocadas por pontas de cigarro ou f\u00f3sforos jogados na vegeta\u00e7\u00e3o seca e por bal\u00f5es soltos nessas \u00e1reas, o desmatamento e as limpezas de terrenos utilizando o fogo tamb\u00e9m s\u00e3o pontos de aten\u00e7\u00e3o que contribuem para o aumento de casos. Ele salienta que, agora, no per\u00edodo seco, h\u00e1 maior chance dessas ocorr\u00eancias.<\/p>\n<p>\u201cEsse fogo perde seu controle e termina atingindo as instala\u00e7\u00f5es el\u00e9tricas, colocando tamb\u00e9m em risco, al\u00e9m das instala\u00e7\u00f5es el\u00e9tricas, resid\u00eancias e outras atividades,\u00a0Ent\u00e3o essa \u00e9 a raz\u00e3o que a gente entende porque isso est\u00e1 acontecendo. Sem d\u00favida, estamos vivendo anos mais secos, onde a vegeta\u00e7\u00e3o est\u00e1 mais seca, o que favorece que possa acontecer o aumento desse tipo de atividade\u201d, pontua Madureira.<\/p>\n<p><strong>Confira a rela\u00e7\u00e3o das interrup\u00e7\u00f5es de energia por regi\u00e3o:<\/strong><\/p>\n<h2>Mato Grosso do Sul<\/h2>\n<p>Segundo o <a href=\"https:\/\/www.gov.br\/mma\/pt-br\/composicao\/secd\/combate-aos-incendios-no-pantanal\/boletins-combate-aos-incendios-no-pantanal\/boletim-pantanal-30-de-julho\/\" target=\"_blank\" rel=\"noopener\">Boletim #5<\/a>,\u00a0do governo federal, somente entre 22 e 28 de julho, a \u00e1rea queimada no pantanal aumentou em 67.675 mil hectares.<\/p>\n<p>Em nota, a Energisa Mato Grosso do Sul (Energisa-MS), principal empresa de distribui\u00e7\u00e3o e gera\u00e7\u00e3o de energia do estado, afirmou que a popula\u00e7\u00e3o deve se atentar ao impacto das queimadas no MS no fornecimento de energia el\u00e9trica. \u201cFogo em \u00e1reas urbanas e rurais pode danificar cabos condutores, postes, equipamentos do sistema el\u00e9trico e causar a interrup\u00e7\u00e3o no fornecimento da energia\u201d, diz um trecho da nota.\u00a0<\/p>\n<p>A Energisa-MS atende 74 dos 79 munic\u00edpios do MS. E, dados da \u00a0concession\u00e1ria, apontam que em 2023, na \u00e1rea em que atua, foram registradas 15 ocorr\u00eancias de queimadas que causaram a interrup\u00e7\u00e3o no fornecimento de energia para 15.709 clientes. Em 2024, at\u00e9 julho, foram 24 ocorr\u00eancias e 6.262 clientes impactados \u2013 correspondendo a 39% do total registrado em 2023 no interior.<\/p>\n<p>Entre os consumidores impactados com a interrup\u00e7\u00e3o de energia recente est\u00e3o os membros da Igreja Batista Filad\u00e9lfia, localizada em Campo Grande (MS) \u2013 munic\u00edpio atendido pela Energisa-MS, entre eles, a estudante Maria Eduarda Juc\u00e1 Ojeda, 18 anos.<\/p>\n<p>Ela conta que a falta de energia na igreja foi provocada por\u00a0queimadas na regi\u00e3o. Segundo ela, as atividades da igreja ficaram impedidas de acontecer no s\u00e1bado, 27 de julho, por mais de 1h. A energia foi restabelecida pelo uso de gerador, mas a interrup\u00e7\u00e3o de luz se prolongou ao longo dos dias.<\/p>\n<p>\u201cNo dia que aconteceu ia ter especificamente uma atividade que precisava majoritariamente de luz el\u00e9trica. As atividades foram interrompidas porque n\u00e3o tinha como. Acho que ficou uma hora ou quase uma hora sem luz e deu uma enrolada nas atividades. Mas depois eu acho que eles conseguiram um gerador ou alguma outra fonte de energia para fazer funcionar a comunidade. Acabou que deu tudo certo, mas ao longo dos dias ainda persistiu essa problem\u00e1tica\u201d, relata Ojeda.<\/p>\n<p>Segundo a Energisa-MS, o Centro de Monitoramento do Tempo e do Clima\/MS \u00a0(Cemtec\/MS) apontou que a tend\u00eancia clim\u00e1tica para o trimestre julho-agosto-setembro tem maiores chances de chuvas abaixo da m\u00e9dia hist\u00f3rica no estado sul-matogrossense.<\/p>\n<h2>Preven\u00e7\u00e3o<\/h2>\n<p>Segundo a Energisa-MS, h\u00e1 situa\u00e7\u00f5es que devem ser evitadas, com vistas a prevenir os impactos das queimadas. Confira:<\/p>\n<ul>\n<li>N\u00e3o queime lixo dom\u00e9stico;\u00a0<\/li>\n<li>N\u00e3o inicie queimadas para limpar pastagem ou plantio agr\u00edcola;\u00a0<\/li>\n<li>Evite acender fogueiras, principalmente pr\u00f3ximo \u00e0 rede el\u00e9trica;<\/li>\n<li>N\u00e3o solte bal\u00f5es;<\/li>\n<li>Apague as cinzas da fogueira com \u00e1gua (impossibilita que o vento leve as brasas para matas);<\/li>\n<li>Jamais jogue pontas de cigarro ou f\u00f3sforos acesos em lixeiras, \u00e0s margens de rodovias ou perto de qualquer tipo de vegeta\u00e7\u00e3o.<\/li>\n<\/ul>\n<p>O presidente da Abradee, Marcos Madureira, refor\u00e7a que assim que os moradores notarem focos de inc\u00eandio devem comunicar \u00e0s autoridades.\u00a0<\/p>\n<p>\u201cInformar sobre qualquer sinal de um inc\u00eandio florestal, isso o consumidor pode fazer tanto ligando para o Corpo de Bombeiros quanto para a Distribuidora de Energia El\u00e9trica nos telefones emergenciais que existem em cada estado, para que possa estar relatando, quanto mais rapidamente, e as brigadas de inc\u00eandio possam tomar ci\u00eancia do in\u00edcio de uma queimada. Rapidamente poder\u00e3o conter e, assim, evitar que isso se propague\u201d, pontua Madureira.<\/p>\n<p>Ele tamb\u00e9m afirma que os cidad\u00e3os devem ficar atentos \u00e0queles que provocam inc\u00eandio para comunicar \u00e0s autoridades policiais. \u201cS\u00e3o crimes contra o meio ambiente, contra a popula\u00e7\u00e3o, j\u00e1 que esses inc\u00eandios\u00a0terminam causando danos muito grandes \u00e0 sociedade\u201d, diz Madureira.<\/p>\n<p>\u201cRealizar queimadas pr\u00f3ximas \u00e0s linhas de transmiss\u00e3o constitui crime federal previsto no Decreto 2.661, de julho de 1998, que pro\u00edbe atear fogo numa faixa de 15 metros dos limites de seguran\u00e7a das linhas de transmiss\u00e3o de energia e de 100 metros ao redor das subesta\u00e7\u00f5es\u201d, diz trecho na nota da Energisa-MS.<\/p>\n<p>\t\t\t\t\t\t\t\t\t<img loading=\"lazy\" decoding=\"async\" src=\"https:\/\/brasil61.com\/api\/v1\/serve_pixel\/17677\/73780\" alt=\"Pixel Brasil 61\" class=\"b61_pixel\" width=\"0\" height=\"0\"><\/p>\n<input type=\"hidden\" id=\"baseurl\" value=\"https:\/\/noticiasdestaque.com.br\"><input type=\"hidden\" id=\"audio_nonce\" value=\"6a24ca502e\">","protected":false},"excerpt":{"rendered":"<p>Pesquisa da Associa\u00e7\u00e3o Brasileira de Distribuidores de Energia El\u00e9trica (Abradee) aponta que em 2023 houve na rede 47 mil interrup\u00e7\u00f5es. At\u00e9 abril de 2024 foram 18 mil, correspondendo a 38% do total do ano passado. Energisa MS aponta que em 2023 houve interrup\u00e7\u00e3o para 15 mil clientes. Em 2024, at\u00e9 julho, as interrup\u00e7\u00f5es j\u00e1 atingiram 6.262 clientes. Chegada da seca pode agravar cen\u00e1rio.<\/p>\n","protected":false},"author":1,"featured_media":15250,"comment_status":"open","ping_status":"open","sticky":false,"template":"","format":"standard","meta":{"fifu_image_url":"","fifu_image_alt":"","footnotes":""},"categories":[48],"tags":[],"class_list":["post-15249","post","type-post","status-publish","format-standard","has-post-thumbnail","hentry","category-mundo"],"distributor_meta":false,"distributor_terms":false,"distributor_media":false,"distributor_original_site_name":"Noticias em Destaque","distributor_original_site_url":"https:\/\/noticiasdestaque.com.br","push-errors":false,"_links":{"self":[{"href":"https:\/\/noticiasdestaque.com.br\/index.php\/wp-json\/wp\/v2\/posts\/15249","targetHints":{"allow":["GET"]}}],"collection":[{"href":"https:\/\/noticiasdestaque.com.br\/index.php\/wp-json\/wp\/v2\/posts"}],"about":[{"href":"https:\/\/noticiasdestaque.com.br\/index.php\/wp-json\/wp\/v2\/types\/post"}],"author":[{"embeddable":true,"href":"https:\/\/noticiasdestaque.com.br\/index.php\/wp-json\/wp\/v2\/users\/1"}],"replies":[{"embeddable":true,"href":"https:\/\/noticiasdestaque.com.br\/index.php\/wp-json\/wp\/v2\/comments?post=15249"}],"version-history":[{"count":0,"href":"https:\/\/noticiasdestaque.com.br\/index.php\/wp-json\/wp\/v2\/posts\/15249\/revisions"}],"wp:featuredmedia":[{"embeddable":true,"href":"https:\/\/noticiasdestaque.com.br\/index.php\/wp-json\/wp\/v2\/media\/15250"}],"wp:attachment":[{"href":"https:\/\/noticiasdestaque.com.br\/index.php\/wp-json\/wp\/v2\/media?parent=15249"}],"wp:term":[{"taxonomy":"category","embeddable":true,"href":"https:\/\/noticiasdestaque.com.br\/index.php\/wp-json\/wp\/v2\/categories?post=15249"},{"taxonomy":"post_tag","embeddable":true,"href":"https:\/\/noticiasdestaque.com.br\/index.php\/wp-json\/wp\/v2\/tags?post=15249"}],"curies":[{"name":"wp","href":"https:\/\/api.w.org\/{rel}","templated":true}]}}