{"id":15239,"date":"2024-08-03T00:03:00","date_gmt":"2024-08-03T03:03:00","guid":{"rendered":"https:\/\/noticiasdestaque.com.br\/index.php\/2024\/08\/03\/sao-paulo-registra-primeiros-casos-de-febre-oropouche\/"},"modified":"2024-08-03T00:03:00","modified_gmt":"2024-08-03T03:03:00","slug":"sao-paulo-registra-primeiros-casos-de-febre-oropouche","status":"publish","type":"post","link":"https:\/\/noticiasdestaque.com.br\/index.php\/2024\/08\/03\/sao-paulo-registra-primeiros-casos-de-febre-oropouche\/","title":{"rendered":"S\u00e3o Paulo registra primeiros casos de febre oropouche"},"content":{"rendered":"<p>\t\t\t\t\t\t\t\t\t\t<audio controls class=\"b61_audio_player\" data-noticia=\"73822\" src=\"https:\/\/brasil61.com\/rails\/active_storage\/blobs\/eyJfcmFpbHMiOnsibWVzc2FnZSI6IkJBaHBBeEhzQWc9PSIsImV4cCI6bnVsbCwicHVyIjoiYmxvYl9pZCJ9fQ==--af11d66db3390271094dfa9b9b8d2eec3f8c5cb7\/BRAS2412286A\"><\/audio><\/p>\n<p>A Secretaria Estadual da Sa\u00fade de S\u00e3o Paulo confirmou na \u00faltima quinta-feira (1\u00ba) os primeiros casos aut\u00f3ctones de febre Oropouche no estado. Duas pessoas foram diagnosticadas com a doen\u00e7a no munic\u00edpio de Cajati, na regi\u00e3o do Vale do Ribeira. As pacientes, que vivem em uma \u00e1rea rural pr\u00f3xima a uma planta\u00e7\u00e3o de bananas e n\u00e3o tinham hist\u00f3rico recente de viagens, j\u00e1 est\u00e3o recuperadas.\u00a0<\/p>\n<p>A infec\u00e7\u00e3o foi detectada pela Vigil\u00e2ncia da Circula\u00e7\u00e3o Viral dos Arbov\u00edrus, com exames de RT-PCR\u00a0e as amostras foram analisadas pelo Instituto Adolfo Lutz, que descartou outras doen\u00e7as como zika, chikungunya e febre amarela.<\/p>\n<p>A Dra Larissa Tiberto, infectologista, explica sobre a transmiss\u00e3o e os sintomas da febre do Oropouche.<\/p>\n<p>\u201cA febre Oropouche \u00e9 um arbov\u00edrus associado ao clima \u00famido,\u00a0transmitido atrav\u00e9s da picada do mosquito p\u00f3lvora, tamb\u00e9m conhecido como maruim em algumas regi\u00f5es. Os sintomas s\u00e3o febre, dores musculares nas articula\u00e7\u00f5es, dores de cabe\u00e7a, n\u00e1usea, diarreia e manchas na pele.\u201d<\/p>\n<p>Segundo o Minist\u00e9rio da Sa\u00fade, a febre Oropouche possui dois ciclos de transmiss\u00e3o:<\/p>\n<p><strong>Ciclo Silvestre: <\/strong>Neste ciclo, animais como bichos-pregui\u00e7a e macacos s\u00e3o os principais hospedeiros do v\u00edrus. Alguns tipos de mosquitos, como o Coquillettidia venezuelensis e o Aedes serratus, tamb\u00e9m podem atuar como vetores. No entanto, o principal transmissor \u00e9 o mosquito Culicoides paraensis, conhecido como maruim ou mosquito-p\u00f3lvora.<\/p>\n<p><strong>Ciclo Urbano:<\/strong> Neste ciclo, os humanos s\u00e3o os principais hospedeiros do v\u00edrus. O maruim continua sendo o vetor principal, mas o mosquito Culex quinquefasciatus (conhecido como pernilongo ou muri\u00e7oca), comum em \u00e1reas urbanas, tamb\u00e9m pode ocasionalmente transmitir o v\u00edrus.<\/p>\n<p><span style=\"font-size:14px\"><strong>N\u00famero de casos por estado em 2024<\/strong><\/span><br \/>\nAmazonas \u2013 3224<br \/>\nRond\u00f4nia \u2013 1709<br \/>\nBahia \u2013 830<br \/>\nEsp\u00edrito Santo \u2013 412<br \/>\nAcre \u2013 265<br \/>\nRoraima \u2013 236<br \/>\nSanta Catarina \u2013 155<br \/>\nPernambuco \u2013 86<br \/>\nMinas Gerais \u2013 83<br \/>\nPar\u00e1 \u2013 74<br \/>\nRio de Janeiro \u2013 62<br \/>\nCear\u00e1 \u2013 39<br \/>\nPiau\u00ed \u2013 27<br \/>\nMato Grosso \u2013 17<br \/>\nAmap\u00e1 \u2013 7<br \/>\nMaranh\u00e3o \u2013 3<br \/>\nParan\u00e1 \u2013 3<br \/>\nTocantins \u2013 2<br \/>\nMato Grosso do Sul \u2013 1<br \/>\nPara\u00edba \u2013 1<br \/>\nTotal \u2013 7236<\/p>\n<p>A Dra. Karina Martins, infectologista, destaca a import\u00e2ncia dos cuidados para prevenir e tratar a febre Oropouche.\u00a0<\/p>\n<p>\u201cComo n\u00e3o temos um tratamento espec\u00edfico para essa doen\u00e7a, n\u00e3o temos vacina, n\u00e3o temos rem\u00e9dio espec\u00edfico para essa virose, os cuidados se baseiam em sintom\u00e1ticos e as medidas de preven\u00e7\u00e3o contra o mosquito. Sintom\u00e1ticos s\u00e3o usados analg\u00e9sicos, antit\u00e9rmicos e, principalmente, repouso e hidrata\u00e7\u00e3o. Muito importante manter a hidrata\u00e7\u00e3o adequada, \u00e9 o principal fator para a recupera\u00e7\u00e3o do paciente. Al\u00e9m disso, cuidado com os reservat\u00f3rios desses mosquitos, para n\u00e3o deixar acumular \u00e1gua nos locais. Onde esses mosquitos possam se proliferar, eles t\u00eam a mesma caracter\u00edstica de proliferar em \u00e9pocas de chuvas e temperaturas mais altas.\u201d<\/p>\n<p>At\u00e9 o momento, nenhum \u00f3bito por febre Oropouche havia sido registrado no mundo, at\u00e9 que o Minist\u00e9rio da Sa\u00fade confirmou, em 25 de julho, as mortes de duas mulheres no interior da Bahia, ocorridas entre maio e junho deste ano.<\/p>\n<p>Em 2024, o Brasil j\u00e1 contabilizou mais de 7 mil casos de febre Oropouche, com a maioria dos casos registrados nos estados do Amazonas e Rond\u00f4nia.<br \/>\n\u00a0<\/p>\n<p>\t\t\t\t\t\t\t\t\t<img loading=\"lazy\" decoding=\"async\" src=\"https:\/\/brasil61.com\/api\/v1\/serve_pixel\/17677\/73822\" alt=\"Pixel Brasil 61\" class=\"b61_pixel\" width=\"0\" height=\"0\"><\/p>\n<input type=\"hidden\" id=\"baseurl\" value=\"https:\/\/noticiasdestaque.com.br\"><input type=\"hidden\" id=\"audio_nonce\" value=\"6a24ca502e\">","protected":false},"excerpt":{"rendered":"<p>Brasil j\u00e1 supera 7 mil casos em 2024, com foco principal na Amaz\u00f4nia e em Rond\u00f4nia<\/p>\n","protected":false},"author":1,"featured_media":15240,"comment_status":"open","ping_status":"open","sticky":false,"template":"","format":"standard","meta":{"fifu_image_url":"","fifu_image_alt":"","footnotes":""},"categories":[51],"tags":[],"class_list":["post-15239","post","type-post","status-publish","format-standard","has-post-thumbnail","hentry","category-saude"],"distributor_meta":false,"distributor_terms":false,"distributor_media":false,"distributor_original_site_name":"Noticias em Destaque","distributor_original_site_url":"https:\/\/noticiasdestaque.com.br","push-errors":false,"_links":{"self":[{"href":"https:\/\/noticiasdestaque.com.br\/index.php\/wp-json\/wp\/v2\/posts\/15239","targetHints":{"allow":["GET"]}}],"collection":[{"href":"https:\/\/noticiasdestaque.com.br\/index.php\/wp-json\/wp\/v2\/posts"}],"about":[{"href":"https:\/\/noticiasdestaque.com.br\/index.php\/wp-json\/wp\/v2\/types\/post"}],"author":[{"embeddable":true,"href":"https:\/\/noticiasdestaque.com.br\/index.php\/wp-json\/wp\/v2\/users\/1"}],"replies":[{"embeddable":true,"href":"https:\/\/noticiasdestaque.com.br\/index.php\/wp-json\/wp\/v2\/comments?post=15239"}],"version-history":[{"count":0,"href":"https:\/\/noticiasdestaque.com.br\/index.php\/wp-json\/wp\/v2\/posts\/15239\/revisions"}],"wp:featuredmedia":[{"embeddable":true,"href":"https:\/\/noticiasdestaque.com.br\/index.php\/wp-json\/wp\/v2\/media\/15240"}],"wp:attachment":[{"href":"https:\/\/noticiasdestaque.com.br\/index.php\/wp-json\/wp\/v2\/media?parent=15239"}],"wp:term":[{"taxonomy":"category","embeddable":true,"href":"https:\/\/noticiasdestaque.com.br\/index.php\/wp-json\/wp\/v2\/categories?post=15239"},{"taxonomy":"post_tag","embeddable":true,"href":"https:\/\/noticiasdestaque.com.br\/index.php\/wp-json\/wp\/v2\/tags?post=15239"}],"curies":[{"name":"wp","href":"https:\/\/api.w.org\/{rel}","templated":true}]}}