{"id":15217,"date":"2024-08-01T00:01:00","date_gmt":"2024-08-01T03:01:00","guid":{"rendered":"https:\/\/noticiasdestaque.com.br\/index.php\/2024\/08\/01\/ministerio-da-saude-sera-o-principal-afetado-por-corte-de-r-15-bi-do-governo\/"},"modified":"2024-08-01T00:01:00","modified_gmt":"2024-08-01T03:01:00","slug":"ministerio-da-saude-sera-o-principal-afetado-por-corte-de-r-15-bi-do-governo","status":"publish","type":"post","link":"https:\/\/noticiasdestaque.com.br\/index.php\/2024\/08\/01\/ministerio-da-saude-sera-o-principal-afetado-por-corte-de-r-15-bi-do-governo\/","title":{"rendered":"Minist\u00e9rio da Sa\u00fade ser\u00e1 o principal afetado por corte de R$ 15 bi do governo"},"content":{"rendered":"<p>\t\t\t\t\t\t\t\t\t\t<audio controls class=\"b61_audio_player\" data-noticia=\"73769\" src=\"https:\/\/brasil61.com\/rails\/active_storage\/blobs\/eyJfcmFpbHMiOnsibWVzc2FnZSI6IkJBaHBBeTNxQWc9PSIsImV4cCI6bnVsbCwicHVyIjoiYmxvYl9pZCJ9fQ==--84ff4a9198b791a43edc79b4776b5bf2f5771cec\/BRAS2412272A\"><\/audio><\/p>\n<p>O Minist\u00e9rio da Sa\u00fade ser\u00e1 a pasta da Esplanada dos Minist\u00e9rios mais afetada pelo corte de R$ 15 bilh\u00f5es no or\u00e7amento. Um decreto do presidente da Rep\u00fablica, Luiz In\u00e1cio Lula da Silva, indica que o minist\u00e9rio ter\u00e1 R$ 4,4 bilh\u00f5es congelados como parte do esfor\u00e7o do Executivo para o cumprimento do arcabou\u00e7o fiscal \u2014 conjunto de regras para o ajuste das contas p\u00fablicas.\u00a0<\/p>\n<p>O Minist\u00e9rio das Cidades, por sua vez, ter\u00e1 R$ 2,1 bilh\u00f5es retirados, enquanto Transportes, com R$ 1,5 bilh\u00e3o, e Educa\u00e7\u00e3o, com R$ 1,2 bilh\u00e3o, v\u00eam em seguida. O arrocho fiscal anunciado pelo governo federal vai afetar, principalmente, investimentos do Programa de Acelera\u00e7\u00e3o do Crescimento (PAC), que ter\u00e1 cerca de R$ 4,5 bilh\u00f5es congelados.\u00a0<\/p>\n<p>O corte tamb\u00e9m vai impactar os repasses que s\u00e3o feitos aos parlamentares. As emendas de comiss\u00e3o enfrentar\u00e3o congelamento de R$ 1 bilh\u00e3o, enquanto as emendas de bancada, de R$ 153 milh\u00f5es.\u00a0<\/p>\n<p>A medida de conten\u00e7\u00e3o de gastos encabe\u00e7ada pelo Minist\u00e9rio da Fazenda visa atingir a meta de d\u00e9ficit zero prevista para este ano, ou seja, que as receitas e despesas do governo fiquem\u00a0empatadas.\u00a0<\/p>\n<p><a href=\"https:\/\/brasil61.com\/n\/contingenciamento-de-r-15-bi-investimentos-serao-os-mais-afetados-bras2412200\">Contingenciamento de R$ 15 bi: investimentos ser\u00e3o os mais afetados<\/a><\/p>\n<p>\t\t\t\t\t\t\t\t\t<img loading=\"lazy\" decoding=\"async\" src=\"https:\/\/brasil61.com\/api\/v1\/serve_pixel\/17677\/73769\" alt=\"Pixel Brasil 61\" class=\"b61_pixel\" width=\"0\" height=\"0\"><\/p>\n<input type=\"hidden\" id=\"baseurl\" value=\"https:\/\/noticiasdestaque.com.br\"><input type=\"hidden\" id=\"audio_nonce\" value=\"6f73a554f1\">","protected":false},"excerpt":{"rendered":"<p>Pasta comandada por N\u00edsia Trindade ter\u00e1 R$ 4,4 bilh\u00f5es congelados, de acordo com o Executivo. Minist\u00e9rios de Cidades, Transportes e Educa\u00e7\u00e3o v\u00eam em seguida como os mais impactados <\/p>\n","protected":false},"author":1,"featured_media":15218,"comment_status":"open","ping_status":"open","sticky":false,"template":"","format":"standard","meta":{"fifu_image_url":"","fifu_image_alt":"","footnotes":""},"categories":[59],"tags":[],"class_list":["post-15217","post","type-post","status-publish","format-standard","has-post-thumbnail","hentry","category-economia"],"distributor_meta":false,"distributor_terms":false,"distributor_media":false,"distributor_original_site_name":"Noticias em Destaque","distributor_original_site_url":"https:\/\/noticiasdestaque.com.br","push-errors":false,"_links":{"self":[{"href":"https:\/\/noticiasdestaque.com.br\/index.php\/wp-json\/wp\/v2\/posts\/15217","targetHints":{"allow":["GET"]}}],"collection":[{"href":"https:\/\/noticiasdestaque.com.br\/index.php\/wp-json\/wp\/v2\/posts"}],"about":[{"href":"https:\/\/noticiasdestaque.com.br\/index.php\/wp-json\/wp\/v2\/types\/post"}],"author":[{"embeddable":true,"href":"https:\/\/noticiasdestaque.com.br\/index.php\/wp-json\/wp\/v2\/users\/1"}],"replies":[{"embeddable":true,"href":"https:\/\/noticiasdestaque.com.br\/index.php\/wp-json\/wp\/v2\/comments?post=15217"}],"version-history":[{"count":0,"href":"https:\/\/noticiasdestaque.com.br\/index.php\/wp-json\/wp\/v2\/posts\/15217\/revisions"}],"wp:featuredmedia":[{"embeddable":true,"href":"https:\/\/noticiasdestaque.com.br\/index.php\/wp-json\/wp\/v2\/media\/15218"}],"wp:attachment":[{"href":"https:\/\/noticiasdestaque.com.br\/index.php\/wp-json\/wp\/v2\/media?parent=15217"}],"wp:term":[{"taxonomy":"category","embeddable":true,"href":"https:\/\/noticiasdestaque.com.br\/index.php\/wp-json\/wp\/v2\/categories?post=15217"},{"taxonomy":"post_tag","embeddable":true,"href":"https:\/\/noticiasdestaque.com.br\/index.php\/wp-json\/wp\/v2\/tags?post=15217"}],"curies":[{"name":"wp","href":"https:\/\/api.w.org\/{rel}","templated":true}]}}