{"id":15195,"date":"2024-07-31T00:33:00","date_gmt":"2024-07-31T03:33:00","guid":{"rendered":"https:\/\/noticiasdestaque.com.br\/index.php\/2024\/07\/31\/cotacao-do-dolar-teve-leve-queda-no-ultimo-fechamento\/"},"modified":"2024-07-31T00:33:00","modified_gmt":"2024-07-31T03:33:00","slug":"cotacao-do-dolar-teve-leve-queda-no-ultimo-fechamento","status":"publish","type":"post","link":"https:\/\/noticiasdestaque.com.br\/index.php\/2024\/07\/31\/cotacao-do-dolar-teve-leve-queda-no-ultimo-fechamento\/","title":{"rendered":"Cota\u00e7\u00e3o do d\u00f3lar teve leve queda no \u00faltimo fechamento"},"content":{"rendered":"<p>\t\t\t\t\t\t\t\t\t\t<audio controls class=\"b61_audio_player\" data-noticia=\"73724\" src=\"https:\/\/brasil61.com\/rails\/active_storage\/blobs\/eyJfcmFpbHMiOnsibWVzc2FnZSI6IkJBaHBBdy9wQWc9PSIsImV4cCI6bnVsbCwicHVyIjoiYmxvYl9pZCJ9fQ==--6ac591645a963e5d2904019bdcba070aed46fd22\/BRAS2412261A\"><\/audio><\/p>\n<p>No \u00faltimo fechamento, o d\u00f3lar se desvalorizou levemente no Brasil, em 0,07%, e est\u00e1 cotado a R$ 5,61. A desvaloriza\u00e7\u00e3o do euro foi superior, em 0,13%, e custa R$ 6,07. As cota\u00e7\u00f5es s\u00e3o da companhia <a href=\"https:\/\/www.google.com\/intl\/en-BR\/googlefinance\/disclaimer\/\">Morningstar<\/a>.\u00a0<\/p>\n<p>Os investidores seguem no aguardo dos novos patamares das taxas de juros no Brasil, Estados Unidos e Jap\u00e3o, a serem divulgadas pelo banco central de cada pa\u00eds, na pr\u00f3xima quarta-feira (31). A expectativa \u00e9 que o Fed (banco central americano) mantenha sua taxa entre 5,25% e 5,50%. No Brasil, \u00e9 prov\u00e1vel que a estabilidade tamb\u00e9m ocorra para a Selic, a 10,50% ao ano. J\u00e1 no Jap\u00e3o, h\u00e1 uma especula\u00e7\u00e3o de aumento da sua taxa &#8211; o que tem causado a valoriza\u00e7\u00e3o do iene.\u00a0<\/p>\n<p>No cen\u00e1rio dom\u00e9stico, a Presid\u00eancia da Rep\u00fablica reafirmou seu compromisso fiscal, em divulga\u00e7\u00e3o de propaganda em rede nacional. Os investidores tamb\u00e9m repercutem a divulga\u00e7\u00e3o da proje\u00e7\u00e3o do IPCA, pelo <a href=\"https:\/\/www.bcb.gov.br\/publicacoes\/focus\">Boletim Focus<\/a>. O \u00edndice, que mede a infla\u00e7\u00e3o brasileira, teve proje\u00e7\u00e3o de crescimento para 2024, a 4,10%. A alta foi acompanhada de eleva\u00e7\u00e3o do Produto Interno Bruto, o PIB, pelos analistas, a 2,19%. Esta \u00e9 a quarta semana de eleva\u00e7\u00e3o do indicador. O Boletim Focus \u00e9 divulgado pelo Banco Central do Brasil, o Bacen.\u00a0<\/p>\n<p>\t\t\t\t\t\t\t\t\t<img loading=\"lazy\" decoding=\"async\" src=\"https:\/\/brasil61.com\/api\/v1\/serve_pixel\/17677\/73724\" alt=\"Pixel Brasil 61\" class=\"b61_pixel\" width=\"0\" height=\"0\"><\/p>\n<input type=\"hidden\" id=\"baseurl\" value=\"https:\/\/noticiasdestaque.com.br\"><input type=\"hidden\" id=\"audio_nonce\" value=\"6f73a554f1\">","protected":false},"excerpt":{"rendered":"<p>O d\u00f3lar inicia a quarta-feira (31) cotado a R$ 5,61<\/p>\n","protected":false},"author":1,"featured_media":15196,"comment_status":"open","ping_status":"open","sticky":false,"template":"","format":"standard","meta":{"fifu_image_url":"","fifu_image_alt":"","footnotes":""},"categories":[59],"tags":[],"class_list":["post-15195","post","type-post","status-publish","format-standard","has-post-thumbnail","hentry","category-economia"],"distributor_meta":false,"distributor_terms":false,"distributor_media":false,"distributor_original_site_name":"Noticias em Destaque","distributor_original_site_url":"https:\/\/noticiasdestaque.com.br","push-errors":false,"_links":{"self":[{"href":"https:\/\/noticiasdestaque.com.br\/index.php\/wp-json\/wp\/v2\/posts\/15195","targetHints":{"allow":["GET"]}}],"collection":[{"href":"https:\/\/noticiasdestaque.com.br\/index.php\/wp-json\/wp\/v2\/posts"}],"about":[{"href":"https:\/\/noticiasdestaque.com.br\/index.php\/wp-json\/wp\/v2\/types\/post"}],"author":[{"embeddable":true,"href":"https:\/\/noticiasdestaque.com.br\/index.php\/wp-json\/wp\/v2\/users\/1"}],"replies":[{"embeddable":true,"href":"https:\/\/noticiasdestaque.com.br\/index.php\/wp-json\/wp\/v2\/comments?post=15195"}],"version-history":[{"count":0,"href":"https:\/\/noticiasdestaque.com.br\/index.php\/wp-json\/wp\/v2\/posts\/15195\/revisions"}],"wp:featuredmedia":[{"embeddable":true,"href":"https:\/\/noticiasdestaque.com.br\/index.php\/wp-json\/wp\/v2\/media\/15196"}],"wp:attachment":[{"href":"https:\/\/noticiasdestaque.com.br\/index.php\/wp-json\/wp\/v2\/media?parent=15195"}],"wp:term":[{"taxonomy":"category","embeddable":true,"href":"https:\/\/noticiasdestaque.com.br\/index.php\/wp-json\/wp\/v2\/categories?post=15195"},{"taxonomy":"post_tag","embeddable":true,"href":"https:\/\/noticiasdestaque.com.br\/index.php\/wp-json\/wp\/v2\/tags?post=15195"}],"curies":[{"name":"wp","href":"https:\/\/api.w.org\/{rel}","templated":true}]}}