{"id":15193,"date":"2024-08-02T00:05:00","date_gmt":"2024-08-02T03:05:00","guid":{"rendered":"https:\/\/noticiasdestaque.com.br\/index.php\/2024\/08\/02\/agosto-branco-uso-de-cigarro-e-responsavel-por-90-das-mortes-por-cancer-de-pulmao-segundo-inca\/"},"modified":"2024-08-02T00:05:00","modified_gmt":"2024-08-02T03:05:00","slug":"agosto-branco-uso-de-cigarro-e-responsavel-por-90-das-mortes-por-cancer-de-pulmao-segundo-inca","status":"publish","type":"post","link":"https:\/\/noticiasdestaque.com.br\/index.php\/2024\/08\/02\/agosto-branco-uso-de-cigarro-e-responsavel-por-90-das-mortes-por-cancer-de-pulmao-segundo-inca\/","title":{"rendered":"Agosto Branco: Uso de cigarro \u00e9 respons\u00e1vel por 90% das mortes por c\u00e2ncer de pulm\u00e3o, segundo Inca"},"content":{"rendered":"<p>\t\t\t\t\t\t\t\t\t\t<audio controls class=\"b61_audio_player\" data-noticia=\"73809\" src=\"https:\/\/brasil61.com\/rails\/active_storage\/blobs\/eyJfcmFpbHMiOnsibWVzc2FnZSI6IkJBaHBBMWpyQWc9PSIsImV4cCI6bnVsbCwicHVyIjoiYmxvYl9pZCJ9fQ==--6383b47c7d73cd37256671553807ae0238f4b5ac\/BRAS2412279A\"><\/audio><\/p>\n<p>Cerca de 90% das mortes por c\u00e2ncer de pulm\u00e3o est\u00e3o relacionadas ao tabagismo, de acordo com o Instituto Nacional de C\u00e2ncer (Inca). Visando conscientizar a popula\u00e7\u00e3o sobre o c\u00e2ncer de pulm\u00e3o, teve in\u00edcio nesta quinta-feira (1\u00ba) a campanha Agosto Branco.\u00a0<\/p>\n<p>De acordo com o Inca, mais de 32,5 mil casos de c\u00e2ncer de traqueia, br\u00f4nquio e pulm\u00e3o devem ser registrados\u00a0por ano\u00a0no Brasil, no tri\u00eanio que vai de 2023 a 2025.\u00a0<\/p>\n<p>A boa not\u00edcia, segundo autoridades de sa\u00fade, \u00e9 que esse tipo de c\u00e2ncer \u00e9 extremamente preven\u00edvel. \u00c9 o que explica o especialista em tumores tor\u00e1cicos Guilherme Harada, m\u00e9dico oncologista do Hospital S\u00edrio-Liban\u00eas.\u00a0<\/p>\n<p>&#8220;O c\u00e2ncer de pulm\u00e3o \u00e9 um dos tipos de tumores mais evit\u00e1veis. Isso porque a principal causa associada ao c\u00e2ncer de pulm\u00e3o \u00e9 o cigarro. Ele \u00e9 respons\u00e1vel por cerca de 80% a 85% dos casos de c\u00e2ncer de pulm\u00e3o. Ent\u00e3o, parar de fumar \u00e9 a medida mais eficaz para evitar o risco de desenvolver o c\u00e2ncer de pulm\u00e3o&#8221;, afirma.\u00a0<\/p>\n<p>O oncologista destaca que de 15% a 20% das pessoas diagnosticadas com c\u00e2ncer de pulm\u00e3o n\u00e3o t\u00eam rela\u00e7\u00e3o com o tabagismo. &#8220;Al\u00e9m do cigarro, a exposi\u00e7\u00e3o a subst\u00e2ncias cancer\u00edgenas, como o asbesto, o rad\u00f4nio, e outras subst\u00e2ncias comumente presentes em ambientes de trabalho com fuma\u00e7a, tamb\u00e9m aumenta o risco&#8221;, pontua Harada.\u00a0<\/p>\n<h2>Foco no cigarro eletr\u00f4nico<\/h2>\n<p>Este ano, o Agosto Branco concentra esfor\u00e7os para conscientizar a sociedade sobre os riscos envolvendo o cigarro eletr\u00f4nico, como o vaper e o pod, cuja ades\u00e3o tem crescido entre os mais jovens.\u00a0<\/p>\n<p>Segundo o instituto de pesquisa Ipec, o consumo de cigarro eletr\u00f4nico cresceu 600% no Brasil nos \u00faltimos seis anos. A mesma pesquisa revelou que j\u00e1 chega a quase tr\u00eas milh\u00f5es o n\u00famero de pessoas que utilizam esses dispositivos no pa\u00eds.\u00a0<\/p>\n<p>Al\u00e9m de aumentar em mais de tr\u00eas vezes o risco de experimenta\u00e7\u00e3o do cigarro convencional, de acordo com o Inca, os diferentes tipos de cigarro eletr\u00f4nico tamb\u00e9m cont\u00eam subst\u00e2ncias t\u00f3xicas que causam c\u00e2ncer, doen\u00e7as respirat\u00f3rias e cardiovasculares, al\u00e9m de depend\u00eancia, devido \u00e0 presen\u00e7a de nicotina.\u00a0<\/p>\n<p>Um dos objetivos \u00e9 desmistificar a ideia de que o cigarro eletr\u00f4nico faz menos mal \u00e0 sa\u00fade do que o convencional e que, portanto, pode ser usado sem maiores consequ\u00eancias.\u00a0<\/p>\n<p>&#8220;Muitas vezes, ele \u00e9 tratado como uma alternativa segura ao tabaco convencional de forma err\u00f4nea, mas esse tipo de dispositivo tamb\u00e9m apresenta riscos significativos para a sa\u00fade do pulm\u00e3o&#8221;, indica.\u00a0<\/p>\n<h2>Diagn\u00f3stico precoce faz a diferen\u00e7a<\/h2>\n<p>De acordo com o Inca, apenas 16% dos c\u00e2nceres s\u00e3o diagnosticados em est\u00e1gio inicial. O oncologista Guilherme Harada afirma que, hoje, h\u00e1 ferramentas que permitem a detec\u00e7\u00e3o precoce de tumores no pulm\u00e3o, o que \u00e9 importante para o sucesso do tratamento.\u00a0<\/p>\n<p>&#8220;A gente tem exames de rastreamento, como a tomografia computadorizada de baixa dose, indicada para o diagn\u00f3stico precoce, principalmente nos pacientes com hist\u00f3rico de tabagismo&#8221;, afirma.\u00a0<\/p>\n<p><a href=\"https:\/\/brasil61.com\/n\/inverno-internacoes-por-infarto-aumentam-e-ha-maior-risco-de-avc-bras2412246\">Inverno: interna\u00e7\u00f5es por infarto aumentam e h\u00e1 maior risco de AVC<\/a><\/p>\n<p><a href=\"https:\/\/brasil61.com\/n\/poliomielite-entenda-por-que-a-oms-recomenda-95-de-cobertura-vacinal-poli240036\">POLIOMIELITE: entenda por que a OMS recomenda 95% de cobertura vacinal<\/a><\/p>\n<p>\t\t\t\t\t\t\t\t\t<img loading=\"lazy\" decoding=\"async\" src=\"https:\/\/brasil61.com\/api\/v1\/serve_pixel\/17677\/73809\" alt=\"Pixel Brasil 61\" class=\"b61_pixel\" width=\"0\" height=\"0\"><\/p>\n<input type=\"hidden\" id=\"baseurl\" value=\"https:\/\/noticiasdestaque.com.br\"><input type=\"hidden\" id=\"audio_nonce\" value=\"6a24ca502e\">","protected":false},"excerpt":{"rendered":"<p>Campanha que se iniciou nesta quinta-feira (1\u00ba) visa conscientizar popula\u00e7\u00e3o sobre o c\u00e2ncer de pulm\u00e3o e sua rela\u00e7\u00e3o com o tabagismo. Em alta, cigarro eletr\u00f4nico tamb\u00e9m \u00e9 extremamente prejudicial \u00e0 sa\u00fade<\/p>\n","protected":false},"author":1,"featured_media":15194,"comment_status":"open","ping_status":"open","sticky":false,"template":"","format":"standard","meta":{"fifu_image_url":"","fifu_image_alt":"","footnotes":""},"categories":[51],"tags":[],"class_list":["post-15193","post","type-post","status-publish","format-standard","has-post-thumbnail","hentry","category-saude"],"distributor_meta":false,"distributor_terms":false,"distributor_media":false,"distributor_original_site_name":"Noticias em Destaque","distributor_original_site_url":"https:\/\/noticiasdestaque.com.br","push-errors":false,"_links":{"self":[{"href":"https:\/\/noticiasdestaque.com.br\/index.php\/wp-json\/wp\/v2\/posts\/15193","targetHints":{"allow":["GET"]}}],"collection":[{"href":"https:\/\/noticiasdestaque.com.br\/index.php\/wp-json\/wp\/v2\/posts"}],"about":[{"href":"https:\/\/noticiasdestaque.com.br\/index.php\/wp-json\/wp\/v2\/types\/post"}],"author":[{"embeddable":true,"href":"https:\/\/noticiasdestaque.com.br\/index.php\/wp-json\/wp\/v2\/users\/1"}],"replies":[{"embeddable":true,"href":"https:\/\/noticiasdestaque.com.br\/index.php\/wp-json\/wp\/v2\/comments?post=15193"}],"version-history":[{"count":0,"href":"https:\/\/noticiasdestaque.com.br\/index.php\/wp-json\/wp\/v2\/posts\/15193\/revisions"}],"wp:featuredmedia":[{"embeddable":true,"href":"https:\/\/noticiasdestaque.com.br\/index.php\/wp-json\/wp\/v2\/media\/15194"}],"wp:attachment":[{"href":"https:\/\/noticiasdestaque.com.br\/index.php\/wp-json\/wp\/v2\/media?parent=15193"}],"wp:term":[{"taxonomy":"category","embeddable":true,"href":"https:\/\/noticiasdestaque.com.br\/index.php\/wp-json\/wp\/v2\/categories?post=15193"},{"taxonomy":"post_tag","embeddable":true,"href":"https:\/\/noticiasdestaque.com.br\/index.php\/wp-json\/wp\/v2\/tags?post=15193"}],"curies":[{"name":"wp","href":"https:\/\/api.w.org\/{rel}","templated":true}]}}