{"id":15141,"date":"2024-07-31T18:00:00","date_gmt":"2024-07-31T21:00:00","guid":{"rendered":"https:\/\/noticiasdestaque.com.br\/index.php\/2024\/07\/31\/previsao-do-tempo-quinta-feira-1-com-alerta-para-acumulado-de-chuva-no-espirito-santo\/"},"modified":"2024-07-31T18:00:00","modified_gmt":"2024-07-31T21:00:00","slug":"previsao-do-tempo-quinta-feira-1-com-alerta-para-acumulado-de-chuva-no-espirito-santo","status":"publish","type":"post","link":"https:\/\/noticiasdestaque.com.br\/index.php\/2024\/07\/31\/previsao-do-tempo-quinta-feira-1-com-alerta-para-acumulado-de-chuva-no-espirito-santo\/","title":{"rendered":"PREVIS\u00c3O DO TEMPO: quinta-feira (1\u00b0) com alerta para acumulado de chuva no Esp\u00edrito Santo"},"content":{"rendered":"<p>\t\t\t\t\t\t\t\t\t\t<audio controls class=\"b61_audio_player\" data-noticia=\"73763\" src=\"https:\/\/brasil61.com\/rails\/active_storage\/blobs\/eyJfcmFpbHMiOnsibWVzc2FnZSI6IkJBaHBBeVBxQWc9PSIsImV4cCI6bnVsbCwicHVyIjoiYmxvYl9pZCJ9fQ==--963e1a2f0cd3be5bf2c5d2f45b797b6d4b80574e\/PTSD243702A\"><\/audio><\/p>\n<p>Durante a tarde desta quinta-feira (1\u00b0), a previs\u00e3o \u00e9 de possibilidade de chuva no litoral norte, noroeste esp\u00edrito-santense\u00a0e microrregi\u00f5es de Guarapari e Vit\u00f3ria. Durante a manh\u00e3 e \u00e0 noite, tempo encoberto e sem chuvas em todo o estado.<\/p>\n<p>A temperatura m\u00ednima fica em torno de 7\u00b0C, em Ibitirama, e a m\u00e1xima prevista \u00e9 de 28\u00baC, em Concei\u00e7\u00e3o da Barra. A umidade relativa do ar varia entre 70% e 85%.<\/p>\n<p>As informa\u00e7\u00f5es s\u00e3o do Instituto Nacional de Meteorologia.<br \/>\n\u00a0<\/p>\n<p>\t\t\t\t\t\t\t\t\t<img loading=\"lazy\" decoding=\"async\" src=\"https:\/\/brasil61.com\/api\/v1\/serve_pixel\/17677\/73763\" alt=\"Pixel Brasil 61\" class=\"b61_pixel\" width=\"0\" height=\"0\"><\/p>\n<input type=\"hidden\" id=\"baseurl\" value=\"https:\/\/noticiasdestaque.com.br\"><input type=\"hidden\" id=\"audio_nonce\" value=\"5128c810d9\">","protected":false},"excerpt":{"rendered":"<p>A temperatura pode variar entre 7\u00baC e 28\u00b0C<\/p>\n","protected":false},"author":1,"featured_media":15142,"comment_status":"open","ping_status":"open","sticky":false,"template":"","format":"standard","meta":{"fifu_image_url":"","fifu_image_alt":"","footnotes":""},"categories":[58],"tags":[],"class_list":["post-15141","post","type-post","status-publish","format-standard","has-post-thumbnail","hentry","category-cotidiano"],"distributor_meta":false,"distributor_terms":false,"distributor_media":false,"distributor_original_site_name":"Noticias em Destaque","distributor_original_site_url":"https:\/\/noticiasdestaque.com.br","push-errors":false,"_links":{"self":[{"href":"https:\/\/noticiasdestaque.com.br\/index.php\/wp-json\/wp\/v2\/posts\/15141","targetHints":{"allow":["GET"]}}],"collection":[{"href":"https:\/\/noticiasdestaque.com.br\/index.php\/wp-json\/wp\/v2\/posts"}],"about":[{"href":"https:\/\/noticiasdestaque.com.br\/index.php\/wp-json\/wp\/v2\/types\/post"}],"author":[{"embeddable":true,"href":"https:\/\/noticiasdestaque.com.br\/index.php\/wp-json\/wp\/v2\/users\/1"}],"replies":[{"embeddable":true,"href":"https:\/\/noticiasdestaque.com.br\/index.php\/wp-json\/wp\/v2\/comments?post=15141"}],"version-history":[{"count":0,"href":"https:\/\/noticiasdestaque.com.br\/index.php\/wp-json\/wp\/v2\/posts\/15141\/revisions"}],"wp:featuredmedia":[{"embeddable":true,"href":"https:\/\/noticiasdestaque.com.br\/index.php\/wp-json\/wp\/v2\/media\/15142"}],"wp:attachment":[{"href":"https:\/\/noticiasdestaque.com.br\/index.php\/wp-json\/wp\/v2\/media?parent=15141"}],"wp:term":[{"taxonomy":"category","embeddable":true,"href":"https:\/\/noticiasdestaque.com.br\/index.php\/wp-json\/wp\/v2\/categories?post=15141"},{"taxonomy":"post_tag","embeddable":true,"href":"https:\/\/noticiasdestaque.com.br\/index.php\/wp-json\/wp\/v2\/tags?post=15141"}],"curies":[{"name":"wp","href":"https:\/\/api.w.org\/{rel}","templated":true}]}}