{"id":15139,"date":"2024-07-31T18:00:00","date_gmt":"2024-07-31T21:00:00","guid":{"rendered":"https:\/\/noticiasdestaque.com.br\/index.php\/2024\/07\/31\/previsao-do-tempo-quinta-feira-1-com-alerta-para-baixa-umidade-em-minas-gerais\/"},"modified":"2024-07-31T18:00:00","modified_gmt":"2024-07-31T21:00:00","slug":"previsao-do-tempo-quinta-feira-1-com-alerta-para-baixa-umidade-em-minas-gerais","status":"publish","type":"post","link":"https:\/\/noticiasdestaque.com.br\/index.php\/2024\/07\/31\/previsao-do-tempo-quinta-feira-1-com-alerta-para-baixa-umidade-em-minas-gerais\/","title":{"rendered":"PREVIS\u00c3O DO TEMPO: quinta-feira (1\u00b0) com alerta para baixa umidade em Minas Gerais"},"content":{"rendered":"<p>\t\t\t\t\t\t\t\t\t\t<audio controls class=\"b61_audio_player\" data-noticia=\"73762\" src=\"https:\/\/brasil61.com\/rails\/active_storage\/blobs\/eyJfcmFpbHMiOnsibWVzc2FnZSI6IkJBaHBBeUxxQWc9PSIsImV4cCI6bnVsbCwicHVyIjoiYmxvYl9pZCJ9fQ==--76043c0d8c9bebd3a96a115e2896acf0b423c0d3\/PTSD243701A\"><\/audio><\/p>\n<p>Nesta quinta-feira (1\u00b0), o Instituto Nacional de Meteorologia (Inmet) alerta para baixa umidade no Tri\u00e2ngulo Mineiro\/Alto Parana\u00edba e noroeste de Minas, atingindo cidades como Ituiutaba, Paracatu e Una\u00ed.<\/p>\n<p>O dia come\u00e7a com possibilidade de chuva nas cidades de Jacinto, Palm\u00f3polis, Santo Ant\u00f4nio do Jacinto, Santa Maria do Salto, Salto da Divisa e Jord\u00e2nia. Durante a tarde, a possibilidade continua nessas cidades e tamb\u00e9m atinge os munic\u00edpios de Nanuque e Serra dos Aimor\u00e9s. \u00c0 noite, h\u00e1 possibilidade de chuva apenas em Salto da Divisa. Nas demais regi\u00f5es do estado, varia\u00e7\u00e3o entre muitas e poucas nuvens.<\/p>\n<p>A temperatura m\u00ednima fica em torno de 8\u00b0C, em Andrel\u00e2ndia, e a m\u00e1xima prevista \u00e9 de 32\u00baC, em Campina Verde. A umidade relativa do ar varia entre 35% e 90%.<\/p>\n<p>As informa\u00e7\u00f5es s\u00e3o do Instituto Nacional de Meteorologia.<br \/>\n\u00a0<\/p>\n<p>\t\t\t\t\t\t\t\t\t<img loading=\"lazy\" decoding=\"async\" src=\"https:\/\/brasil61.com\/api\/v1\/serve_pixel\/17677\/73762\" alt=\"Pixel Brasil 61\" class=\"b61_pixel\" width=\"0\" height=\"0\"><\/p>\n<input type=\"hidden\" id=\"baseurl\" value=\"https:\/\/noticiasdestaque.com.br\"><input type=\"hidden\" id=\"audio_nonce\" value=\"5128c810d9\">","protected":false},"excerpt":{"rendered":"<p>A temperatura pode variar entre 8\u00baC e 32\u00baC<\/p>\n","protected":false},"author":1,"featured_media":15140,"comment_status":"open","ping_status":"open","sticky":false,"template":"","format":"standard","meta":{"fifu_image_url":"","fifu_image_alt":"","footnotes":""},"categories":[58],"tags":[],"class_list":["post-15139","post","type-post","status-publish","format-standard","has-post-thumbnail","hentry","category-cotidiano"],"distributor_meta":false,"distributor_terms":false,"distributor_media":false,"distributor_original_site_name":"Noticias em Destaque","distributor_original_site_url":"https:\/\/noticiasdestaque.com.br","push-errors":false,"_links":{"self":[{"href":"https:\/\/noticiasdestaque.com.br\/index.php\/wp-json\/wp\/v2\/posts\/15139","targetHints":{"allow":["GET"]}}],"collection":[{"href":"https:\/\/noticiasdestaque.com.br\/index.php\/wp-json\/wp\/v2\/posts"}],"about":[{"href":"https:\/\/noticiasdestaque.com.br\/index.php\/wp-json\/wp\/v2\/types\/post"}],"author":[{"embeddable":true,"href":"https:\/\/noticiasdestaque.com.br\/index.php\/wp-json\/wp\/v2\/users\/1"}],"replies":[{"embeddable":true,"href":"https:\/\/noticiasdestaque.com.br\/index.php\/wp-json\/wp\/v2\/comments?post=15139"}],"version-history":[{"count":0,"href":"https:\/\/noticiasdestaque.com.br\/index.php\/wp-json\/wp\/v2\/posts\/15139\/revisions"}],"wp:featuredmedia":[{"embeddable":true,"href":"https:\/\/noticiasdestaque.com.br\/index.php\/wp-json\/wp\/v2\/media\/15140"}],"wp:attachment":[{"href":"https:\/\/noticiasdestaque.com.br\/index.php\/wp-json\/wp\/v2\/media?parent=15139"}],"wp:term":[{"taxonomy":"category","embeddable":true,"href":"https:\/\/noticiasdestaque.com.br\/index.php\/wp-json\/wp\/v2\/categories?post=15139"},{"taxonomy":"post_tag","embeddable":true,"href":"https:\/\/noticiasdestaque.com.br\/index.php\/wp-json\/wp\/v2\/tags?post=15139"}],"curies":[{"name":"wp","href":"https:\/\/api.w.org\/{rel}","templated":true}]}}