{"id":15108,"date":"2024-07-31T14:43:00","date_gmt":"2024-07-31T17:43:00","guid":{"rendered":"https:\/\/noticiasdestaque.com.br\/?p=15108"},"modified":"2024-07-31T21:49:59","modified_gmt":"2024-08-01T00:49:59","slug":"espetaculo-o-genio-da-lampada-e-o-tempo-leva-reflexao-e-diversao-com-estreia-na-baixada-fluminense","status":"publish","type":"post","link":"https:\/\/noticiasdestaque.com.br\/index.php\/2024\/07\/31\/espetaculo-o-genio-da-lampada-e-o-tempo-leva-reflexao-e-diversao-com-estreia-na-baixada-fluminense\/","title":{"rendered":"Espet\u00e1culo &#8220;O G\u00eanio da L\u00e2mpada e o Tempo&#8221; leva reflex\u00e3o e divers\u00e3o com estreia na Baixada Fluminense"},"content":{"rendered":"\n<p>No pr\u00f3ximo dia&nbsp;<strong>4 de agosto, \u00e0s 16h, o Teatro Firjan Sesi, em Duque de Caxias<\/strong>, ser\u00e1 palco do espet\u00e1culo infantojuvenil &#8220;<strong>O G\u00eanio da L\u00e2mpada e o Tempo<\/strong>&#8220;, uma produ\u00e7\u00e3o da&nbsp;<strong>Lamims Produ\u00e7\u00f5es<\/strong>&nbsp;em parceria com o coletivo&nbsp;<strong>Confraria Nau dos Loucos.<\/strong>&nbsp;A pe\u00e7a chega para encantar o p\u00fablico ao explorar a rela\u00e7\u00e3o das crian\u00e7as com os dispositivos eletr\u00f4nicos modernos e incentivar um olhar cr\u00edtico sobre a influ\u00eancia da tecnologia na forma\u00e7\u00e3o e desenvolvimento infantil.<\/p>\n\n\n\n<p>A trama, que traz o texto de&nbsp;<strong>Karla Muniz Ribeiro<\/strong>&nbsp;e dire\u00e7\u00e3o geral do dramaturgo&nbsp;<strong>Wellington J\u00fanior<\/strong>, gira em torno do garoto Zeca, que deseja que seus amigos deixem os celulares de lado e voltem a brincar com ele. Para realizar esse desejo, Zeca conta com a ajuda especial de um G\u00eanio da L\u00e2mpada, embarcando em uma aventura que transcende o tempo e os leva a redescobrir brincadeiras e cantigas populares antigas. O espet\u00e1culo reflete sobre as inf\u00e2ncias na Baixada Fluminense, no Nordeste e nas periferias, resgatando tradi\u00e7\u00f5es folcl\u00f3ricas que muitas crian\u00e7as de hoje n\u00e3o conhecem.<\/p>\n\n\n\n<p>&#8220;<em><strong>Eu fui convidada pelo ator e um dos idealizadores do projeto, o Erick Galv\u00e3o, a estar compondo a equipe do \u201cO G\u00eanio da L\u00e2mpada e o Tempo\u201d. Fiquei muito feliz pelo convite e por eles estarem confiando a dramaturgia do espet\u00e1culo a mim. Foi um desafio gostoso escrever uma dramaturgia voltada para o p\u00fablico infantil, na verdade para a fam\u00edlia das crian\u00e7as tamb\u00e9m. Eu j\u00e1 queria enfrentar esse desafio h\u00e1 muito tempo e \u00e9 aquele ditado &#8216;a primeira vez a gente nunca esquece&#8217;. A primeira vez foi e est\u00e1 sendo muito especial. Teatro \u00e9 trabalhar a imagina\u00e7\u00e3o. \u00c9 tornar real possibilidades quase imposs\u00edveis, como por exemplo, voltar no tempo. J\u00e1 estou dando spoiler. Convivo com muitas crian\u00e7as e adolescentes. Sou umbandista e trouxe para a minha escrita o arqu\u00e9tipo e energia dos er\u00eas, assim como a sabedoria dos pretos velhos. Trouxe toda a bagagem da minha inf\u00e2ncia e da inf\u00e2ncia que presencio crescer. Dedico esta dramaturgia \u00e0 minha irm\u00e3 Livia e aos meus alunos de teatro do Projeto Para Todos. Com todos eles, sigo brincando e desejo que \u201cO G\u00eanio da L\u00e2mpada e o Tempo\u201d seja uma divertida brincadeira para as crian\u00e7as e os adultos que carregam uma crian\u00e7a dentro de si<\/strong><\/em>&#8220;, afirma Karla.<\/p>\n\n\n\n<p><strong>&#8220;O G\u00eanio da L\u00e2mpada e o Tempo<\/strong>&#8221; utiliza uma abordagem l\u00fadica e criativa para falar sobre como as crian\u00e7as lidam com o tempo e os dispositivos eletr\u00f4nicos modernos, como computadores, smartphones e tablets. Ele se apresenta como uma iniciativa cultural de grande import\u00e2ncia no contexto atual, onde a presen\u00e7a crescente da tecnologia na vida das crian\u00e7as levanta quest\u00f5es relevantes.<\/p>\n\n\n\n<p>A proposta \u00e9 fomentar essas discuss\u00f5es sobre a influ\u00eancia da tecnologia nas rela\u00e7\u00f5es cotidianas e no desenvolvimento das crian\u00e7as, destacando os impactos negativos do uso excessivo desses dispositivos, promovendo reflex\u00f5es sobre aspectos sociais, psicomotores e afetivos das crian\u00e7as, atraindo a aten\u00e7\u00e3o n\u00e3o apenas dos pequenos, mas tamb\u00e9m de educadores, pais e demais membros da comunidade.<\/p>\n\n\n\n<p>Com isso, al\u00e9m do aspecto art\u00edstico, &#8220;O G\u00eanio da L\u00e2mpada e o Tempo&#8221; assume um car\u00e1ter educativo e conscientizador, ao propor essas reflex\u00f5es e estimular os respons\u00e1veis a questionarem e repensarem os padr\u00f5es de uso de dispositivos eletr\u00f4nicos na inf\u00e2ncia, contribuindo para a forma\u00e7\u00e3o de uma consci\u00eancia cr\u00edtica e respons\u00e1vel.<\/p>\n\n\n\n<p>Por fim, o projeto resgata a import\u00e2ncia das cantigas e brincadeiras populares para o desenvolvimento infantil, conectando as crian\u00e7as com suas ra\u00edzes e identidade cultural.&nbsp;<\/p>\n\n\n\n<p>&#8220;<em><strong>Desde o convite para dirigir esse espet\u00e1culo, que venho refletindo sobre a import\u00e2ncia de pensarmos o teatro para as inf\u00e2ncias. Em minha trajet\u00f3ria como diretor teatral, pude realizar mais de 50 espet\u00e1culos. Infelizmente poucos foram para a inf\u00e2ncia, mas sempre que tenho chance de fazer um trabalho que tenha o universo das crian\u00e7as como foco de cria\u00e7\u00e3o, acabo ent\u00e3o mergulhando organicamente nesse processo. Essa montagem do G\u00eanio nos possibilitou estudar cenicamente como pensar uma cena para as inf\u00e2ncias a partir das experi\u00eancias documentais do teatro contempor\u00e2neo. Ent\u00e3o aliamos mem\u00f3ria, territorialidade e inf\u00e2ncia. O p\u00fablico infantil ter\u00e1 chance de mergulhar de m\u00e3os dadas com os adultos neste universo da mem\u00f3ria da inf\u00e2ncia na Baixada Fluminense, no Nordeste (seja atrav\u00e9s das cantigas de roda ou das brincadeiras que nossos pais e av\u00f3s faziam quando eram crian\u00e7as)<\/strong><\/em>&#8220;, finaliza o diretor do espet\u00e1culo Wellington J\u00fanior.<\/p>\n\n\n\n<p>O elenco \u00e9 composto pelos seis atores&nbsp;<strong>Anderson Motta, Ang\u00e9lica de Ac\u00e1cio, Avaristo Martins, Erick Galv\u00e3o, Ieda Cristino e Tha\u00eds Ramos<\/strong>, que integram o coletivo Confraria Nau dos Loucos.&nbsp;&nbsp;<\/p>\n\n\n\n<h2 class=\"wp-block-heading\"><strong>Servi\u00e7o:<\/strong><\/h2>\n\n\n\n<p>Espet\u00e1culo &#8220;O G\u00eanio da L\u00e2mpada e o Tempo&#8221;<br><strong>Data<\/strong>: 04\/08<br><strong>Hor\u00e1rio<\/strong>: \u00e0s 16h<br><strong>Local<\/strong>: Teatro Firjan Sesi, em Duque de Caxias<br><strong>Dura\u00e7\u00e3o<\/strong>: 60 minutos<br><strong>Classifica\u00e7\u00e3o<\/strong>: Livre<\/p>\n\n\n\n<h2 class=\"wp-block-heading\"><strong>Ficha T\u00e9cnica \u201cO G\u00eanio da L\u00e2mpada e o Tempo\u201d<\/strong><\/h2>\n\n\n\n<p><strong>Elenco e int\u00e9rpretes-criadores:<\/strong><\/p>\n\n\n\n<p>Anderson Motta &#8211; G\u00eanio \/ Coro<\/p>\n\n\n\n<p>Ang\u00e9lica de Ac\u00e1cio &#8211; Dona Maria \/ Joca \/ Locutor \/ Coro<\/p>\n\n\n\n<p>Avaristo Martins -Lorran \/ Locutor \/ Coro<\/p>\n\n\n\n<p>Erick Galv\u00e3o &#8211; Zeca \/ Coro<\/p>\n\n\n\n<p>Ieda Cristino &#8211; Seu Amendoeira \/ Ivone \/ Locutor \/ Coro<\/p>\n\n\n\n<p>Tha\u00eds Ramos &#8211; Sophia \/ Coro<\/p>\n\n\n\n<h2 class=\"wp-block-heading\"><strong>Ficha T\u00e9cnica \u201cO G\u00eanio da L\u00e2mpada e o Tempo\u201d<\/strong><\/h2>\n\n\n\n<p>Texto: Karla Muniz Ribeiro<\/p>\n\n\n\n<p>Dire\u00e7\u00e3o geral, dramaturgismo e mise-en-sc\u00e8ne: Wellington J\u00fanior<\/p>\n\n\n\n<p>Concep\u00e7\u00e3o do espa\u00e7o c\u00eanico e cenografia: Wellington J\u00fanior<\/p>\n\n\n\n<p>Dire\u00e7\u00e3o de palco: Ieda Cristino<\/p>\n\n\n\n<p>Figurinos: Yan Calixto<\/p>\n\n\n\n<p>Maquiagem e visagismo: Nathalia Lamim e Wellington Junior<\/p>\n\n\n\n<p>Adere\u00e7os: Jonathan Floriano e o grupo<\/p>\n\n\n\n<p>Desenho de luz: Jo\u00e3o Garaza<\/p>\n\n\n\n<p>Dire\u00e7\u00e3o Musical, trilha sonora e prepara\u00e7\u00e3o de canto: Beto Gaspari<\/p>\n\n\n\n<p>Assistente de dire\u00e7\u00e3o musical, trilha sonora e prepara\u00e7\u00e3o de canto: Avaristo Martins<\/p>\n\n\n\n<p>Dire\u00e7\u00e3o de Movimento: Ang\u00e9lica de Ac\u00e1cio<\/p>\n\n\n\n<p>Pesquisa sobre o Teatro para as Inf\u00e2ncias: Anderson Motta, Ang\u00e9lica de Ac\u00e1cio, Avaristo Martins, Erick Galv\u00e3o, Ieda Cristino, Nathalia Lamim, Tha\u00eds Ramos e Wellington J\u00fanior<\/p>\n\n\n\n<p>Designer: Ang\u00e9lica de Ac\u00e1cio e Avaristo Martins<\/p>\n\n\n\n<p>Assessoria de imprensa: J\u00falia Diniz<\/p>\n\n\n\n<p>Fotografias: Avaristo Martins e Camila Curty<\/p>\n\n\n\n<p>Registros do processo de cria\u00e7\u00e3o: Tha\u00eds Ramos e Avaristo Martins<\/p>\n\n\n\n<p>M\u00eddias Sociais: Ang\u00e9lica de Ac\u00e1cio, Avaristo Martins e Erick Galv\u00e3o<\/p>\n\n\n\n<p>Dire\u00e7\u00e3o de produ\u00e7\u00e3o: Nathalia Lamim<\/p>\n\n\n\n<p>Produ\u00e7\u00e3o executiva: Anderson Motta, Erick Galv\u00e3o e Nathalia Lamim.&nbsp;<\/p>\n\n\n\n<p>Realiza\u00e7\u00e3o e idealiza\u00e7\u00e3o: Confraria Nau dos Loucos e Lamims Produ\u00e7\u00f5es<\/p>\n\n\n\n<figure class=\"wp-block-gallery has-nested-images columns-1 is-cropped wp-block-gallery-1 is-layout-flex wp-block-gallery-is-layout-flex\">\n<figure class=\"wp-block-image size-large\"><img decoding=\"async\" data-id=\"54833\" src=\"https:\/\/celebs.com.br\/wp-content\/uploads\/2024\/07\/01.-O-GENIO-DA-LAMPADA-E-O-TEMPO-1600-X-1600-png-1024x1024.png\" alt=\"\" class=\"wp-image-54833\"\/><\/figure>\n\n\n\n<figure class=\"wp-block-image size-large\"><img decoding=\"async\" data-id=\"54834\" src=\"https:\/\/celebs.com.br\/wp-content\/uploads\/2024\/07\/20240623_164425-1024x768.jpg\" alt=\"\" class=\"wp-image-54834\"\/><\/figure>\n\n\n\n<figure class=\"wp-block-image size-large\"><img decoding=\"async\" data-id=\"54836\" src=\"https:\/\/celebs.com.br\/wp-content\/uploads\/2024\/07\/20240623_165731-768x1024.jpg\" alt=\"\" class=\"wp-image-54836\"\/><\/figure>\n<\/figure>\n\n\n\n<p><\/p>\n<input type=\"hidden\" id=\"baseurl\" value=\"https:\/\/noticiasdestaque.com.br\"><input type=\"hidden\" id=\"audio_nonce\" value=\"6f73a554f1\">","protected":false},"excerpt":{"rendered":"<p>No pr\u00f3ximo dia&nbsp;4 de agosto, \u00e0s 16h, o Teatro Firjan Sesi, em Duque de Caxias, ser\u00e1 palco do espet\u00e1culo infantojuvenil &#8220;O G\u00eanio da L\u00e2mpada e o Tempo&#8220;, uma produ\u00e7\u00e3o da&nbsp;Lamims Produ\u00e7\u00f5es&nbsp;em parceria com o coletivo&nbsp;Confraria Nau dos Loucos.&nbsp;A pe\u00e7a chega para encantar o p\u00fablico ao explorar a rela\u00e7\u00e3o das crian\u00e7as com os dispositivos eletr\u00f4nicos modernos [&hellip;]<\/p>\n","protected":false},"author":1,"featured_media":15109,"comment_status":"open","ping_status":"open","sticky":false,"template":"","format":"standard","meta":{"fifu_image_url":"","fifu_image_alt":"","footnotes":""},"categories":[52],"tags":[],"class_list":["post-15108","post","type-post","status-publish","format-standard","has-post-thumbnail","hentry","category-entretenimento"],"distributor_meta":false,"distributor_terms":false,"distributor_media":false,"distributor_original_site_name":"Noticias em Destaque","distributor_original_site_url":"https:\/\/noticiasdestaque.com.br","push-errors":false,"_links":{"self":[{"href":"https:\/\/noticiasdestaque.com.br\/index.php\/wp-json\/wp\/v2\/posts\/15108","targetHints":{"allow":["GET"]}}],"collection":[{"href":"https:\/\/noticiasdestaque.com.br\/index.php\/wp-json\/wp\/v2\/posts"}],"about":[{"href":"https:\/\/noticiasdestaque.com.br\/index.php\/wp-json\/wp\/v2\/types\/post"}],"author":[{"embeddable":true,"href":"https:\/\/noticiasdestaque.com.br\/index.php\/wp-json\/wp\/v2\/users\/1"}],"replies":[{"embeddable":true,"href":"https:\/\/noticiasdestaque.com.br\/index.php\/wp-json\/wp\/v2\/comments?post=15108"}],"version-history":[{"count":1,"href":"https:\/\/noticiasdestaque.com.br\/index.php\/wp-json\/wp\/v2\/posts\/15108\/revisions"}],"predecessor-version":[{"id":15110,"href":"https:\/\/noticiasdestaque.com.br\/index.php\/wp-json\/wp\/v2\/posts\/15108\/revisions\/15110"}],"wp:featuredmedia":[{"embeddable":true,"href":"https:\/\/noticiasdestaque.com.br\/index.php\/wp-json\/wp\/v2\/media\/15109"}],"wp:attachment":[{"href":"https:\/\/noticiasdestaque.com.br\/index.php\/wp-json\/wp\/v2\/media?parent=15108"}],"wp:term":[{"taxonomy":"category","embeddable":true,"href":"https:\/\/noticiasdestaque.com.br\/index.php\/wp-json\/wp\/v2\/categories?post=15108"},{"taxonomy":"post_tag","embeddable":true,"href":"https:\/\/noticiasdestaque.com.br\/index.php\/wp-json\/wp\/v2\/tags?post=15108"}],"curies":[{"name":"wp","href":"https:\/\/api.w.org\/{rel}","templated":true}]}}