{"id":15105,"date":"2024-07-31T21:38:43","date_gmt":"2024-08-01T00:38:43","guid":{"rendered":"https:\/\/noticiasdestaque.com.br\/?p=15105"},"modified":"2024-07-31T21:38:45","modified_gmt":"2024-08-01T00:38:45","slug":"artista-lgbtq-victor-john-fala-sobre-proximos-passos-apos-lancamento-de-aniquilamento","status":"publish","type":"post","link":"https:\/\/noticiasdestaque.com.br\/index.php\/2024\/07\/31\/artista-lgbtq-victor-john-fala-sobre-proximos-passos-apos-lancamento-de-aniquilamento\/","title":{"rendered":"Artista LGBTQ+ Victor John fala sobre pr\u00f3ximos passos ap\u00f3s lan\u00e7amento de \u201cAniquilamento\u201d"},"content":{"rendered":"\n<p class=\"has-text-align-center\"><a href=\"https:\/\/onerpm.link\/375848343124\" target=\"_blank\" rel=\"noreferrer noopener\"><strong>Ou\u00e7a agora o novo single clicando aqui!<\/strong><\/a><\/p>\n\n\n\n<p>Recentemente o artista LGBTQIAP+&nbsp;<strong>Victor John<\/strong>&nbsp;estreou seu novo single de trabalho \u201c<strong>Aniquilamento<\/strong>\u201c, j\u00e1 dispon\u00edvel em todas as plataformas digitais e com clipe no YouTube. A can\u00e7\u00e3o que traz diferentes processos da vida, como a culpa, o desejo de se sentir parte de algo e o processo de aceita\u00e7\u00e3o da pr\u00f3pria orienta\u00e7\u00e3o sexual, integra o pr\u00f3ximo EP do artista que ser\u00e1 disponibilizado em breve.<\/p>\n\n\n\n<p>Este som \u00e9 a primeira m\u00fasica do futuro EP e representa um marco significativo na carreira do artista. A composi\u00e7\u00e3o autoral fala sobre culpa e busca por reden\u00e7\u00e3o e lutas internas. Reflete sobre estar preso em um ciclo de autocondena\u00e7\u00e3o ao tentar esconder a sua verdadeira identidade, sendo sufocado pelas expectativas externas, e tamb\u00e9m mostra uma forte vontade de pertencer a algo.&nbsp;&nbsp;<\/p>\n\n\n\n<p>\u201c<em><strong>Sinto que, hoje, me tornei uma voz corajosa, independente e aut\u00eantica que luta pelo que acredita. Para isso acontecer, foi necess\u00e1rio passar por um processo demorado e dolorido<\/strong><\/em>,\u201d compartilha Victor.<\/p>\n\n\n\n<figure class=\"wp-block-embed is-type-video is-provider-youtube wp-block-embed-youtube wp-embed-aspect-16-9 wp-has-aspect-ratio\"><div class=\"wp-block-embed__wrapper\">\n<div class=\"jeg_video_container jeg_video_content\"><iframe loading=\"lazy\" title=\"ANIQUILAMENTO - victor john (clipe oficial)\" width=\"500\" height=\"281\" src=\"https:\/\/www.youtube.com\/embed\/AtWc53DBcWA?feature=oembed\" frameborder=\"0\" allow=\"accelerometer; autoplay; clipboard-write; encrypted-media; gyroscope; picture-in-picture; web-share\" referrerpolicy=\"strict-origin-when-cross-origin\" allowfullscreen><\/iframe><\/div>\n<\/div><\/figure>\n\n\n\n<p>A can\u00e7\u00e3o vem conquistando os ouvintes nas plataformas digitais, que est\u00e3o captando a mensagem do novo trabalho. Com o retorno positivo, Victor conta que est\u00e1 feliz e ansioso para mostrar ao p\u00fablico os pr\u00f3ximos passos da carreira.<\/p>\n\n\n\n<p>Um de seus futuros lan\u00e7amentos ser\u00e1 seu primeiro EP, que chega para encerrar e completar uma fase de apresenta\u00e7\u00e3o do artista.&nbsp;<em><strong>\u201cAcredito que o conjunto da obra revelar\u00e1 minha versatilidade art\u00edstica, tanto na composi\u00e7\u00e3o quanto nos g\u00eaneros musicais, refletindo minha personalidade em cada faixa. Buscamos incorporar diversos elementos que comp\u00f5em o universo de Victor John, tornando-os marcantes para que as pessoas me reconhe\u00e7am atrav\u00e9s deles<\/strong><\/em>\u201c, conta o cantor.<\/p>\n\n\n\n<p>Ele ainda completa: \u201c<em><strong>Quero que as pessoas tenham acesso a todo o longo processo que percorri para entender quem sou, meus traumas e meus objetivos. O in\u00edcio do EP mostra um Victor John inseguro e cheio de d\u00favidas, enquanto o final apresenta algu\u00e9m completamente transformado, sem medo de desapontar ou causar desconforto, pronto para viver intensamente e provocar mudan\u00e7as. O EP documenta todo esse processo de autodescoberta. Sinto que agora, ap\u00f3s mostrar quem sou, estou seguro para explorar novas experi\u00eancias e mostrar o que mais posso fazer<\/strong><\/em>\u201c, finaliza o artista.<\/p>\n\n\n\n<h2 class=\"wp-block-heading\"><strong>Redes Sociais:<\/strong><\/h2>\n\n\n\n<p><strong>YouTube:&nbsp;<\/strong><a href=\"https:\/\/www.youtube.com\/@victorjohnoficial\" target=\"_blank\" rel=\"noreferrer noopener\">Victor John<strong><br><\/strong><\/a><strong>Instagram:&nbsp;<\/strong><a href=\"https:\/\/www.instagram.com\/victorjohhn\/\" target=\"_blank\" rel=\"noreferrer noopener\">@victorjohhn<strong><br><\/strong><\/a><strong>Spotify:&nbsp;<\/strong><a href=\"https:\/\/open.spotify.com\/intl-pt\/artist\/6q8CWi4g6618xRi0Dn57KQ?si=8Kgimb9uQhmlrzAbkqVVfA\" target=\"_blank\" rel=\"noreferrer noopener\">Victor John<\/a>&nbsp;<\/p>\n\n\n\n<figure class=\"wp-block-image\"><img decoding=\"async\" src=\"https:\/\/celebs.com.br\/wp-content\/uploads\/2024\/07\/IMG_7294-1024x683.jpg\" alt=\"\" class=\"wp-image-54803\"\/><\/figure>\n\n\n\n<figure class=\"wp-block-image\"><img decoding=\"async\" src=\"https:\/\/celebs.com.br\/wp-content\/uploads\/2024\/07\/IMG_7622-1024x683.jpg\" alt=\"\" class=\"wp-image-54805\"\/><\/figure>\n\n\n\n<figure class=\"wp-block-image\"><img decoding=\"async\" src=\"https:\/\/celebs.com.br\/wp-content\/uploads\/2024\/07\/DSC01248.jpg\" alt=\"\" class=\"wp-image-54806\"\/><\/figure>\n\n\n\n<p><a href=\"https:\/\/celebs.com.br\/54801\/artista-lgbtq-victor-john-fala-sobre-proximos-passos-apos-lancamento-de-aniquilamento\/#pula-stories\"><\/a><\/p>\n\n\n\n<p><a href=\"https:\/\/celebs.com.br\/54801\/artista-lgbtq-victor-john-fala-sobre-proximos-passos-apos-lancamento-de-aniquilamento\/#pula-stories\"><\/a><\/p>\n<input type=\"hidden\" id=\"baseurl\" value=\"https:\/\/noticiasdestaque.com.br\"><input type=\"hidden\" id=\"audio_nonce\" value=\"6f73a554f1\">","protected":false},"excerpt":{"rendered":"<p>Ou\u00e7a agora o novo single clicando aqui! Recentemente o artista LGBTQIAP+&nbsp;Victor John&nbsp;estreou seu novo single de trabalho \u201cAniquilamento\u201c, j\u00e1 dispon\u00edvel em todas as plataformas digitais e com clipe no YouTube. A can\u00e7\u00e3o que traz diferentes processos da vida, como a culpa, o desejo de se sentir parte de algo e o processo de aceita\u00e7\u00e3o da [&hellip;]<\/p>\n","protected":false},"author":1,"featured_media":15106,"comment_status":"open","ping_status":"open","sticky":false,"template":"","format":"standard","meta":{"fifu_image_url":"","fifu_image_alt":"","footnotes":""},"categories":[52],"tags":[],"class_list":["post-15105","post","type-post","status-publish","format-standard","has-post-thumbnail","hentry","category-entretenimento"],"distributor_meta":false,"distributor_terms":false,"distributor_media":false,"distributor_original_site_name":"Noticias em Destaque","distributor_original_site_url":"https:\/\/noticiasdestaque.com.br","push-errors":false,"_links":{"self":[{"href":"https:\/\/noticiasdestaque.com.br\/index.php\/wp-json\/wp\/v2\/posts\/15105","targetHints":{"allow":["GET"]}}],"collection":[{"href":"https:\/\/noticiasdestaque.com.br\/index.php\/wp-json\/wp\/v2\/posts"}],"about":[{"href":"https:\/\/noticiasdestaque.com.br\/index.php\/wp-json\/wp\/v2\/types\/post"}],"author":[{"embeddable":true,"href":"https:\/\/noticiasdestaque.com.br\/index.php\/wp-json\/wp\/v2\/users\/1"}],"replies":[{"embeddable":true,"href":"https:\/\/noticiasdestaque.com.br\/index.php\/wp-json\/wp\/v2\/comments?post=15105"}],"version-history":[{"count":1,"href":"https:\/\/noticiasdestaque.com.br\/index.php\/wp-json\/wp\/v2\/posts\/15105\/revisions"}],"predecessor-version":[{"id":15107,"href":"https:\/\/noticiasdestaque.com.br\/index.php\/wp-json\/wp\/v2\/posts\/15105\/revisions\/15107"}],"wp:featuredmedia":[{"embeddable":true,"href":"https:\/\/noticiasdestaque.com.br\/index.php\/wp-json\/wp\/v2\/media\/15106"}],"wp:attachment":[{"href":"https:\/\/noticiasdestaque.com.br\/index.php\/wp-json\/wp\/v2\/media?parent=15105"}],"wp:term":[{"taxonomy":"category","embeddable":true,"href":"https:\/\/noticiasdestaque.com.br\/index.php\/wp-json\/wp\/v2\/categories?post=15105"},{"taxonomy":"post_tag","embeddable":true,"href":"https:\/\/noticiasdestaque.com.br\/index.php\/wp-json\/wp\/v2\/tags?post=15105"}],"curies":[{"name":"wp","href":"https:\/\/api.w.org\/{rel}","templated":true}]}}