{"id":15053,"date":"2024-07-31T12:00:00","date_gmt":"2024-07-31T15:00:00","guid":{"rendered":"https:\/\/noticiasdestaque.com.br\/index.php\/2024\/07\/31\/fpm-municipios-do-amapa-receberam-mais-de-r-185-milhoes\/"},"modified":"2024-07-31T12:00:00","modified_gmt":"2024-07-31T15:00:00","slug":"fpm-municipios-do-amapa-receberam-mais-de-r-185-milhoes","status":"publish","type":"post","link":"https:\/\/noticiasdestaque.com.br\/index.php\/2024\/07\/31\/fpm-municipios-do-amapa-receberam-mais-de-r-185-milhoes\/","title":{"rendered":"FPM: Munic\u00edpios do Amap\u00e1 receberam mais de R$ 18,5 milh\u00f5es"},"content":{"rendered":"<p>\t\t\t\t\t\t\t\t\t\t<audio controls class=\"b61_audio_player\" data-noticia=\"73675\" src=\"https:\/\/brasil61.com\/rails\/active_storage\/blobs\/eyJfcmFpbHMiOnsibWVzc2FnZSI6IkJBaHBBejdvQWc9PSIsImV4cCI6bnVsbCwicHVyIjoiYmxvYl9pZCJ9fQ==--9e3850de110f05174c44d0b91d91cf7aefa3e33e\/BRAS2412247B\"><\/audio><\/p>\n<p style=\"text-align: justify\">Os munic\u00edpios do Amap\u00e1 receberam mais de R$ 18,5 milh\u00f5es referentes ao Fundo de Participa\u00e7\u00e3o dos Munic\u00edpios (FPM). Esse valor foi distribu\u00eddo entre as prefeituras do estado e corresponde \u00e0 parcela do terceiro dec\u00eandio do m\u00eas de julho de 2024.<\/p>\n<p style=\"text-align: justify\">A capital Macap\u00e1 recebeu R$ 13.426.579,71. Entre os munic\u00edpios do estado que receberam as maiores quantias tamb\u00e9m est\u00e3o Santana, com R$ 1.008.393,87, Laranjal do Jari, R$ 638.450,54 e Oiapoque, com R$ 426.846,47.<\/p>\n<p style=\"text-align: justify\">Por outro lado, cidades como Cutias, Ferreira Gomes, Itaubal e Serra do Navio receberam os valores menores, de R$ 182.934,19 cada.<\/p>\n<p style=\"text-align: justify\">O recurso total do FPM destinado aos munic\u00edpios brasileiros foi de R$ 4,2 bilh\u00f5es neste dec\u00eandio \u2014 valor 15% maior que no mesmo per\u00edodo de 2023. Com rela\u00e7\u00e3o \u00e0 parcela de junho, houve redu\u00e7\u00e3o de 11%. N\u00fameros que confirmam o que o FPM vem mostrando ao longo de todo o ano, como explica o assessor de or\u00e7amento Cesar Lima.<\/p>\n<p style=\"text-align: justify\">\u201c\u00c9 um bom n\u00famero, confirma a trajet\u00f3ria de que esse ano ser\u00e1 melhor do que o ano passado e traz boas not\u00edcias para os gestores\u201d, explica.<\/p>\n<h2 style=\"text-align: justify\">Veja no mapa os valores repassados ao seu munic\u00edpio:<\/h2>\n<p style=\"text-align: justify\"><a href=\"https:\/\/brasil61.com\/widgets\/mapa\/263\" target=\"_blank\" rel=\"noopener\"><img decoding=\"async\" style=\"width:100%\" alt=\"\" src=\"https:\/\/noticiasdestaque.com.br\/wp-content\/uploads\/2024\/07\/FPMMunicpiosdoAmapreceberammaisdeR185milhes_0419288001722452563.png\" \/><\/a><\/p>\n<h2 style=\"text-align: justify\">FPM\u00a0<\/h2>\n<p style=\"text-align: justify\">Os recursos do FPM fazem parte do dinheiro arrecadado pela Uni\u00e3o, por meio de impostos, e s\u00e3o repassados, a cada dez dias, a todas as prefeituras do pa\u00eds. S\u00e3o feitas transfer\u00eancias de dinheiro aos munic\u00edpios por volta dos dias 10, 20 e 30 de cada m\u00eas. Caso a data caia num s\u00e1bado, domingo ou feriado, o repasse \u00e9 feito no primeiro dia \u00fatil anterior.\u00a0<\/p>\n<p style=\"text-align: justify\">Na composi\u00e7\u00e3o est\u00e3o 22,5% da arrecada\u00e7\u00e3o do Imposto de Renda e do Imposto sobre Produtos Industrializados, o IPI. A import\u00e2ncia dele \u00e9 fundamental para as cidades, explica Lima.\u00a0<\/p>\n<p style=\"text-align: justify\">\u201cO FPM para alguns munic\u00edpios \u2014 principalmente para os menores \u2014 \u00e9 a principal fonte de receita. Hoje, sem FPM, os munic\u00edpios poderiam ficar praticamente sem condi\u00e7\u00f5es de funcionar.\u201d<\/p>\n<p style=\"text-align: justify\">De acordo com a Confedera\u00e7\u00e3o Nacional de Munic\u00edpios (CNM), a distribui\u00e7\u00e3o dos recursos \u00e9 feita de acordo com o n\u00famero de habitantes, conforme a Lei 5172\/66 (C\u00f3digo Tribut\u00e1rio Nacional) e o Decreto-Lei 1881\/81.\u00a0<\/p>\n<p>\t\t\t\t\t\t\t\t\t<img loading=\"lazy\" decoding=\"async\" src=\"https:\/\/brasil61.com\/api\/v1\/serve_pixel\/17677\/73675\" alt=\"Pixel Brasil 61\" class=\"b61_pixel\" width=\"0\" height=\"0\"><\/p>\n<input type=\"hidden\" id=\"baseurl\" value=\"https:\/\/noticiasdestaque.com.br\"><input type=\"hidden\" id=\"audio_nonce\" value=\"6f73a554f1\">","protected":false},"excerpt":{"rendered":"<p>O valor foi distribu\u00eddo entre as prefeituras do estado e corresponde \u00e0 parcela do terceiro dec\u00eandio do m\u00eas de julho de 2024<\/p>\n","protected":false},"author":1,"featured_media":15054,"comment_status":"open","ping_status":"open","sticky":false,"template":"","format":"standard","meta":{"fifu_image_url":"","fifu_image_alt":"","footnotes":""},"categories":[59],"tags":[],"class_list":["post-15053","post","type-post","status-publish","format-standard","has-post-thumbnail","hentry","category-economia"],"distributor_meta":false,"distributor_terms":false,"distributor_media":false,"distributor_original_site_name":"Noticias em Destaque","distributor_original_site_url":"https:\/\/noticiasdestaque.com.br","push-errors":false,"_links":{"self":[{"href":"https:\/\/noticiasdestaque.com.br\/index.php\/wp-json\/wp\/v2\/posts\/15053","targetHints":{"allow":["GET"]}}],"collection":[{"href":"https:\/\/noticiasdestaque.com.br\/index.php\/wp-json\/wp\/v2\/posts"}],"about":[{"href":"https:\/\/noticiasdestaque.com.br\/index.php\/wp-json\/wp\/v2\/types\/post"}],"author":[{"embeddable":true,"href":"https:\/\/noticiasdestaque.com.br\/index.php\/wp-json\/wp\/v2\/users\/1"}],"replies":[{"embeddable":true,"href":"https:\/\/noticiasdestaque.com.br\/index.php\/wp-json\/wp\/v2\/comments?post=15053"}],"version-history":[{"count":0,"href":"https:\/\/noticiasdestaque.com.br\/index.php\/wp-json\/wp\/v2\/posts\/15053\/revisions"}],"wp:featuredmedia":[{"embeddable":true,"href":"https:\/\/noticiasdestaque.com.br\/index.php\/wp-json\/wp\/v2\/media\/15054"}],"wp:attachment":[{"href":"https:\/\/noticiasdestaque.com.br\/index.php\/wp-json\/wp\/v2\/media?parent=15053"}],"wp:term":[{"taxonomy":"category","embeddable":true,"href":"https:\/\/noticiasdestaque.com.br\/index.php\/wp-json\/wp\/v2\/categories?post=15053"},{"taxonomy":"post_tag","embeddable":true,"href":"https:\/\/noticiasdestaque.com.br\/index.php\/wp-json\/wp\/v2\/tags?post=15053"}],"curies":[{"name":"wp","href":"https:\/\/api.w.org\/{rel}","templated":true}]}}