{"id":15046,"date":"2024-07-31T16:29:00","date_gmt":"2024-07-31T16:29:00","guid":{"rendered":"https:\/\/noticiasdestaque.com.br\/index.php\/2024\/07\/31\/g-encontro-no-rio-define-prioridades-para-enfrentar-desastres\/"},"modified":"2024-07-31T16:29:00","modified_gmt":"2024-07-31T16:29:00","slug":"g-encontro-no-rio-define-prioridades-para-enfrentar-desastres","status":"publish","type":"post","link":"https:\/\/noticiasdestaque.com.br\/index.php\/2024\/07\/31\/g-encontro-no-rio-define-prioridades-para-enfrentar-desastres\/","title":{"rendered":"G20: encontro no Rio define prioridades para enfrentar desastres"},"content":{"rendered":"<style> bloco.meta {font-style: italic; color: #666;font-weight: 600;font-size: .8em; \/* line-height: .3em; *\/}  text h2 { font-weight: 700 !important;  color: #062f46 !important;} text img { width: none; left: none;}<\/style>\n<\/p>\n<p>O grupo de trabalho (GT) de Redu\u00e7\u00e3o do Risco de Desastres do G20 concluiu, nessa ter\u00e7a-feira (30), uma rodada de discuss\u00f5es sobre as prioridades que dever\u00e3o ser dadas pelas na\u00e7\u00f5es que integram o grupo, no enfrentamento aos eventos clim\u00e1ticos globais. O encontro, iniciado sexta-feira (26), foi realizado no Rio de Janeiro, que sediar\u00e1 a c\u00fapula de chefes de governo das na\u00e7\u00f5es que integram o G20, em novembro deste ano.<aimg src=\"https:\/\/aagenciabrasil.ebc.com.br\/ebc.apng?id=1606061 o=node\" style=\"width:1px; height:1px; display:inline;\"><\/aimg><aimg src=\"https:\/\/aagenciabrasil.ebc.com.br\/ebc.agif?id=1606061 o=node\" style=\"width:1px; height:1px; display:inline;\"><\/aimg><\/p>\n<p>Segundo o Minist\u00e9rio da Integra\u00e7\u00e3o e Desenvolvimento Regional, que representa o Brasil no GT, entre as prioridades de a\u00e7\u00f5es est\u00e3o combater as desigualdades e reduzir as vulnerabilidades, a cobertura global de um sistema de alerta precoce para desastres e a cria\u00e7\u00e3o de infraestruturas que sejam resilientes a cat\u00e1strofes e a altera\u00e7\u00f5es clim\u00e1ticas.<\/p>\n<p>O GT tamb\u00e9m destacou a necessidade de estrat\u00e9gias de financiamentos para reduzir os riscos de desastres, a ado\u00e7\u00e3o de solu\u00e7\u00f5es baseadas na natureza e a recupera\u00e7\u00e3o, reabilita\u00e7\u00e3o e reconstru\u00e7\u00e3o em casos de desastres.<\/p>\n<h2>Prioridades<\/h2>\n<p>Al\u00e9m de apresentar as prioridades, o grupo de trabalho est\u00e1 desenvolvendo produtos que possam colocar em pr\u00e1tica iniciativas discutidas no evento realizado ao longo dos \u00faltimos dias, no Rio. O GT encaminhar\u00e1 um relat\u00f3rio para a c\u00fapula G20, em novembro.<\/p>\n<p>Na sess\u00e3o dessa ter\u00e7a-feira, o secret\u00e1rio nacional de Prote\u00e7\u00e3o e Defesa Civil, Wolnei Wolff, destacou a necessidade de financiamento de recursos p\u00fablicos e privados e a contribui\u00e7\u00e3o de outros agentes financeiros na gest\u00e3o de eventos clim\u00e1ticos mundiais.<\/p>\n<p>\u201cSem recursos suficientes, as comunidades mais vulner\u00e1veis permanecem expostas e desprotegidas. O financiamento tamb\u00e9m desempenha um papel vital na capacita\u00e7\u00e3o e treinamento de equipes de resposta a emerg\u00eancias, assim como na educa\u00e7\u00e3o e conscientiza\u00e7\u00e3o da popula\u00e7\u00e3o sobre o risco de desastres\u201d, afirmou o secret\u00e1rio, segundo nota divulgada pelo Minist\u00e9rio da Integra\u00e7\u00e3o e Desenvolvimento Regional.<\/p>\n<p class=\"alt-font font-italic my-2 small text-info\">\n                                                Edi\u00e7\u00e3o:   Kleber Sampaio                    <\/p>\n<p>            <!-- blog End --><\/p>\n<p>            <!-- tag and share --><\/p>\n<p> Fonte: EBC <\/p>\n<input type=\"hidden\" id=\"baseurl\" value=\"https:\/\/noticiasdestaque.com.br\"><input type=\"hidden\" id=\"audio_nonce\" value=\"6f73a554f1\">","protected":false},"excerpt":{"rendered":"<p> A\u00e7\u00f5es incluem alerta global precoce para cat\u00e1strofes<\/p>\n","protected":false},"author":1,"featured_media":15048,"comment_status":"open","ping_status":"open","sticky":false,"template":"","format":"standard","meta":{"fifu_image_url":"","fifu_image_alt":"","footnotes":""},"categories":[1],"tags":[106],"class_list":["post-15046","post","type-post","status-publish","format-standard","has-post-thumbnail","hentry","category-uncategorized","tag-brunna-pareja"],"distributor_meta":false,"distributor_terms":false,"distributor_media":false,"distributor_original_site_name":"Noticias em Destaque","distributor_original_site_url":"https:\/\/noticiasdestaque.com.br","push-errors":false,"_links":{"self":[{"href":"https:\/\/noticiasdestaque.com.br\/index.php\/wp-json\/wp\/v2\/posts\/15046","targetHints":{"allow":["GET"]}}],"collection":[{"href":"https:\/\/noticiasdestaque.com.br\/index.php\/wp-json\/wp\/v2\/posts"}],"about":[{"href":"https:\/\/noticiasdestaque.com.br\/index.php\/wp-json\/wp\/v2\/types\/post"}],"author":[{"embeddable":true,"href":"https:\/\/noticiasdestaque.com.br\/index.php\/wp-json\/wp\/v2\/users\/1"}],"replies":[{"embeddable":true,"href":"https:\/\/noticiasdestaque.com.br\/index.php\/wp-json\/wp\/v2\/comments?post=15046"}],"version-history":[{"count":1,"href":"https:\/\/noticiasdestaque.com.br\/index.php\/wp-json\/wp\/v2\/posts\/15046\/revisions"}],"predecessor-version":[{"id":15047,"href":"https:\/\/noticiasdestaque.com.br\/index.php\/wp-json\/wp\/v2\/posts\/15046\/revisions\/15047"}],"wp:featuredmedia":[{"embeddable":true,"href":"https:\/\/noticiasdestaque.com.br\/index.php\/wp-json\/wp\/v2\/media\/15048"}],"wp:attachment":[{"href":"https:\/\/noticiasdestaque.com.br\/index.php\/wp-json\/wp\/v2\/media?parent=15046"}],"wp:term":[{"taxonomy":"category","embeddable":true,"href":"https:\/\/noticiasdestaque.com.br\/index.php\/wp-json\/wp\/v2\/categories?post=15046"},{"taxonomy":"post_tag","embeddable":true,"href":"https:\/\/noticiasdestaque.com.br\/index.php\/wp-json\/wp\/v2\/tags?post=15046"}],"curies":[{"name":"wp","href":"https:\/\/api.w.org\/{rel}","templated":true}]}}