{"id":15044,"date":"2024-07-31T14:29:00","date_gmt":"2024-07-31T14:29:00","guid":{"rendered":"https:\/\/noticiasdestaque.com.br\/index.php\/2024\/07\/31\/familia-de-gabriel-sales-pimenta-recebe-desculpas-do-estado-brasileiro\/"},"modified":"2024-07-31T14:29:00","modified_gmt":"2024-07-31T14:29:00","slug":"familia-de-gabriel-sales-pimenta-recebe-desculpas-do-estado-brasileiro","status":"publish","type":"post","link":"https:\/\/noticiasdestaque.com.br\/index.php\/2024\/07\/31\/familia-de-gabriel-sales-pimenta-recebe-desculpas-do-estado-brasileiro\/","title":{"rendered":"Fam\u00edlia de Gabriel Sales Pimenta recebe desculpas do Estado brasileiro"},"content":{"rendered":"<style> bloco.meta {font-style: italic; color: #666;font-weight: 600;font-size: .8em; \/* line-height: .3em; *\/}  text h2 { font-weight: 700 !important;  color: #062f46 !important;} text img { width: none; left: none;}<\/style>\n<\/p>\n<p>O Estado brasileiro, por meio do Minist\u00e9rio dos Direitos Humanos e da Cidadania (MDHC), fez um pedido oficial de desculpas \u00e0 fam\u00edlia de Gabriel Sales Pimenta, defensor dos direitos humanos e advogado de trabalhadores rurais, assassinado h\u00e1 42 anos em Marab\u00e1, no Par\u00e1. Na \u00e9poca, Gabriel tinha 27 anos de idade.<aimg src=\"https:\/\/aagenciabrasil.ebc.com.br\/ebc.apng?id=1606055 o=node\" style=\"width:1px; height:1px; display:inline;\"><\/aimg><aimg src=\"https:\/\/aagenciabrasil.ebc.com.br\/ebc.agif?id=1606055 o=node\" style=\"width:1px; height:1px; display:inline;\"><\/aimg><\/p>\n<p>Em junho de 2022, o Brasil foi condenado pela Corte Interamericana de Direitos Humanos (Corte IDH) pela impunidade dos assassinos e pelo descumprimento de investigar crimes contra defensores de direitos humanos. A condena\u00e7\u00e3o foi acompanhada de uma s\u00e9rie de exig\u00eancias ao governo brasileiro. Depois do crime, o processo penal se arrastou por d\u00e9cadas, sem que ningu\u00e9m tenha sido condenado ou preso.<\/p>\n<p>Na cerim\u00f4nia realizada nessa quarta-feira (30) no Teatro Paschoal Carlos Magno, em Juiz de Fora, Minas Gerais, o ministro Silvio Almeida reconheceu a responsabilidade do Estado e reconheceu a luta dos familiares de Gabriel para que o caso tivesse uma senten\u00e7a no \u00e2mbito internacional.<\/p>\n<p>\u201cPe\u00e7o as mais sinceras desculpas do Estado \u00e0s v\u00edtimas aqui presentes\u201d, disse o ministro. \u201cQue por meio desse ato formal, a fam\u00edlia encontre pelo menos em parte conforto em saber que o Estado brasileiro reconhece que Gabriel Sales Pimenta foi um corajoso defensor dos direitos humanos e que a sua luta ao lado dos trabalhadores rurais desse pa\u00eds \u00e9 tamb\u00e9m a luta de todos n\u00f3s brasileiros. Reconhecemos o trabalho de defensores dos direitos humanos em todo o Brasil e condenamos qualquer tipo de atentados e crimes\u201d.<\/p>\n<p>O ministro destacou que o caso de Gabriel n\u00e3o \u00e9 isolado na hist\u00f3ria do pa\u00eds, uma vez que passados mais de 40 anos do assassinato, amea\u00e7as e mortes de defensores e trabalhadores continuam sendo uma realidade. E que, por isso, \u00e9 preciso continuar implantando uma pol\u00edtica de mem\u00f3ria e repara\u00e7\u00e3o.<\/p>\n<p>\u201c\u00c9 um momento que nos evoca, ao mesmo tempo, um sentimento de profunda tristeza por mais uma vida que foi ceifada diante das grandes injusti\u00e7as que s\u00e3o caracter\u00edsticas da sociedade brasileira. Mas hoje tamb\u00e9m, de maneira contradit\u00f3ria, \u00e9 o momento de celebrar. Por que \u00e9 um desses raros momentos em que o Brasil se encontra consigo mesmo. Diante de tanta trag\u00e9dia e tanta tristeza, consegue reunir for\u00e7as para que pol\u00edticas de mem\u00f3ria, verdade e justi\u00e7a, e os gritos dados pela n\u00e3o repeti\u00e7\u00e3o possam se firmar como parte fundamental da constru\u00e7\u00e3o de qualquer projeto de pa\u00eds que viemos a ter\u201d, disse o ministro Silvio Almeida.<\/p>\n<p>Presidente do Instituto Gabriel Pimenta de Direitos Humanos e irm\u00e3o da v\u00edtima, o advogado Rafael Sales Pimenta considerou um passo importante o pedido p\u00fablico de desculpas do Estado, mas destacou a situa\u00e7\u00e3o de viol\u00eancia no pa\u00eds que ainda se prolonga:<\/p>\n<blockquote>\n<p>\u201cSabemos que o Gabriel sofreu uma viol\u00eancia e uma impunidade que continuam hoje em outras pessoas. E o que mudou? S\u00f3 na compreens\u00e3o pol\u00edtica que vemos aqui; na atitude concreta do governo federal em vir se desculpar com a sociedade em Juiz de Fora. Mas a viol\u00eancia do latif\u00fandio continua a mesma. As comiss\u00f5es de direitos humanos est\u00e3o sofrendo press\u00e3o o tempo inteiro.\u201d<\/p>\n<\/blockquote>\n<p>Rafael Pimenta pediu a uni\u00e3o dos movimentos sociais no pa\u00eds contra os violadores de direitos humanos e cobrou das autoridades medidas que impe\u00e7am a repeti\u00e7\u00e3o de assassinatos como o do irm\u00e3o Gabriel.<\/p>\n<p>\u201cPrecisamos de uma pol\u00edtica real de defensores dos direitos humanos. Advogados, lideran\u00e7as, quilombolas, ind\u00edgenas, gente do povo, est\u00e3o sendo amea\u00e7adas ou mortas pela viol\u00eancia do latif\u00fandio ou das mil\u00edcias em todos os cantos do Brasil. Devemos buscar por meio do comando da senten\u00e7a da Corte as causas dessa viol\u00eancia e elaborar linhas de a\u00e7\u00e3o para super\u00e1-las\u201d, disse Rafael.<\/p>\n<p>Al\u00e9m do ministro e familiares de Gabriel, participaram do evento o assessor especial de Defesa da Democracia, Mem\u00f3ria e Verdade do MDHC, Nilm\u00e1rio Miranda; o procurador-geral da Uni\u00e3o, Marcelo Eug\u00eanio Feitosa Almeida; e o secret\u00e1rio de Igualdade Racial de Direitos Humanos do Par\u00e1, Jarbas do Carmo.<\/p>\n<p>O MDHC informou que implementa outras a\u00e7\u00f5es relativas \u00e0 senten\u00e7a da Corte IDH, como o pagamento de indeniza\u00e7\u00f5es, a institui\u00e7\u00e3o do Grupo de Trabalho T\u00e9cnico (GTT) Sales Pimenta, no \u00e2mbito da pasta, e a cria\u00e7\u00e3o do Grupo de Trabalho Sales Pimenta, no \u00e2mbito do Conselho Nacional de Justi\u00e7a (CNJ).<\/p>\n<p>O objetivo anunciado \u00e9 o identificar fatores causadores da impunidade, propor medidas de repara\u00e7\u00e3o, tratamento psicol\u00f3gico aos familiares da v\u00edtima, implementa\u00e7\u00e3o de medidas de satisfa\u00e7\u00e3o, garantias de n\u00e3o repeti\u00e7\u00e3o e indeniza\u00e7\u00f5es compensat\u00f3rias para a fam\u00edlia.<\/p>\n<p class=\"alt-font font-italic my-2 small text-info\">\n                                                Edi\u00e7\u00e3o:   Denise Griesinger                    <\/p>\n<p>            <!-- blog End --><\/p>\n<p>            <!-- tag and share --><\/p>\n<p> Fonte: EBC <\/p>\n<input type=\"hidden\" id=\"baseurl\" value=\"https:\/\/noticiasdestaque.com.br\"><input type=\"hidden\" id=\"audio_nonce\" value=\"6f73a554f1\">","protected":false},"excerpt":{"rendered":"<p>Defensor de direitos humanos foi assassinado h\u00e1 42 anos<\/p>\n","protected":false},"author":1,"featured_media":0,"comment_status":"open","ping_status":"open","sticky":false,"template":"","format":"standard","meta":{"fifu_image_url":"","fifu_image_alt":"","footnotes":""},"categories":[1],"tags":[106],"class_list":["post-15044","post","type-post","status-publish","format-standard","hentry","category-uncategorized","tag-brunna-pareja"],"distributor_meta":false,"distributor_terms":false,"distributor_media":false,"distributor_original_site_name":"Noticias em Destaque","distributor_original_site_url":"https:\/\/noticiasdestaque.com.br","push-errors":false,"_links":{"self":[{"href":"https:\/\/noticiasdestaque.com.br\/index.php\/wp-json\/wp\/v2\/posts\/15044","targetHints":{"allow":["GET"]}}],"collection":[{"href":"https:\/\/noticiasdestaque.com.br\/index.php\/wp-json\/wp\/v2\/posts"}],"about":[{"href":"https:\/\/noticiasdestaque.com.br\/index.php\/wp-json\/wp\/v2\/types\/post"}],"author":[{"embeddable":true,"href":"https:\/\/noticiasdestaque.com.br\/index.php\/wp-json\/wp\/v2\/users\/1"}],"replies":[{"embeddable":true,"href":"https:\/\/noticiasdestaque.com.br\/index.php\/wp-json\/wp\/v2\/comments?post=15044"}],"version-history":[{"count":1,"href":"https:\/\/noticiasdestaque.com.br\/index.php\/wp-json\/wp\/v2\/posts\/15044\/revisions"}],"predecessor-version":[{"id":15045,"href":"https:\/\/noticiasdestaque.com.br\/index.php\/wp-json\/wp\/v2\/posts\/15044\/revisions\/15045"}],"wp:attachment":[{"href":"https:\/\/noticiasdestaque.com.br\/index.php\/wp-json\/wp\/v2\/media?parent=15044"}],"wp:term":[{"taxonomy":"category","embeddable":true,"href":"https:\/\/noticiasdestaque.com.br\/index.php\/wp-json\/wp\/v2\/categories?post=15044"},{"taxonomy":"post_tag","embeddable":true,"href":"https:\/\/noticiasdestaque.com.br\/index.php\/wp-json\/wp\/v2\/tags?post=15044"}],"curies":[{"name":"wp","href":"https:\/\/api.w.org\/{rel}","templated":true}]}}