{"id":15041,"date":"2024-07-31T09:29:00","date_gmt":"2024-07-31T09:29:00","guid":{"rendered":"https:\/\/noticiasdestaque.com.br\/index.php\/2024\/07\/31\/lula-diz-que-ira-reconhecer-resultado-da-eleicao-na-venezuela\/"},"modified":"2024-07-31T09:29:00","modified_gmt":"2024-07-31T09:29:00","slug":"lula-diz-que-ira-reconhecer-resultado-da-eleicao-na-venezuela","status":"publish","type":"post","link":"https:\/\/noticiasdestaque.com.br\/index.php\/2024\/07\/31\/lula-diz-que-ira-reconhecer-resultado-da-eleicao-na-venezuela\/","title":{"rendered":"Lula diz que ir\u00e1 reconhecer resultado da elei\u00e7\u00e3o na Venezuela"},"content":{"rendered":"<style> bloco.meta {font-style: italic; color: #666;font-weight: 600;font-size: .8em; \/* line-height: .3em; *\/}  text h2 { font-weight: 700 !important;  color: #062f46 !important;} text img { width: none; left: none;}<\/style>\n<\/p>\n<p>O presidente Luiz In\u00e1cio Lula da Silva disse nesta ter\u00e7a-feira (30) que ir\u00e1 reconhecer o resultado da elei\u00e7\u00e3o na Venezuela, realizada no \u00faltimo domingo (28). \u201cL\u00f3gico que eu vou reconhecer, a hora que for consagrada a vit\u00f3ria\u201d, disse o presidente, em entrevista \u00e0 <em>TV Centro Am\u00e9rica<\/em>.<aimg src=\"https:\/\/aagenciabrasil.ebc.com.br\/ebc.apng?id=1606032 o=node\" style=\"width:1px; height:1px; display:inline;\"><\/aimg><aimg src=\"https:\/\/aagenciabrasil.ebc.com.br\/ebc.agif?id=1606032 o=node\" style=\"width:1px; height:1px; display:inline;\"><\/aimg><\/p>\n<p>Segundo ele, \u00e9 preciso que as autoridades da Venezuela apresentem as atas das elei\u00e7\u00f5es para resolver o impasse entre oposi\u00e7\u00e3o e situa\u00e7\u00e3o no pa\u00eds. \u201c\u00c9 normal que tenha uma briga. Como \u00e9 que vai resolver essa briga? Apresenta a ata. Se a ata tiver d\u00favida entre a oposi\u00e7\u00e3o e a situa\u00e7\u00e3o, a oposi\u00e7\u00e3o entra com recurso e vai esperar a Justi\u00e7a tomar o processo. E a\u00ed vai ter uma decis\u00e3o que a gente tem que acatar\u201d.<\/p>\n<p>Segundo Lula, o processo no pa\u00eds vizinho \u00e9 considerado normal. \u201cEu estou convencido de que \u00e9 um processo normal, tranquilo. O que precisa \u00e9 que as pessoas que n\u00e3o concordem tenham o direito de se expressar, tenham o direito de provar que n\u00e3o concordam. E o governo tem direito de provar que est\u00e1 certo\u201d, afirmou o presidente.<\/p>\n<p>O Conselho Nacional Eleitoral (CNE) da Venezuela ainda n\u00e3o divulgou as atas para comprovar o resultado anunciado nas elei\u00e7\u00f5es, que deu vit\u00f3ria a <a href=\"https:\/\/agenciabrasil.ebc.com.br\/internacional\/noticia\/2024-07\/maduro-e-proclamado-presidente-da-venezuela-e-acusa-golpe-de-estado\" target=\"_blank\">Maduro<\/a> com 51,21% dos votos, contra 44% para Edmundo Gonz\u00e1lez, segundo o CNE.<\/p>\n<p>Parte da oposi\u00e7\u00e3o, alguns pa\u00edses e organismos como a Organiza\u00e7\u00e3o dos Estados Americanos (OEA) questionam a lisura do pleito e pedem a publica\u00e7\u00e3o das atas que permitem que os votos sejam auditados. O governo de <a href=\"https:\/\/agenciabrasil.ebc.com.br\/internacional\/noticia\/2024-07\/cresce-pressao-para-cne-divulgar-atas-da-eleicao-da-venezuela\" target=\"_blank\">Nicol\u00e1s Maduro<\/a> acusa parte da oposi\u00e7\u00e3o e pa\u00edses de incitarem um suposto golpe de Estado no pa\u00eds contra o resultado eleitoral. <\/p>\n<h2>Biden<\/h2>\n<p>Na tarde de hoje, Lula conversou por telefone com o presidente dos Estados Unidos, Joe Biden, sobre a situa\u00e7\u00e3o na Venezuela ap\u00f3s as elei\u00e7\u00f5es presidenciais do \u00faltimo domingo (29). Os dois presidentes reiteraram a necessidade da publica\u00e7\u00e3o das atas eleitorais do pleito.<\/p>\n<p>Em nota, a Casa Branca disse que Biden agradeceu ao presidente Lula por sua lideran\u00e7a na regi\u00e3o diante do cen\u00e1rio na Venezuela e que os dois l\u00edderes concordaram com a  necessidade de divulga\u00e7\u00e3o imediata de dados eleitorais completos, transparentes e detalhados ao n\u00edvel das assembleias de voto pelas autoridades eleitorais venezuelanas.<\/p>\n<p>\u201cOs dois l\u00edderes partilharam a perspectiva de que o resultado das elei\u00e7\u00f5es venezuelanas representa um momento cr\u00edtico para a democracia no hemisf\u00e9rio e comprometeram-se a permanecer em estreita coordena\u00e7\u00e3o sobre a quest\u00e3o\u201d.<\/p>\n<p class=\"alt-font font-italic my-2 small text-info\">\n                                                Edi\u00e7\u00e3o:   Val\u00e9ria Aguiar                    <\/p>\n<p>            <!-- blog End --><\/p>\n<p>            <!-- tag and share --><\/p>\n<p> Fonte: EBC <\/p>\n<input type=\"hidden\" id=\"baseurl\" value=\"https:\/\/noticiasdestaque.com.br\"><input type=\"hidden\" id=\"audio_nonce\" value=\"6f73a554f1\">","protected":false},"excerpt":{"rendered":"<p>\u00c9 preciso que as autoridades apresentem as atas<\/p>\n","protected":false},"author":1,"featured_media":15043,"comment_status":"open","ping_status":"open","sticky":false,"template":"","format":"standard","meta":{"fifu_image_url":"","fifu_image_alt":"","footnotes":""},"categories":[1],"tags":[],"class_list":["post-15041","post","type-post","status-publish","format-standard","has-post-thumbnail","hentry","category-uncategorized"],"distributor_meta":false,"distributor_terms":false,"distributor_media":false,"distributor_original_site_name":"Noticias em Destaque","distributor_original_site_url":"https:\/\/noticiasdestaque.com.br","push-errors":false,"_links":{"self":[{"href":"https:\/\/noticiasdestaque.com.br\/index.php\/wp-json\/wp\/v2\/posts\/15041","targetHints":{"allow":["GET"]}}],"collection":[{"href":"https:\/\/noticiasdestaque.com.br\/index.php\/wp-json\/wp\/v2\/posts"}],"about":[{"href":"https:\/\/noticiasdestaque.com.br\/index.php\/wp-json\/wp\/v2\/types\/post"}],"author":[{"embeddable":true,"href":"https:\/\/noticiasdestaque.com.br\/index.php\/wp-json\/wp\/v2\/users\/1"}],"replies":[{"embeddable":true,"href":"https:\/\/noticiasdestaque.com.br\/index.php\/wp-json\/wp\/v2\/comments?post=15041"}],"version-history":[{"count":1,"href":"https:\/\/noticiasdestaque.com.br\/index.php\/wp-json\/wp\/v2\/posts\/15041\/revisions"}],"predecessor-version":[{"id":15042,"href":"https:\/\/noticiasdestaque.com.br\/index.php\/wp-json\/wp\/v2\/posts\/15041\/revisions\/15042"}],"wp:featuredmedia":[{"embeddable":true,"href":"https:\/\/noticiasdestaque.com.br\/index.php\/wp-json\/wp\/v2\/media\/15043"}],"wp:attachment":[{"href":"https:\/\/noticiasdestaque.com.br\/index.php\/wp-json\/wp\/v2\/media?parent=15041"}],"wp:term":[{"taxonomy":"category","embeddable":true,"href":"https:\/\/noticiasdestaque.com.br\/index.php\/wp-json\/wp\/v2\/categories?post=15041"},{"taxonomy":"post_tag","embeddable":true,"href":"https:\/\/noticiasdestaque.com.br\/index.php\/wp-json\/wp\/v2\/tags?post=15041"}],"curies":[{"name":"wp","href":"https:\/\/api.w.org\/{rel}","templated":true}]}}