{"id":15037,"date":"2024-07-29T03:09:00","date_gmt":"2024-07-29T06:09:00","guid":{"rendered":"https:\/\/noticiasdestaque.com.br\/index.php\/2024\/07\/29\/dolar-subiu-128-na-ultima-semana\/"},"modified":"2024-07-29T03:09:00","modified_gmt":"2024-07-29T06:09:00","slug":"dolar-subiu-128-na-ultima-semana","status":"publish","type":"post","link":"https:\/\/noticiasdestaque.com.br\/index.php\/2024\/07\/29\/dolar-subiu-128-na-ultima-semana\/","title":{"rendered":"D\u00f3lar subiu 1,28% na \u00faltima semana"},"content":{"rendered":"<p>\t\t\t\t\t\t\t\t\t\t<audio controls class=\"b61_audio_player\" data-noticia=\"73636\" src=\"https:\/\/brasil61.com\/rails\/active_storage\/blobs\/eyJfcmFpbHMiOnsibWVzc2FnZSI6IkJBaHBBOWpuQWc9PSIsImV4cCI6bnVsbCwicHVyIjoiYmxvYl9pZCJ9fQ==--9692d13e463ddeeaa405af3ee840fdae0ac6e401\/BRAS2412241B\"><\/audio><\/p>\n<p>Na \u00faltima semana, o pre\u00e7o do d\u00f3lar subiu novamente no Brasil e a moeda irrompeu a barreira de R$ 5,60, a R$ 5,64, de acordo com a cota\u00e7\u00e3o comercial. Na semana, a eleva\u00e7\u00e3o de pre\u00e7os foi de 1,28% e, para a categoria de turismo, os valores da moeda s\u00e3o ainda superiores. O euro tamb\u00e9m subiu, cerca de 1,00%, e est\u00e1 cotado a R$ 6,13. As cota\u00e7\u00f5es s\u00e3o da companhia <a href=\"https:\/\/www.google.com\/intl\/en-BR\/googlefinance\/disclaimer\/\">Morningstar<\/a>.\u00a0<\/p>\n<p>A din\u00e2mica foi influenciada principalmente pelo setor internacional. A queda dos pre\u00e7os do petr\u00f3leo e do min\u00e9rio de ferro contribuiu para a alta observada, j\u00e1 que o Brasil \u00e9 exportador dessas commodities. Al\u00e9m disso, a moeda do Jap\u00e3o, o iene, foi uma das mais valorizadas no dia, revelando maior atratividade para investimento no pa\u00eds, em detrimento dos emergentes. H\u00e1 uma suspeita de interven\u00e7\u00e3o, por parte do Banco Central japon\u00eas, para a valoriza\u00e7\u00e3o da sua moeda.\u00a0<\/p>\n<p>Por\u00e9m, ainda no exterior, o principal \u00edndice da infla\u00e7\u00e3o dos Estados Unidos subiu 0,2% em junho. O \u00edndice de pre\u00e7os de gastos com consumo (em ingl\u00eas, PCE) \u00e9 a principal medida da infla\u00e7\u00e3o pelo Banco Central americano, e veio alinhado com as expectativas. Ou seja, \u00e9 poss\u00edvel que haja corte de juros naquele pa\u00eds, o que favorece a economia brasileira.\u00a0<\/p>\n<p>J\u00e1 no Brasil, na sexta-feira (26), durante o an\u00fancio do <a href=\"https:\/\/www.gov.br\/casacivil\/pt-br\/novopac\/selecoes\">Novo Pac Sele\u00e7\u00f5es<\/a>, por parte do Governo Federal, o Presidente da Rep\u00fablica criticou novamente o economista Roberto Campos Neto, que est\u00e1 \u00e0 frente da atual gest\u00e3o do Banco Central. Para Lula, \u00e9 ruim que n\u00e3o haja crescimento do sal\u00e1rio m\u00ednimo e que um impacto inflacion\u00e1rio seria necess\u00e1rio neste caso. As opini\u00f5es divergem de Campos Neto e o mercado recebe com preocupa\u00e7\u00e3o falas como essa.\u00a0<\/p>\n<p>\t\t\t\t\t\t\t\t\t<img loading=\"lazy\" decoding=\"async\" src=\"https:\/\/brasil61.com\/api\/v1\/serve_pixel\/17677\/73636\" alt=\"Pixel Brasil 61\" class=\"b61_pixel\" width=\"0\" height=\"0\"><\/p>\n<input type=\"hidden\" id=\"baseurl\" value=\"https:\/\/noticiasdestaque.com.br\"><input type=\"hidden\" id=\"audio_nonce\" value=\"6f73a554f1\">","protected":false},"excerpt":{"rendered":"<p>O d\u00f3lar inicia a segunda-feira (29) cotado a R$ 5,64<\/p>\n","protected":false},"author":1,"featured_media":15038,"comment_status":"open","ping_status":"open","sticky":false,"template":"","format":"standard","meta":{"fifu_image_url":"","fifu_image_alt":"","footnotes":""},"categories":[59],"tags":[],"class_list":["post-15037","post","type-post","status-publish","format-standard","has-post-thumbnail","hentry","category-economia"],"distributor_meta":false,"distributor_terms":false,"distributor_media":false,"distributor_original_site_name":"Noticias em Destaque","distributor_original_site_url":"https:\/\/noticiasdestaque.com.br","push-errors":false,"_links":{"self":[{"href":"https:\/\/noticiasdestaque.com.br\/index.php\/wp-json\/wp\/v2\/posts\/15037","targetHints":{"allow":["GET"]}}],"collection":[{"href":"https:\/\/noticiasdestaque.com.br\/index.php\/wp-json\/wp\/v2\/posts"}],"about":[{"href":"https:\/\/noticiasdestaque.com.br\/index.php\/wp-json\/wp\/v2\/types\/post"}],"author":[{"embeddable":true,"href":"https:\/\/noticiasdestaque.com.br\/index.php\/wp-json\/wp\/v2\/users\/1"}],"replies":[{"embeddable":true,"href":"https:\/\/noticiasdestaque.com.br\/index.php\/wp-json\/wp\/v2\/comments?post=15037"}],"version-history":[{"count":0,"href":"https:\/\/noticiasdestaque.com.br\/index.php\/wp-json\/wp\/v2\/posts\/15037\/revisions"}],"wp:featuredmedia":[{"embeddable":true,"href":"https:\/\/noticiasdestaque.com.br\/index.php\/wp-json\/wp\/v2\/media\/15038"}],"wp:attachment":[{"href":"https:\/\/noticiasdestaque.com.br\/index.php\/wp-json\/wp\/v2\/media?parent=15037"}],"wp:term":[{"taxonomy":"category","embeddable":true,"href":"https:\/\/noticiasdestaque.com.br\/index.php\/wp-json\/wp\/v2\/categories?post=15037"},{"taxonomy":"post_tag","embeddable":true,"href":"https:\/\/noticiasdestaque.com.br\/index.php\/wp-json\/wp\/v2\/tags?post=15037"}],"curies":[{"name":"wp","href":"https:\/\/api.w.org\/{rel}","templated":true}]}}