{"id":15029,"date":"2024-07-29T00:03:00","date_gmt":"2024-07-29T03:03:00","guid":{"rendered":"https:\/\/noticiasdestaque.com.br\/index.php\/2024\/07\/29\/comercio-levou-tres-anos-para-recuperar-nivel-de-emprego-anterior-a-pandemia\/"},"modified":"2024-07-29T00:03:00","modified_gmt":"2024-07-29T03:03:00","slug":"comercio-levou-tres-anos-para-recuperar-nivel-de-emprego-anterior-a-pandemia","status":"publish","type":"post","link":"https:\/\/noticiasdestaque.com.br\/index.php\/2024\/07\/29\/comercio-levou-tres-anos-para-recuperar-nivel-de-emprego-anterior-a-pandemia\/","title":{"rendered":"Com\u00e9rcio levou tr\u00eas anos para recuperar n\u00edvel de emprego anterior \u00e0 pandemia"},"content":{"rendered":"<p>\t\t\t\t\t\t\t\t\t\t<audio controls class=\"b61_audio_player\" data-noticia=\"73614\" src=\"https:\/\/brasil61.com\/rails\/active_storage\/blobs\/eyJfcmFpbHMiOnsibWVzc2FnZSI6IkJBaHBBN1huQWc9PSIsImV4cCI6bnVsbCwicHVyIjoiYmxvYl9pZCJ9fQ==--d288b24edd5db6ca9144a6dd624ba8c688774fd9\/BRAS2412234A\"><\/audio><\/p>\n<p>O setor de com\u00e9rcio no Brasil demorou tr\u00eas anos para retomar o n\u00edvel de emprego anterior \u00e0 pandemia de covid-19. De acordo com a Pesquisa Anual de Com\u00e9rcio, divulgada pelo Instituto Brasileiro de Geografia e Estat\u00edstica (IBGE), o com\u00e9rcio brasileiro empregou 10,3 milh\u00f5es de pessoas em 2022, um aumento de 157,3 mil em rela\u00e7\u00e3o a 2019, o \u00faltimo ano antes da crise sanit\u00e1ria global. Mas este n\u00famero ainda \u00e9 menor do que o pico hist\u00f3rico de 10,6 milh\u00f5es, registrado em 2014.<\/p>\n<p>A pesquisa abrange 22 setores divididos em tr\u00eas grandes segmentos: com\u00e9rcio varejista, com\u00e9rcio por atacado e com\u00e9rcio de ve\u00edculos, pe\u00e7as e motocicletas. O com\u00e9rcio varejista, com 7,6 milh\u00f5es de empregos, continua a ser o principal respons\u00e1vel pela ocupa\u00e7\u00e3o de trabalhadores no setor. O com\u00e9rcio por atacado empregou 1,9 milh\u00e3o de pessoas, o maior n\u00famero da s\u00e9rie hist\u00f3rica, enquanto o com\u00e9rcio de ve\u00edculos, pe\u00e7as e motocicletas contabilizou 846,2 mil empregos.<\/p>\n<p><a href=\"https:\/\/brasil61.com\/n\/fpm-ultima-parcela-de-julho-ultrapassa-os-r-4-2-bilhoes-bras2412220\">FPM: \u00faltima parcela de julho ultrapassa os R$ 4,2 bilh\u00f5es<\/a><\/p>\n<p><a href=\"http:\/\/https:\/\/brasil61.com\/n\/taxacao-das-blusinhas-e-sancionada-ganha-o-comercio-nacional-mas-e-o-pequeno-comprador-bras2411974\">\u201cTaxa\u00e7\u00e3o das blusinhas\u201d \u00e9 sancionada: ganha o com\u00e9rcio nacional mas, e o pequeno comprador?<\/a><\/p>\n<p>Claudemir Galvani, economista, conselheiro do Conselho Federal de Economia e professor do Departamento de Economia da PUC, explica que o aumento do n\u00famero de pessoas ocupadas no com\u00e9rcio em 2022 deve-se, acima de tudo, ao crescimento econ\u00f4mico geral e ao aumento do PIB.<\/p>\n<p>&#8220;Durante o governo anterior, de 2019 a 2022, o crescimento m\u00e9dio do PIB foi de 1,17% ao ano, com uma queda de 3,9% em 2020 devido \u00e0 pandemia, e uma recupera\u00e7\u00e3o para 2,9% em 2022. Essa recupera\u00e7\u00e3o econ\u00f4mica \u00e9 diretamente refletida no aumento da ocupa\u00e7\u00e3o, especialmente no setor de com\u00e9rcio&#8221;, afirma Galvani.<\/p>\n<p>Ele destaca que, enquanto a agropecu\u00e1ria representa cerca de 7% do PIB e a ind\u00fastria 25,5%, o setor de servi\u00e7os e com\u00e9rcio representa 67,4% do PIB. Em termos de empregabilidade, a agropecu\u00e1ria representa menos de 10% do emprego total, enquanto servi\u00e7os e com\u00e9rcio representam cerca de 70%. No entanto, o sal\u00e1rio m\u00e9dio no com\u00e9rcio \u00e9 relativamente baixo, sendo em torno de dois sal\u00e1rios m\u00ednimos, com o varejo sendo ainda mais baixo, cerca de 1,75 sal\u00e1rios m\u00ednimos.<\/p>\n<p>Denise Kassama, conselheira federal do Conselho Federal de Economia, destaca que a melhoria na gera\u00e7\u00e3o de empregos no com\u00e9rcio reflete a recupera\u00e7\u00e3o econ\u00f4mica geral do pa\u00eds. Ela observa que o crescimento do Produto Interno Bruto (PIB) e o aumento dos empregos de carteira assinada t\u00eam contribu\u00eddo para a melhoria da renda do trabalhador brasileiro.<\/p>\n<p>&#8220;O brasileiro j\u00e1 est\u00e1 podendo comprar ou trocar de televis\u00e3o, comprar ou trocar de motocicleta. \u00c9 porque a renda dele j\u00e1 est\u00e1 permitindo e uma coisa puxa outra. O consumo estimula o com\u00e9rcio, que estimula a ind\u00fastria, que gera emprego, que gera renda&#8221;, destaca.<\/p>\n<h2>Vendas digitais<\/h2>\n<p>Fabio Bentes, economista da Confedera\u00e7\u00e3o Nacional do Com\u00e9rcio de Bens, Servi\u00e7os e Turismo (CNC), ressalta a recupera\u00e7\u00e3o do setor de com\u00e9rcio em rela\u00e7\u00e3o \u00e0 receita operacional, que cresceu 68% desde 2020. Para ele, o com\u00e9rcio virtual auxiliou o setor nesse per\u00edodo.<\/p>\n<p>&#8220;Portanto, em tr\u00eas anos o setor conseguiu crescer bastante em termos de gera\u00e7\u00e3o de receitas e essa recupera\u00e7\u00e3o na receita operacional l\u00edquida se deu, sobretudo, por conta da digitaliza\u00e7\u00e3o do consumo. A quantidade de estabelecimentos comerciais que vendem online cresceu 80% num per\u00edodo em que as vendas no e-commerce brasileiro cresceram 225%&#8221;, informa.<\/p>\n<p>O n\u00famero de neg\u00f3cios que adotaram plataformas online, incluindo sites e redes sociais, saltou de 1,9 mil em 2019 para 3,4 mil em 2022, um aumento de 79,2%. Em termos de porcentagem, o com\u00e9rcio varejista online cresceu de 4,7% para 8% entre 2019 e 2022.<\/p>\n<p>A comerciante Joana dos Santos, de 48 anos, \u00e9 dona de uma loja na Feira Central de Ceil\u00e2ndia (Distrito Federal). Ela explica que durante a pandemia precisou adaptar-se para continuar a vender produtos.<\/p>\n<p>&#8220;Na pandemia eu recebi o aux\u00edlio do governo, mas era um valor bem abaixo das minhas vendas. Como os com\u00e9rcios precisaram ficar fechados, eu precisei vender pela Internet, postava nas redes sociais, como WhatsApp e Instagram, e entregava na casa dos clientes&#8221;, relembra.<\/p>\n<p>Hoje, ela explica que a maior parte das vendas ocorre na loja f\u00edsica, embora ainda use o Instagram e o WhatsApp para anunciar produtos.\u00a0<\/p>\n<h2>Distribui\u00e7\u00e3o regional<\/h2>\n<p>A pesquisa tamb\u00e9m revela a desigualdade regional no setor de com\u00e9rcio. O Sudeste se destaca com 50,6% do pessoal ocupado e 54,6% das remunera\u00e7\u00f5es totais em 2022.<\/p>\n<p>Estados como S\u00e3o Paulo, Minas Gerais, Paran\u00e1, Rio Grande do Sul e Santa Catarina lideram em participa\u00e7\u00e3o no setor.<\/p>\n<h2>Desafios<\/h2>\n<p>Para os pr\u00f3ximos anos, Bentes alerta para o desafio cont\u00ednuo representado pela concorr\u00eancia desleal de produtos importados, especialmente da \u00c1sia, e a necessidade de a\u00e7\u00f5es do governo para proteger o com\u00e9rcio nacional.<\/p>\n<p>&#8220;O com\u00e9rcio brasileiro vai lidar com a enxurrada de produtos, que vem especialmente da \u00c1sia para o Brasil. Obviamente, demanda a\u00e7\u00f5es do governo, do setor p\u00fablico pra ajudar a proteger o com\u00e9rcio. Nesses pa\u00edses, esses produtos s\u00e3o produzidos de forma muito barata e isso acaba gerando uma concorr\u00eancia desleal em rela\u00e7\u00e3o aos pre\u00e7os\u00a0praticados pelos varejistas brasileiros&#8221;, completa.<\/p>\n<p>\t\t\t\t\t\t\t\t\t<img loading=\"lazy\" decoding=\"async\" src=\"https:\/\/brasil61.com\/api\/v1\/serve_pixel\/17677\/73614\" alt=\"Pixel Brasil 61\" class=\"b61_pixel\" width=\"0\" height=\"0\"><\/p>\n<input type=\"hidden\" id=\"baseurl\" value=\"https:\/\/noticiasdestaque.com.br\"><input type=\"hidden\" id=\"audio_nonce\" value=\"6f73a554f1\">","protected":false},"excerpt":{"rendered":"<p>Especialistas apontam crescimento econ\u00f4mico geral e aumento do PIB como fatores que contribu\u00edram para recupera\u00e7\u00e3o<\/p>\n","protected":false},"author":1,"featured_media":15030,"comment_status":"open","ping_status":"open","sticky":false,"template":"","format":"standard","meta":{"fifu_image_url":"","fifu_image_alt":"","footnotes":""},"categories":[59],"tags":[],"class_list":["post-15029","post","type-post","status-publish","format-standard","has-post-thumbnail","hentry","category-economia"],"distributor_meta":false,"distributor_terms":false,"distributor_media":false,"distributor_original_site_name":"Noticias em Destaque","distributor_original_site_url":"https:\/\/noticiasdestaque.com.br","push-errors":false,"_links":{"self":[{"href":"https:\/\/noticiasdestaque.com.br\/index.php\/wp-json\/wp\/v2\/posts\/15029","targetHints":{"allow":["GET"]}}],"collection":[{"href":"https:\/\/noticiasdestaque.com.br\/index.php\/wp-json\/wp\/v2\/posts"}],"about":[{"href":"https:\/\/noticiasdestaque.com.br\/index.php\/wp-json\/wp\/v2\/types\/post"}],"author":[{"embeddable":true,"href":"https:\/\/noticiasdestaque.com.br\/index.php\/wp-json\/wp\/v2\/users\/1"}],"replies":[{"embeddable":true,"href":"https:\/\/noticiasdestaque.com.br\/index.php\/wp-json\/wp\/v2\/comments?post=15029"}],"version-history":[{"count":0,"href":"https:\/\/noticiasdestaque.com.br\/index.php\/wp-json\/wp\/v2\/posts\/15029\/revisions"}],"wp:featuredmedia":[{"embeddable":true,"href":"https:\/\/noticiasdestaque.com.br\/index.php\/wp-json\/wp\/v2\/media\/15030"}],"wp:attachment":[{"href":"https:\/\/noticiasdestaque.com.br\/index.php\/wp-json\/wp\/v2\/media?parent=15029"}],"wp:term":[{"taxonomy":"category","embeddable":true,"href":"https:\/\/noticiasdestaque.com.br\/index.php\/wp-json\/wp\/v2\/categories?post=15029"},{"taxonomy":"post_tag","embeddable":true,"href":"https:\/\/noticiasdestaque.com.br\/index.php\/wp-json\/wp\/v2\/tags?post=15029"}],"curies":[{"name":"wp","href":"https:\/\/api.w.org\/{rel}","templated":true}]}}